{"id":141516,"date":"2013-07-25T00:09:25","date_gmt":"2013-07-25T05:09:25","guid":{"rendered":"http:\/\/www.diarioimagen.net\/?p=141516"},"modified":"2013-07-25T04:38:32","modified_gmt":"2013-07-25T09:38:32","slug":"tlalnepantla-reforesta-la-sierra-de-guadalupe","status":"publish","type":"post","link":"https:\/\/www.diarioimagen.net\/?p=141516","title":{"rendered":"Tlalnepantla reforesta la Sierra de Guadalupe"},"content":{"rendered":"<ul>\n<li><strong><em>Los trabajos se realizan los s\u00e1bados, a partir del 22 de junio y concluir\u00e1n el pr\u00f3ximo 17 de agosto<\/em><\/strong><\/li>\n<\/ul>\n<div id=\"attachment_141570\" style=\"width: 250px\" class=\"wp-caption alignleft\"><a href=\"http:\/\/www.diarioimagen.net\/wp-content\/uploads\/2013\/07\/TLALNEPANTLA-2149.jpg\"><img loading=\"lazy\" decoding=\"async\" aria-describedby=\"caption-attachment-141570\" class=\"size-medium wp-image-141570\" alt=\"Un despliege para reforestar lo que es la Sierra de Guadalupe ha sido implementado y concluir\u00e1 en agosto.\" src=\"http:\/\/www.diarioimagen.net\/wp-content\/uploads\/2013\/07\/TLALNEPANTLA-2149-240x135.jpg\" width=\"240\" height=\"135\" srcset=\"https:\/\/www.diarioimagen.net\/wp-content\/uploads\/2013\/07\/TLALNEPANTLA-2149-240x135.jpg 240w, https:\/\/www.diarioimagen.net\/wp-content\/uploads\/2013\/07\/TLALNEPANTLA-2149-420x236.jpg 420w, https:\/\/www.diarioimagen.net\/wp-content\/uploads\/2013\/07\/TLALNEPANTLA-2149-235x132.jpg 235w, https:\/\/www.diarioimagen.net\/wp-content\/uploads\/2013\/07\/TLALNEPANTLA-2149-202x114.jpg 202w, https:\/\/www.diarioimagen.net\/wp-content\/uploads\/2013\/07\/TLALNEPANTLA-2149-350x196.jpg 350w, https:\/\/www.diarioimagen.net\/wp-content\/uploads\/2013\/07\/TLALNEPANTLA-2149-220x123.jpg 220w, https:\/\/www.diarioimagen.net\/wp-content\/uploads\/2013\/07\/TLALNEPANTLA-2149-237x132.jpg 237w, https:\/\/www.diarioimagen.net\/wp-content\/uploads\/2013\/07\/TLALNEPANTLA-2149.jpg 480w\" sizes=\"auto, (max-width: 240px) 100vw, 240px\" \/><\/a><p id=\"caption-attachment-141570\" class=\"wp-caption-text\">Un despliege para reforestar lo que es la Sierra de Guadalupe ha sido implementado y concluir\u00e1 en agosto.<\/p><\/div>\n<p><strong>Tlalnepantla, Estado de M\u00e9xico<\/strong>.- El gobierno municipal que encabeza Pablo Bas\u00e1\u00f1ez Garc\u00eda, a trav\u00e9s de la Direcci\u00f3n General del Medio Ambiente y su titular, V\u00edctor Hugo Arredondo Ju\u00e1rez, trabajan en la reforestaci\u00f3n de la Sierra de Guadalupe con 50 mil \u00e1rboles en el periodo de junio a agosto del 2013.<\/p>\n<p>Las tareas de reforestaci\u00f3n se realizan todos los s\u00e1bados a partir del 22 de junio y hasta el s\u00e1bado 17 de agosto, en donde participan servidores p\u00fablicos, empresas responsables con el medio ambiente, asociaciones civiles, escuelas y todos aquellos interesados por el cuidado de la ecolog\u00eda, contribuyendo as\u00ed en la preservaci\u00f3n del\u00a0\u00a0medio ambiente, impactando positivamente en la fauna y la vegetaci\u00f3n, se plantar\u00e1n y dar\u00e1n mantenimiento a \u00e1rboles de distintas especies en el predio denominado Cola de Caballo y ejido de San Bartolo Tenayuca, Parque Ecol\u00f3gico Sierra de Guadalupe, en la zona que corresponde a Tlalnepantla.<\/p>\n<p>La Sierra\u00a0de Guadalupe se considera como un \u00c1rea Natural Protegida, inmersa dentro de la Zona Metropolitana del Valle de M\u00e9xico, y abarca cuatro municipios: Coacalco, Ecatepec, Tlalnepantla y Tultitlan, adem\u00e1s de tener una porci\u00f3n correspondiente a la delegaci\u00f3n Gustavo A. Madero.<\/p>\n<p>Jes\u00fas King Flores, jefe del Departamento de Preservaci\u00f3n del Medio Ambiente y el bi\u00f3logo Eduardo Arturo Cruces Becerra, informaron que el tipo de reforestaci\u00f3n que se lleva a cabo es de restauraci\u00f3n, es decir, la recuperaci\u00f3n de masa forestal perdida por incendios, plagas, erosi\u00f3n, cambio de uso de suelo o tala clandestina.<\/p>\n<p>&nbsp;<\/p>\n","protected":false},"excerpt":{"rendered":"<p>El gobierno municipal que encabeza Pablo Bas\u00e1\u00f1ez Garc\u00eda, a trav\u00e9s de la Direcci\u00f3n General del Medio Ambiente y su titular, V\u00edctor Hugo Arredondo Ju\u00e1rez, trabajan en la reforestaci\u00f3n de la Sierra de Guadalupe con 50 mil \u00e1rboles en el periodo de junio a agosto del 2013.<\/p>\n","protected":false},"author":3,"featured_media":141570,"comment_status":"open","ping_status":"open","sticky":false,"template":"","format":"standard","meta":{"_monsterinsights_skip_tracking":false,"_monsterinsights_sitenote_active":false,"_monsterinsights_sitenote_note":"","_monsterinsights_sitenote_category":0,"footnotes":""},"categories":[5],"tags":[43675,169],"class_list":["post-141516","post","type-post","status-publish","format-standard","has-post-thumbnail","hentry","category-estado-de-mexico","tag-estado-de-mexico","tag-tlalnepantla"],"_links":{"self":[{"href":"https:\/\/www.diarioimagen.net\/index.php?rest_route=\/wp\/v2\/posts\/141516","targetHints":{"allow":["GET"]}}],"collection":[{"href":"https:\/\/www.diarioimagen.net\/index.php?rest_route=\/wp\/v2\/posts"}],"about":[{"href":"https:\/\/www.diarioimagen.net\/index.php?rest_route=\/wp\/v2\/types\/post"}],"author":[{"embeddable":true,"href":"https:\/\/www.diarioimagen.net\/index.php?rest_route=\/wp\/v2\/users\/3"}],"replies":[{"embeddable":true,"href":"https:\/\/www.diarioimagen.net\/index.php?rest_route=%2Fwp%2Fv2%2Fcomments&post=141516"}],"version-history":[{"count":0,"href":"https:\/\/www.diarioimagen.net\/index.php?rest_route=\/wp\/v2\/posts\/141516\/revisions"}],"wp:featuredmedia":[{"embeddable":true,"href":"https:\/\/www.diarioimagen.net\/index.php?rest_route=\/wp\/v2\/media\/141570"}],"wp:attachment":[{"href":"https:\/\/www.diarioimagen.net\/index.php?rest_route=%2Fwp%2Fv2%2Fmedia&parent=141516"}],"wp:term":[{"taxonomy":"category","embeddable":true,"href":"https:\/\/www.diarioimagen.net\/index.php?rest_route=%2Fwp%2Fv2%2Fcategories&post=141516"},{"taxonomy":"post_tag","embeddable":true,"href":"https:\/\/www.diarioimagen.net\/index.php?rest_route=%2Fwp%2Fv2%2Ftags&post=141516"}],"curies":[{"name":"wp","href":"https:\/\/api.w.org\/{rel}","templated":true}]}}