{"id":141851,"date":"2013-07-28T12:22:56","date_gmt":"2013-07-28T17:22:56","guid":{"rendered":"http:\/\/www.diarioimagen.net\/?p=141851"},"modified":"2013-07-29T04:02:10","modified_gmt":"2013-07-29T09:02:10","slug":"pentatletas-ganan-oro-en-el-mundial-juvenil","status":"publish","type":"post","link":"https:\/\/www.diarioimagen.net\/?p=141851","title":{"rendered":"Pentatletas ganan oro en el Mundial Juvenil"},"content":{"rendered":"<ul>\n<li><strong>El desempe\u00f1o de Tamara Vega, Mayan Oliver y Mariana Arceo se convirti\u00f3 en el primer t\u00edtulo femenil tricolor en una justa del orbe con l\u00edmite de edad<\/strong><\/li>\n<\/ul>\n<div id=\"attachment_141852\" style=\"width: 250px\" class=\"wp-caption alignleft\"><a href=\"http:\/\/www.diarioimagen.net\/wp-content\/uploads\/2013\/07\/ATLETAS-portal.jpg\"><img loading=\"lazy\" decoding=\"async\" aria-describedby=\"caption-attachment-141852\" class=\"size-medium wp-image-141852\" alt=\"Estaba nerviosa en la semifinal, pero tom\u00e9 confianza y califiqu\u00e9, coment\u00f3 Tamara.\" src=\"http:\/\/www.diarioimagen.net\/wp-content\/uploads\/2013\/07\/ATLETAS-portal-240x135.jpg\" width=\"240\" height=\"135\" srcset=\"https:\/\/www.diarioimagen.net\/wp-content\/uploads\/2013\/07\/ATLETAS-portal-240x135.jpg 240w, https:\/\/www.diarioimagen.net\/wp-content\/uploads\/2013\/07\/ATLETAS-portal-420x236.jpg 420w, https:\/\/www.diarioimagen.net\/wp-content\/uploads\/2013\/07\/ATLETAS-portal-235x132.jpg 235w, https:\/\/www.diarioimagen.net\/wp-content\/uploads\/2013\/07\/ATLETAS-portal-202x114.jpg 202w, https:\/\/www.diarioimagen.net\/wp-content\/uploads\/2013\/07\/ATLETAS-portal-350x196.jpg 350w, https:\/\/www.diarioimagen.net\/wp-content\/uploads\/2013\/07\/ATLETAS-portal-220x123.jpg 220w, https:\/\/www.diarioimagen.net\/wp-content\/uploads\/2013\/07\/ATLETAS-portal-237x132.jpg 237w, https:\/\/www.diarioimagen.net\/wp-content\/uploads\/2013\/07\/ATLETAS-portal.jpg 480w\" sizes=\"auto, (max-width: 240px) 100vw, 240px\" \/><\/a><p id=\"caption-attachment-141852\" class=\"wp-caption-text\">Estaba nerviosa en la semifinal, pero tom\u00e9 confianza y califiqu\u00e9, coment\u00f3 Tamara.<\/p><\/div>\n<p>Las pentatletas tricolores Tamara Vega, Mayan Oliver y Mariana Arceo alcanzaron un logro hist\u00f3rico al quedarse con la medalla de oro en la categor\u00eda de equipos, en la rama femenil, en el Mundial Juvenil que se realiza en la ciudad de Szekesfehervar, en Hungr\u00eda.<\/p>\n<p>El pentatl\u00f3n moderno mexicano alcanz\u00f3\u00a0 una destacada actuaci\u00f3n en las pruebas individuales al ubicarse en la quinta, d\u00e9cima y vig\u00e9simo quinta posiciones, respectivamente, para que sus puntales sumados superaran a los de las representantes de Italia y Polonia.<\/p>\n<p>Tamara Vega fue la mejor de las nacionales con cinco mil 12 unidades, que la ubicaron en la quinta posici\u00f3n en la competencia individual; Oliver concluy\u00f3 las cinco pruebas con cuatro mil 888 y Arceo con cuatro mil 516 para que el pentatl\u00f3n moderno tricolor completara una jornada hist\u00f3rica.<\/p>\n<p><i>Estoy muy contenta porque es mi primer a\u00f1o en esta categor\u00eda y siento que el pr\u00f3ximo tendr\u00e9 resultados mejores\u201d, coment\u00f3 Arceo, quien el 27 de marzo cumpli\u00f3 19 a\u00f1os.<\/i><\/p>\n<p>La h\u00fangara Zsofia Foldazhi fue la mejor en la prueba individual, en la que participaron las mejores 36 atletas luego de que el jueves se realiz\u00f3 un corte de 60 inscritas, al totalizar cinco mil 252 unidades; la plata fue para la ucraniana Anastasiya Spas con cinco mil 232 y el podio fue completado con la italiana Gloria Tocchi con cinco mil 200.<\/p>\n<p>Tamara Vega, quien hace dos a\u00f1os fue monarca en el Mundial Juvenil que se realiz\u00f3 en Estambul en la categor\u00eda infantil, registr\u00f3 la tercera mejor marca en la prueba combinada de carrera y tiro con lo que escal\u00f3 siete posiciones para concluir con la quinta plaza<\/p>\n","protected":false},"excerpt":{"rendered":"<p>Las pentatletas tricolores Tamara Vega, Mayan Oliver y Mariana Arceo alcanzaron un logro hist\u00f3rico al quedarse con la medalla de oro en la categor\u00eda de equipos, en la rama femenil, en el Mundial Juvenil que se realiza en la ciudad de Szekesfehervar, en Hungr\u00eda.<\/p>\n","protected":false},"author":5,"featured_media":141852,"comment_status":"open","ping_status":"open","sticky":false,"template":"","format":"standard","meta":{"_monsterinsights_skip_tracking":false,"_monsterinsights_sitenote_active":false,"_monsterinsights_sitenote_note":"","_monsterinsights_sitenote_category":0,"footnotes":""},"categories":[10],"tags":[],"class_list":["post-141851","post","type-post","status-publish","format-standard","has-post-thumbnail","hentry","category-deportes"],"_links":{"self":[{"href":"https:\/\/www.diarioimagen.net\/index.php?rest_route=\/wp\/v2\/posts\/141851","targetHints":{"allow":["GET"]}}],"collection":[{"href":"https:\/\/www.diarioimagen.net\/index.php?rest_route=\/wp\/v2\/posts"}],"about":[{"href":"https:\/\/www.diarioimagen.net\/index.php?rest_route=\/wp\/v2\/types\/post"}],"author":[{"embeddable":true,"href":"https:\/\/www.diarioimagen.net\/index.php?rest_route=\/wp\/v2\/users\/5"}],"replies":[{"embeddable":true,"href":"https:\/\/www.diarioimagen.net\/index.php?rest_route=%2Fwp%2Fv2%2Fcomments&post=141851"}],"version-history":[{"count":0,"href":"https:\/\/www.diarioimagen.net\/index.php?rest_route=\/wp\/v2\/posts\/141851\/revisions"}],"wp:featuredmedia":[{"embeddable":true,"href":"https:\/\/www.diarioimagen.net\/index.php?rest_route=\/wp\/v2\/media\/141852"}],"wp:attachment":[{"href":"https:\/\/www.diarioimagen.net\/index.php?rest_route=%2Fwp%2Fv2%2Fmedia&parent=141851"}],"wp:term":[{"taxonomy":"category","embeddable":true,"href":"https:\/\/www.diarioimagen.net\/index.php?rest_route=%2Fwp%2Fv2%2Fcategories&post=141851"},{"taxonomy":"post_tag","embeddable":true,"href":"https:\/\/www.diarioimagen.net\/index.php?rest_route=%2Fwp%2Fv2%2Ftags&post=141851"}],"curies":[{"name":"wp","href":"https:\/\/api.w.org\/{rel}","templated":true}]}}