{"id":141878,"date":"2013-07-29T00:01:47","date_gmt":"2013-07-29T05:01:47","guid":{"rendered":"http:\/\/www.diarioimagen.net\/?p=141878"},"modified":"2013-07-29T04:04:20","modified_gmt":"2013-07-29T09:04:20","slug":"la-feria-de-las-flores-en-medellin-colombia-del-2-al-11-de-agosto","status":"publish","type":"post","link":"https:\/\/www.diarioimagen.net\/?p=141878","title":{"rendered":"La Feria de las Flores, en Medell\u00edn, Colombia, del 2 al 11 de agosto"},"content":{"rendered":"<h2>De cinco estrellas<\/h2>\n<h5>Victoria Gonz\u00e1lez Prado<\/h5>\n<p>&nbsp;<\/p>\n<ul>\n<li><em><strong>El XX Congreso Nacional de Turismo de Reuniones, del 7 al 9 de agosto, en Tijuana, BC<\/strong><\/em><\/li>\n<li><em><strong>Agencia de viajes online y tarjeta de cr\u00e9dito ofrecen beneficios a los viajeros<\/strong><\/em><\/li>\n<li><strong>The Palms Hotel &amp; Spa<\/strong><em><strong> en verano, tiene interesantes promociones para disfrutar las vacaciones<\/strong><\/em><\/li>\n<li><em><strong>\u00a0<\/strong><\/em><\/li>\n<\/ul>\n<div id=\"attachment_141904\" style=\"width: 250px\" class=\"wp-caption alignleft\"><a href=\"http:\/\/www.diarioimagen.net\/wp-content\/uploads\/2013\/07\/turismo-21511.jpg\"><img loading=\"lazy\" decoding=\"async\" aria-describedby=\"caption-attachment-141904\" class=\"size-medium wp-image-141904\" alt=\"Ni\u00f1os y ni\u00f1as tambi\u00e9n participan en la Feria de las Flores de Medell\u00edn.\" src=\"http:\/\/www.diarioimagen.net\/wp-content\/uploads\/2013\/07\/turismo-21511-240x135.jpg\" width=\"240\" height=\"135\" srcset=\"https:\/\/www.diarioimagen.net\/wp-content\/uploads\/2013\/07\/turismo-21511-240x135.jpg 240w, https:\/\/www.diarioimagen.net\/wp-content\/uploads\/2013\/07\/turismo-21511-420x236.jpg 420w, https:\/\/www.diarioimagen.net\/wp-content\/uploads\/2013\/07\/turismo-21511-235x132.jpg 235w, https:\/\/www.diarioimagen.net\/wp-content\/uploads\/2013\/07\/turismo-21511-202x114.jpg 202w, https:\/\/www.diarioimagen.net\/wp-content\/uploads\/2013\/07\/turismo-21511-350x196.jpg 350w, https:\/\/www.diarioimagen.net\/wp-content\/uploads\/2013\/07\/turismo-21511-220x123.jpg 220w, https:\/\/www.diarioimagen.net\/wp-content\/uploads\/2013\/07\/turismo-21511-237x132.jpg 237w, https:\/\/www.diarioimagen.net\/wp-content\/uploads\/2013\/07\/turismo-21511.jpg 480w\" sizes=\"auto, (max-width: 240px) 100vw, 240px\" \/><\/a><p id=\"caption-attachment-141904\" class=\"wp-caption-text\">Ni\u00f1os y ni\u00f1as tambi\u00e9n participan en la Feria de las Flores de Medell\u00edn.<\/p><\/div>\n<p>La Feria de las Flores, en Medell\u00edn, Colombia, es la fiesta cultural m\u00e1s importante de Antioquia y una de las m\u00e1s representativas de ese pa\u00eds, adem\u00e1s de que con los a\u00f1os se ha convertido en un evento incluyente, con diversas actividades y escenarios que permiten la adecuada interacci\u00f3n ciudadana y la permanencia de valores y tradiciones. Medell\u00edn es conocida como la \u201cCiudad de la eterna primavera\u201d, florece en todo su esplendor y los balcones, las terrazas, los jardines y las vallas se inundan de flores, la feria tiene una duraci\u00f3n de 10 d\u00edas y se celebra cada a\u00f1o; en esta ocasi\u00f3n, del 2 al 11 de agosto. El evento anual ofrece a los visitantes m\u00e1s de 140 eventos culturales, tradicionales y modernos como: La Feria Nacional Equina, Festival de Orquestas, Festival Nacional de la Trova, desfile de carros cl\u00e1sicos y antiguos, caminata canina, tablados musicales y culturales, Festival del Recuerdo y de la Canci\u00f3n Popular, Concurso de Mujeres Talento, caravana de chivas, Campeonato Nacional de Sonido sobre Ruedas, entre otros. La Feria de las Flores es uno de los eventos culturales m\u00e1s representativos de Colombia, re\u00fane a todos los antioque\u00f1os y a miles de turistas que visitan la ciudad de Medell\u00edn, convertida, por estos d\u00edas, en un espacio que vibra con las flores, la alegr\u00eda, la m\u00fasica y la diversi\u00f3n. La primera Feria de las Flores tuvo lugar el 1 de mayo de 1957, con una duraci\u00f3n de cinco d\u00edas. La programaci\u00f3n inclu\u00eda casetas para bailes, ubicadas en diferentes sitios de la ciudad para que el pueblo pudiera divertirse. Para buscar alguna novedad e integrar a los paisas en la fiesta, uno de los ilustres antioque\u00f1os, <b>Arturo Uribe<\/b>, propuso el desfile de los silleteros. Para esa ocasi\u00f3n, invit\u00f3 a los silleteros del corregimiento de Santa Elena, que tradicionalmente, de generaci\u00f3n en generaci\u00f3n, se dedicaban a la producci\u00f3n de flores. La invitaci\u00f3n fue aceptada por 40 silleteros y el desfile enamor\u00f3 a los espectadores atra\u00eddos por la belleza de las flores y el colorido del espect\u00e1culo. El evento m\u00e1s representativo de la feria es, sin duda alguna, el Desfile de los Silleteros, campesinos que producen hermosos arreglos de flores y los cargan en sus espaldas, reconocido como Patrimonio Cultural de Colombia. Las silletas, construidas en madera, con un espaldar y dos agarraderas que permiten colgarlas en los hombros, fueron utilizadas en la \u00e9poca de la Colonia para transportar personas en las monta\u00f1as de Antioquia. La figura m\u00e1s emblem\u00e1tica de esta tradici\u00f3n es la legendaria Mar\u00eda \u201cLa Larga\u201d, silletera y andariega que transportaba ni\u00f1os en su espalda. Mar\u00eda y su novedoso sistema de desplazamiento convencieron a muchos campesinos de la regi\u00f3n para llevar sus cargas florales en las espaldas y as\u00ed traerlas a la ciudad de manera m\u00e1s r\u00e1pida, c\u00f3moda, segura y menos desgastante. Cada a\u00f1o, hombres, mujeres y ni\u00f1os llevan con mucho orgullo en sus espaldas la representaci\u00f3n de sus vidas, de su historia, de su tierra y de su cultura, ya que las flores han hecho parte de su desarrollo.<\/p>\n<p>\u2730\u2730\u2730\u2730\u2730\u00a0El XX Congreso Nacional de Turismo de Reuniones, tendr\u00e1 lugar del 7 al 9 de agosto en Tijuana, Baja California. \u201cEstamos organizando este congreso con el objetivo de promover la difusi\u00f3n de nuevos productos especializados en Turismo de Reuniones, apoyar el desarrollo de cadenas productivas, capacitar a prestadores de servicios especializados en congresos, convenciones, ferias, asociaciones y viajes de incentivo para lograr que M\u00e9xico cuente con destinos m\u00e1s competitivos\u201d, asegur\u00f3 <b>Mart\u00edn Pacheco<\/b>,<b> <\/b>director general de Desarrollo de Productos Tur\u00edsticos de la Sectur, mientras que <b>Benjam\u00edn Tintos<\/b>, asegur\u00f3 que la importancia de este congreso para Baja California: \u201ces una ocasi\u00f3n muy especial, el turismo en nuestro estado se da por muchos motivos, contamos con un calendario de m\u00e1s de 300 eventos, somos el segundo puerto en turismo de cruceros a nivel nacional, tenemos 120 vuelos diarios, una excelente conectividad a\u00e9rea y en turismo de reuniones tenemos una oferta incomparable\u201d.<\/p>\n<p>\u2730\u2730\u2730\u2730\u2730\u00a0La agencia de viajes en l\u00ednea <i>PriceTravel <\/i>y <i>Scotiabank<\/i> anunciaron una nueva alianza estrat\u00e9gica con la participaci\u00f3n de la agencia <i>online<\/i> en la plataforma de beneficios <i>Scotia Select.<\/i>\u00a0Para la agencia de viajes esta alianza significa continuar uniendo esfuerzos con socios comerciales de gran prestigio que trabajan con valores compartidos como la honestidad, excelencia y calidad de primer nivel. \u201cPara nosotros es un orgullo poder trabajar con <i>Scotiabank<\/i> y brindar beneficios exclusivos a sus clientes ofreci\u00e9ndoles las mejores y m\u00e1s variadas experiencias de viaje\u201d, dijo <b>Esteban Vel\u00e1squez<\/b>, director general de la agencia de viajes. \u201cNos complace mucho esta alianza con <i>PriceTravel<\/i>, una empresa l\u00edder en el sector tur\u00edstico con gran reconocimiento en M\u00e9xico y el mundo. Estamos ansiosos por ver el \u00e9xito que obtendremos al combinar las fortalezas de ambas compa\u00f1\u00edas y ofrecer beneficios tangibles que significar\u00e1n ahorros a nuestros tarjetahabientes\u201d, afirm\u00f3 <b>Ricardo Torres Ortiz<\/b>, director ejecutivo de la Tarjeta de Cr\u00e9dito bancaria y agreg\u00f3 que <i>ScotiaSelect <\/i>es una plataforma <i>online<\/i> para dar ofertas y descuentos a los clientes con tarjeta de cr\u00e9dito <i>Scotiabank<\/i> en categor\u00edas como viajes, restaurantes, boutiques, entretenimiento, cumplea\u00f1os y servicios. Algunos de los beneficios que nuestros clientes obtendr\u00e1n al comprar su pr\u00f3ximo viaje mediante <i>Scotia Select<\/i> son meses sin intereses en todas las reservaciones, ya sean hoteles, avi\u00f3n o paquetes, descuentos permanentes, dobles puntos en el programa <i>Scotia Rewards<\/i>, entre otros.\u00a0 La agencia <i>online<\/i> ofrecer\u00e1 un servicio integral de viajes a todos los clientes de tarjeta de cr\u00e9dito <i>Scotiabank,<\/i> a trav\u00e9s de la p\u00e1gina\u00a0<a href=\"http:\/\/www.scotiaselect.com.mx\/reservaenlinea\">www.scotiaselect.com.mx\/reservaenlinea<\/a>. Tambi\u00e9n recibir\u00e1n diversas ofertas mensuales v\u00eda <i>e-newsletters<\/i> y en su estado de cuenta.<\/p>\n<p><i>\u2730\u2730\u2730\u2730\u2730\u00a0The Palms<\/i> es un verdadero\u00a0hotel de playa, un destino sereno y tropical con un estilo <i>boutique<\/i>, un lugar donde el mimarse, relajarse de verdad y recuperar la sensaci\u00f3n de bienestar son el centro de la experiencia de cada hu\u00e9sped. <i>The Palms Hotel &amp; Spa<\/i> ofrece<b>\u00a0<\/b>comida y bebidas en el Tiki Bar,\u00a0ubicado al lado de la piscina, y un\u00a0<i>4-6-8-10<\/i><b>\u00a0<\/b><i>Tiki Tuesdays Happy Hour,\u00a0<\/i>todos los martes de verano de\u00a016:00 a 20:00 horas, donde se ofrecen bebidas y comidas especiales a 4, 6, 8 y 10 d\u00f3lares.\u00a0El Tiki Bar est\u00e1 rodeado de palmeras que se mecen con las brisa del mar y ofrece hermosas vistas sobre un exuberante jard\u00edn tropical, la piscina y la playa.\u00a0\u00a0Este bar de madera con techos de paja al estilo Tiki, es parte del ambiente relajado tan t\u00edpico de Miami Beach, un verdadero santuario inspirado en la naturaleza.\u00a0\u00a0En sus alrededores puedes elegir una hamaca si deseas descansar, bebida en mano; o juntarte con amigos y disfrutar de una jarra de bebida tropical y muestras del men\u00fa fresco del Tiki Bar.\u00a0\u00a0El men\u00fa incluye especialidades del chef, ideales para la playa, tales como sandwiches de pescado a la parrilla, hamburguesas gourmet y ensaladas frescas. El Tiki Bar ofrece la bebida del d\u00eda, que cambia regularmente.\u00a0\u00a0Las bebidas son frescas y naturales, y el men\u00fa incluye cl\u00e1sicos como mojitos, caipiri\u00f1as, pi\u00f1a coladas, daiquir\u00eds o bebidas que llevan la firma del bar,\u00a0como \u00a0<i>Miami Passion<\/i>\u00a0o el\u00a0<i>Cucumber Cooler<\/i>, y jarras de bebidas frescas como\u00a0<i>Summer Sangr\u00eda<\/i>.\u00a0\u00a0El Tiki Bar atiende de las 11:00 a las 20:00 horas. Los hu\u00e9spedes que desean disfrutar de mayor privacidad, tienen la opci\u00f3n de alquilar una caba\u00f1a privada, a pasos de la piscina.\u00a0\u00a0Estas caba\u00f1as est\u00e1n rodeadas de cortinas y tienen dos reposeras de playa, una mesa dentro y dos reposeras afuera; un televisor de 23 pulgadas <i>Smart LED<\/i> con <i>Direct TV;<\/i> una hielera y un cargador de <i>iPod.\u00a0\u00a0<\/i>El servicio incluye conexi\u00f3n inal\u00e1mbrica a internet y dos botellas de agua mineral, con y sin gas.\u00a0La capacidad m\u00e1xima es de cuatro personas.\u00a0El servicio se puede reservar con el conserje del hotel, y tiene un precio de 125 d\u00f3lares al d\u00eda.\u00a0 A pocos minutos del coraz\u00f3n de <i>South Beach<\/i>, <i>The Palms Hotel &amp; Spa<\/i> ha sido distinguido con Cuatro Diamantes de la AAA, es parte de la colecci\u00f3n exclusiva <i>Preferred Hotels &amp; Resorts, <\/i>y es uno de los pocos hoteles con servicio completo ubicados sobre la playa de Miami <i>Beach,<\/i> de propiedad y administraci\u00f3n privada.\u00a0\u00a0<i>The Palms Hotel &amp; Spa<\/i> est\u00e1\u00a0inspirado en la naturaleza. El clima tropical, las flores ex\u00f3ticas, las palmeras y los \u00e1rboles en los jardines, la proximidad a las aguas cristalinas del oc\u00e9ano Atl\u00e1ntico, las playas de arenas blancas, la vida marina y la vegetaci\u00f3n de las dunas que rodean este santuario reflejan la filosof\u00eda de la propiedad. Cuenta con una\u00a0piscina climatizada, y una ubicaci\u00f3n ideal directamente frente a\u00a0la playa\u00a0\u00a0\u00a0Los<b>\u00a0<\/b>exuberantes jardines proveen un ambiente relajado y tropical y son el hogar de una gran variedad de palmeras, orqu\u00eddeas ex\u00f3ticas, aves del para\u00edso, hamacas, caba\u00f1as privadas. El hotel ha adoptado un tramo de playa entre las calles 29 y 32 de Collins, en conjunto con la ciudad de <i>Miami Beach<\/i> y la organizaci\u00f3n ECOMB.\u00a0\u00a0El programa de adoptar una playa no s\u00f3lo se limita al recoger la basura, sino tambi\u00e9n refuerza los lazos de la comunidad para poder encontrar juntos soluciones\u00a0\u00a0para\u00a0la preservaci\u00f3n de la orilla del mar y de la vida marina.\u00a0\u00a0El programa se dedica a construir un mundo m\u00e1s limpio, m\u00e1s sano y m\u00e1s diverso para las futuras generaciones.<\/p>\n<p><i><em><a href=\"mailto:victoriagprado@gmail.com\" target=\"_blank\">victoriagprado@gmail.com<\/a><\/em><\/i><\/p>\n","protected":false},"excerpt":{"rendered":"<p>La Feria de las Flores, en Medell\u00edn, Colombia, es la fiesta cultural m\u00e1s importante de Antioquia y una de las m\u00e1s representativas de ese pa\u00eds, adem\u00e1s de que con los a\u00f1os se ha convertido en un evento incluyente, con diversas actividades y escenarios que permiten la adecuada interacci\u00f3n ciudadana y la permanencia de valores y tradiciones.<\/p>\n","protected":false},"author":1,"featured_media":141904,"comment_status":"open","ping_status":"open","sticky":false,"template":"","format":"standard","meta":{"_monsterinsights_skip_tracking":false,"_monsterinsights_sitenote_active":false,"_monsterinsights_sitenote_note":"","_monsterinsights_sitenote_category":0,"footnotes":""},"categories":[11],"tags":[107,43681,106],"class_list":["post-141878","post","type-post","status-publish","format-standard","has-post-thumbnail","hentry","category-turismo","tag-de-cinco-estrellas","tag-turismo","tag-victoria-gonzalez-prado"],"_links":{"self":[{"href":"https:\/\/www.diarioimagen.net\/index.php?rest_route=\/wp\/v2\/posts\/141878","targetHints":{"allow":["GET"]}}],"collection":[{"href":"https:\/\/www.diarioimagen.net\/index.php?rest_route=\/wp\/v2\/posts"}],"about":[{"href":"https:\/\/www.diarioimagen.net\/index.php?rest_route=\/wp\/v2\/types\/post"}],"author":[{"embeddable":true,"href":"https:\/\/www.diarioimagen.net\/index.php?rest_route=\/wp\/v2\/users\/1"}],"replies":[{"embeddable":true,"href":"https:\/\/www.diarioimagen.net\/index.php?rest_route=%2Fwp%2Fv2%2Fcomments&post=141878"}],"version-history":[{"count":0,"href":"https:\/\/www.diarioimagen.net\/index.php?rest_route=\/wp\/v2\/posts\/141878\/revisions"}],"wp:featuredmedia":[{"embeddable":true,"href":"https:\/\/www.diarioimagen.net\/index.php?rest_route=\/wp\/v2\/media\/141904"}],"wp:attachment":[{"href":"https:\/\/www.diarioimagen.net\/index.php?rest_route=%2Fwp%2Fv2%2Fmedia&parent=141878"}],"wp:term":[{"taxonomy":"category","embeddable":true,"href":"https:\/\/www.diarioimagen.net\/index.php?rest_route=%2Fwp%2Fv2%2Fcategories&post=141878"},{"taxonomy":"post_tag","embeddable":true,"href":"https:\/\/www.diarioimagen.net\/index.php?rest_route=%2Fwp%2Fv2%2Ftags&post=141878"}],"curies":[{"name":"wp","href":"https:\/\/api.w.org\/{rel}","templated":true}]}}