{"id":142129,"date":"2013-07-30T00:09:58","date_gmt":"2013-07-30T05:09:58","guid":{"rendered":"http:\/\/www.diarioimagen.net\/?p=142129"},"modified":"2013-07-30T05:02:16","modified_gmt":"2013-07-30T10:02:16","slug":"los-caballeros-templarios-mataron-al-vicealmirante","status":"publish","type":"post","link":"https:\/\/www.diarioimagen.net\/?p=142129","title":{"rendered":"<i>Los Caballeros Templarios<\/i> mataron al vicealmirante"},"content":{"rendered":"<ul>\n<li><em><strong>Los tres sujetos capturados ayer afirmaron estar al servicio del grupo delictivo que les paga 7,500 pesos al mes por delinquir<\/strong><\/em><\/li>\n<\/ul>\n<p>&nbsp;<\/p>\n<div id=\"attachment_142131\" style=\"width: 250px\" class=\"wp-caption alignleft\"><a href=\"http:\/\/www.diarioimagen.net\/wp-content\/uploads\/2013\/07\/Murillo-2152.jpg\"><img loading=\"lazy\" decoding=\"async\" aria-describedby=\"caption-attachment-142131\" class=\"size-medium wp-image-142131\" alt=\"El procurador general de la Rep\u00fablica, Jes\u00fas Murillo Karam, inform\u00f3 de las estrategias que se han desplegado en Michoac\u00e1n para combatir la delincuencia.\" src=\"http:\/\/www.diarioimagen.net\/wp-content\/uploads\/2013\/07\/Murillo-2152-240x135.jpg\" width=\"240\" height=\"135\" srcset=\"https:\/\/www.diarioimagen.net\/wp-content\/uploads\/2013\/07\/Murillo-2152-240x135.jpg 240w, https:\/\/www.diarioimagen.net\/wp-content\/uploads\/2013\/07\/Murillo-2152-420x236.jpg 420w, https:\/\/www.diarioimagen.net\/wp-content\/uploads\/2013\/07\/Murillo-2152-235x132.jpg 235w, https:\/\/www.diarioimagen.net\/wp-content\/uploads\/2013\/07\/Murillo-2152-202x114.jpg 202w, https:\/\/www.diarioimagen.net\/wp-content\/uploads\/2013\/07\/Murillo-2152-350x196.jpg 350w, https:\/\/www.diarioimagen.net\/wp-content\/uploads\/2013\/07\/Murillo-2152-220x123.jpg 220w, https:\/\/www.diarioimagen.net\/wp-content\/uploads\/2013\/07\/Murillo-2152-237x132.jpg 237w, https:\/\/www.diarioimagen.net\/wp-content\/uploads\/2013\/07\/Murillo-2152.jpg 480w\" sizes=\"auto, (max-width: 240px) 100vw, 240px\" \/><\/a><p id=\"caption-attachment-142131\" class=\"wp-caption-text\">El procurador general de la Rep\u00fablica, Jes\u00fas Murillo Karam, inform\u00f3 de las estrategias que se han desplegado en Michoac\u00e1n para combatir la delincuencia.<\/p><\/div>\n<p>Tres de los presuntos responsables del homicidio del comandante de la Octava Zona Naval, Carlos Salazar Ramonet y de un marino m\u00e1s, fueron detenidos, inform\u00f3 el titular de la Procuradur\u00eda General de la Rep\u00fablica (PGR), Jes\u00fas Murillo Karam.<\/p>\n<p>El procurador refiri\u00f3 que los tres detenidos reconocieron haber participado en los hechos, ser parte del grupo autodenominado <i>Los Caballeros Templarios<\/i> y haber recibido siete mil 500 pesos al mes por cometer diversos delitos, entre ellos asalto y secuestro.<\/p>\n<p>Agreg\u00f3 que a las 12:30 horas del domingo, Salazar Ramonet regresaba a su base naval, ubicada en Puerto Vallarta, Jalisco, tras pasar el fin de semana con su familia e iba acompa\u00f1ado por su esposa, un ayudante y un chofer a bordo de una camioneta que circulaba por la autopista Atlacomulco-Guadalajara.<\/p>\n<p>Detall\u00f3 que al enterase de que la carretera estaba bloqueada decidi\u00f3 tomar una ruta alterna para llegar a tiempo a sus labores y sigui\u00f3 un camino secundario, pero en el trayecto fue interceptado por un veh\u00edculo que le cerr\u00f3 el paso y sus tripulantes les exigieron identificarse.<\/p>\n<p>En poco tiempo arrib\u00f3 otra camioneta con sujetos fuertemente armados, que empezaron a disparar a los marinos, por lo que el vicealmirante alcanz\u00f3 a cubrir a su esposa en el piso de la camioneta y trat\u00f3 de repeler la agresi\u00f3n, pero no lo logr\u00f3 y, al igual que su ayudante, falleci\u00f3.<\/p>\n<p>Murillo Karam resalt\u00f3 que en el operativo en Michoac\u00e1n se han generado estrategias distintas para combatir la delincuencia y una de ellas es la alerta que se da cuando sucede un evento como \u00e9ste, para una inmediata intervenci\u00f3n, gracias a lo que una unidad operativa de las fuerzas armadas lograron identificar la camioneta.<\/p>\n","protected":false},"excerpt":{"rendered":"<p>Tres de los presuntos responsables del homicidio del comandante de la Octava Zona Naval, Carlos Salazar Ramonet y de un marino m\u00e1s, fueron detenidos, inform\u00f3 el titular de la Procuradur\u00eda General de la Rep\u00fablica (PGR), Jes\u00fas Murillo Karam.<\/p>\n","protected":false},"author":1,"featured_media":142131,"comment_status":"open","ping_status":"open","sticky":false,"template":"","format":"standard","meta":{"_monsterinsights_skip_tracking":false,"_monsterinsights_sitenote_active":false,"_monsterinsights_sitenote_note":"","_monsterinsights_sitenote_category":0,"footnotes":""},"categories":[7],"tags":[5428,43677],"class_list":["post-142129","post","type-post","status-publish","format-standard","has-post-thumbnail","hentry","category-seguridad","tag-jesus-murillo-karam","tag-seguridad"],"_links":{"self":[{"href":"https:\/\/www.diarioimagen.net\/index.php?rest_route=\/wp\/v2\/posts\/142129","targetHints":{"allow":["GET"]}}],"collection":[{"href":"https:\/\/www.diarioimagen.net\/index.php?rest_route=\/wp\/v2\/posts"}],"about":[{"href":"https:\/\/www.diarioimagen.net\/index.php?rest_route=\/wp\/v2\/types\/post"}],"author":[{"embeddable":true,"href":"https:\/\/www.diarioimagen.net\/index.php?rest_route=\/wp\/v2\/users\/1"}],"replies":[{"embeddable":true,"href":"https:\/\/www.diarioimagen.net\/index.php?rest_route=%2Fwp%2Fv2%2Fcomments&post=142129"}],"version-history":[{"count":0,"href":"https:\/\/www.diarioimagen.net\/index.php?rest_route=\/wp\/v2\/posts\/142129\/revisions"}],"wp:featuredmedia":[{"embeddable":true,"href":"https:\/\/www.diarioimagen.net\/index.php?rest_route=\/wp\/v2\/media\/142131"}],"wp:attachment":[{"href":"https:\/\/www.diarioimagen.net\/index.php?rest_route=%2Fwp%2Fv2%2Fmedia&parent=142129"}],"wp:term":[{"taxonomy":"category","embeddable":true,"href":"https:\/\/www.diarioimagen.net\/index.php?rest_route=%2Fwp%2Fv2%2Fcategories&post=142129"},{"taxonomy":"post_tag","embeddable":true,"href":"https:\/\/www.diarioimagen.net\/index.php?rest_route=%2Fwp%2Fv2%2Ftags&post=142129"}],"curies":[{"name":"wp","href":"https:\/\/api.w.org\/{rel}","templated":true}]}}