{"id":142202,"date":"2013-07-31T00:05:55","date_gmt":"2013-07-31T05:05:55","guid":{"rendered":"http:\/\/www.diarioimagen.net\/?p=142202"},"modified":"2013-08-01T03:02:26","modified_gmt":"2013-08-01T08:02:26","slug":"gobernador-dudoso","status":"publish","type":"post","link":"https:\/\/www.diarioimagen.net\/?p=142202","title":{"rendered":"Gobernador dudoso"},"content":{"rendered":"<h2>De frente y de perfil<\/h2>\n<h5>Ram\u00f3n Zurita Sahag\u00fan<\/h5>\n<p><span><br \/>\nLos se\u00f1alamientos que le hacen al gobernador interino de Michoac\u00e1n, Jes\u00fas Reyna, de pertenecer al grupo de \u201cLos Caballeros Templarios\u201d, no son nuevos en el terreno de acusaciones a mandatarios estatales de estar coludidos con el crimen organizado.<\/span><\/p>\n<p>Desde hace tiempo, las denuncias se suceden unas a otras, aunque ninguna de ellas con la veracidad suficiente que conlleve a una investigaci\u00f3n real y profunda por parte del gobierno federal.<\/p>\n<p>En el terreno de los pol\u00edticos no son tratados con el mismo rasero que los individuos que no re\u00fanen esa caracter\u00edstica, los que son sometidos \u2014hasta la fecha- al acoso de las autoridades y hasta al encierro, sin pruebas contundentes que establezcan la supuesta relaci\u00f3n con el crimen organizado.<\/p>\n<p>Desde que se puso en boga el uso\u00a0de figuras como testigo protegido o denuncia an\u00f3nima, las irregularidades abundan y los personajes que han sido vejados y expuestos al escarnio p\u00fablico se cuentan por centenas.<\/p>\n<p>Sin embargo, hasta el momento no se conoce de un solo de los casos en que gobernadores en funciones o ex mandatarios hubiesen sido sometidos al mismo tratamiento que los ciudadanos de a pie.<\/p>\n<p>Por eso, llama la atenci\u00f3n de la revelaci\u00f3n que se hace sobre la supuesta conducta il\u00edcita del gobernador Reyna y la acusaci\u00f3n que de hecho hizo uno de los personajes involucrados en los grupos de autodefensa de esa entidad.<\/p>\n<p>Los datos proporcionados por Jos\u00e9 Manuel Mireles, del Consejo Ciudadano de Autodefensa de Tepalcatepec, son f\u00e1ciles de corroborar, por lo que no ser\u00e1 nada dif\u00edcil hacerlo.<\/p>\n<p>Seg\u00fan Mireles, la esposa de Jes\u00fas Reyna es hermana de la esposa de Servando G\u00f3mez \u201cLa Tuta\u201d, l\u00edder del grupo conocido como \u201cLos Caballeros Templarios\u201d.<\/p>\n<p>En Michoac\u00e1n no existe el estado de Derecho, el gobernador interino es uno de \u201cLos Templarios\u201d, muchos de los presidentes municipales y de los cuerpos de la Polic\u00eda Municipal en la entidad, los cuerpos de la Polic\u00eda Estatal y los ministerios p\u00fablicos son parte del crimen organizado. Todo eso nos consta, sostiene Mireles.<\/p>\n<p>Otros de los puntos f\u00e1ciles de comprobar es la posible asistencia del gobernador Reyna al sepelio del pap\u00e1 de Nazario Moreno \u201cEl Chayo\u201d, ya que, seg\u00fan Mireles, les informaron que ah\u00ed estuvo presente el gobernador interino y la c\u00fapula del crimen organizado de Michoac\u00e1n; sin embargo, no supimos en ning\u00fan momento que haya habido alguna detenci\u00f3n\u201d.<\/p>\n<p>\u201cHay muchas mentiras, como eso de la muerte de \u201cEl Chayo\u201d, que hasta lo velaron con marchas y su novenario porque lo hab\u00edan dizque ejecutado los federales, pero no es cierto, el se\u00f1or ah\u00ed anda todav\u00eda planeando ataques contra nosotros\u201d, exclam\u00f3.<\/p>\n<p>Por eso, el gobernador Jes\u00fas Reyna, a\u00f1ade, nada m\u00e1s se ha dedicado a difamar y a denostar nuestro movimiento, incluso se atrevi\u00f3 a decir varias veces que\u00a0 \u00e9ramos un grupo de 30 revoltosos criminales. Mireles explica que los grupos de autodefensa iniciaron por la falta de apoyo del municipio y del estado, \u2028\u201cla frase cl\u00e1sica de este tipejo cada vez que hay muertos, cada vez que hay ejecuciones dice que \u2018aqu\u00ed no pasa nada\u2019 y ya\u201d.<\/p>\n<p>Es duro el se\u00f1alamiento y reclamo que se hace en contra de Reyna, por lo que valdr\u00eda la pena que, ahora s\u00ed, las autoridades iniciar\u00e1n una investigaci\u00f3n para deslindar responsabilidades o iniciar el enjuiciamiento, en caso de ser necesario.<\/p>\n<p>Y es que Michoac\u00e1n sigue sometido a un ba\u00f1o de sangre, donde hay informaci\u00f3n que no trasciende, pero que se filtra por otros lados, donde se habla de m\u00e1s muertos que el vicealmirante, su chofer y otros dos federales ca\u00eddos en combate.<\/p>\n<p>La llegada de m\u00e1s efectivos de seguridad y de las fuerzas armadas no ha podido contener la violencia en el estado que fue seleccionado por el gobierno pasado como laboratorio de su guerra contra la delincuencia organizada.<\/p>\n<p>Pero tambi\u00e9n valdr\u00eda la pena escudri\u00f1ar por todos los rincones, para no dar pasos en falso, sobre la supuesta participaci\u00f3n de grupos pol\u00edticos detr\u00e1s de los grupos delincuenciales.<\/p>\n<p>Michoac\u00e1n sorprendi\u00f3 al pa\u00eds en la pasada administraci\u00f3n, cuando una veintena de funcionarios p\u00fablicos, incluidos alcaldes de varios municipios y de distintas tendencias pol\u00edticas fueron arraigados.<\/p>\n<p>El caso conocido como \u201cmichoacanazo\u201d result\u00f3 un simple petardo, ya que los pol\u00edticos y funcionarios estatales fueron liberados a cuentagotas, pero no se les finc\u00f3 responsabilidad.<\/p>\n<p>Con todo y ello, Michoac\u00e1n est\u00e1 convertido, desde entonces, en un polvor\u00edn, donde la delincuencia se aposent\u00f3 en varios poblados y los intentos por liberarlos han sido infructuosos.<\/p>\n<p>Durante alg\u00fan tiempo, Sinaloa, Baja California, Nuevo Le\u00f3n, Coahuila, Guerrero, Durango y, especialmente, Tamaulipas, atrajeron los reflectores sobre hechos de violencia, pero Michoac\u00e1n se ha mantenido como una entidad sumamente especial en cuanto a violencia y presencia de los grupos del crimen organizado se refiere.<\/p>\n<p style=\"text-align: center;\">\u00a0<b>OPERACI\u00d3N R\u00c1PIDA<\/b><\/p>\n<p>Es cierto que toda cirug\u00eda, donde se use anestesia provoca un riesgo, pero tambi\u00e9n lo es que la operaci\u00f3n a la que ser\u00e1 sometido el presidente Enrique Pe\u00f1a Nieto no es de alta peligrosidad.<\/p>\n<p>Pe\u00f1a Nieto ser\u00e1 operado por m\u00e9dicos sumamente profesionales y no hizo alharaca como Vicente Fox Quesada, cuando fue sometido a una intervenci\u00f3n<del><\/del> quir\u00fargica.<\/p>\n<p>De acuerdo con lo anunciado, la operaci\u00f3n a la que ser\u00e1 sometido el presidente Pe\u00f1a tendr\u00e1 duraci\u00f3n de poco m\u00e1s de una hora y se considera que para el fin de semana est\u00e9 completamente restablecido.<\/p>\n<p>Mientras tanto, el secretario de Gobernaci\u00f3n, Miguel \u00c1ngel Osorio Chong, se mantendr\u00e1 al tanto de la situaci\u00f3n, pero no queda encargado de los poderes, como s\u00ed sucedi\u00f3 con Santiago Creel en el pasado reciente.<\/p>\n<p><em><a href=\"mailto:ramonzurita44@hotmail.com\" target=\"_blank\">ramonzurita44@hotmail.com<br \/>\n<\/a><a href=\"mailto:zurita_sahagun@hotmail.com\" target=\"_blank\">zurita_sahagun@hotmail.com<\/a><\/em><\/p>\n","protected":false},"excerpt":{"rendered":"<p><span style=\"color: #005497;\"><strong>Ram\u00f3n Zurita Sahag\u00fan<\/strong><\/span><\/p>\n","protected":false},"author":3,"featured_media":0,"comment_status":"open","ping_status":"open","sticky":false,"template":"","format":"standard","meta":{"_monsterinsights_skip_tracking":false,"_monsterinsights_sitenote_active":false,"_monsterinsights_sitenote_note":"","_monsterinsights_sitenote_category":0,"footnotes":""},"categories":[234],"tags":[304,19111,43674,43687],"class_list":["post-142202","post","type-post","status-publish","format-standard","hentry","category-ramon-zurita-sahagun","tag-de-frente-y-de-perfil","tag-los-caballeros-templarios","tag-opinion","tag-ramon-zurita-sahagun"],"_links":{"self":[{"href":"https:\/\/www.diarioimagen.net\/index.php?rest_route=\/wp\/v2\/posts\/142202","targetHints":{"allow":["GET"]}}],"collection":[{"href":"https:\/\/www.diarioimagen.net\/index.php?rest_route=\/wp\/v2\/posts"}],"about":[{"href":"https:\/\/www.diarioimagen.net\/index.php?rest_route=\/wp\/v2\/types\/post"}],"author":[{"embeddable":true,"href":"https:\/\/www.diarioimagen.net\/index.php?rest_route=\/wp\/v2\/users\/3"}],"replies":[{"embeddable":true,"href":"https:\/\/www.diarioimagen.net\/index.php?rest_route=%2Fwp%2Fv2%2Fcomments&post=142202"}],"version-history":[{"count":0,"href":"https:\/\/www.diarioimagen.net\/index.php?rest_route=\/wp\/v2\/posts\/142202\/revisions"}],"wp:attachment":[{"href":"https:\/\/www.diarioimagen.net\/index.php?rest_route=%2Fwp%2Fv2%2Fmedia&parent=142202"}],"wp:term":[{"taxonomy":"category","embeddable":true,"href":"https:\/\/www.diarioimagen.net\/index.php?rest_route=%2Fwp%2Fv2%2Fcategories&post=142202"},{"taxonomy":"post_tag","embeddable":true,"href":"https:\/\/www.diarioimagen.net\/index.php?rest_route=%2Fwp%2Fv2%2Ftags&post=142202"}],"curies":[{"name":"wp","href":"https:\/\/api.w.org\/{rel}","templated":true}]}}