{"id":142213,"date":"2013-07-31T00:04:39","date_gmt":"2013-07-31T05:04:39","guid":{"rendered":"http:\/\/www.diarioimagen.net\/?p=142213"},"modified":"2013-08-01T03:08:49","modified_gmt":"2013-08-01T08:08:49","slug":"otra-vez-michoacan","status":"publish","type":"post","link":"https:\/\/www.diarioimagen.net\/?p=142213","title":{"rendered":"Otra vez Michoac\u00e1n"},"content":{"rendered":"<h2>Punto por punto<\/h2>\n<h5>Augusto Corro<\/h5>\n<p><span><br \/>\nPasar\u00e1 mucho tiempo para que regrese la tranquilidad a Michoac\u00e1n. Por el momento no desparecer\u00e1n los signos de tormenta.<\/span><\/p>\n<p>Fueron muchos a\u00f1os de permitir que la delincuencia sentar\u00e1 su reales. Siempre se actu\u00f3 con medidas paliativas para combatir el crimen. En el presente se lleg\u00f3 a condiciones dif\u00edciles de superar porque la delincuencia organizada tuvo tiempo de crecer a sus anchas.<\/p>\n<p>Sin embargo, las autoridades federales tienen la oportunidad de actuar para proteger a una sociedad temerosa, insegura y desconfiada.\u00a0 Los gobiernos estatales\u00a0 de los diferentes partidos pol\u00edticos no pudieron sacudirse la presencia de la narcodelincuencia.<\/p>\n<p>El narco est\u00e1 en Michoac\u00e1n desde hace muchos a\u00f1os. Su situaci\u00f3n geogr\u00e1fica siempre est\u00e1 incluida en las estrategias de la delincuencia: monta\u00f1as y mar conjugados en las rutas y plazas para el cultivo y trasiego de la droga.\u00a0 En el 2007, Calder\u00f3n inici\u00f3 su guerra fallida contra los c\u00e1rteles de la droga. Lo \u00fanico que provoc\u00f3 fue la creaci\u00f3n del nuevo c\u00e1rtel de \u201cLos Caballeros Templarios\u201d, que se desprendi\u00f3 de \u201cLa Familia Michoacana\u201d.<\/p>\n<p>Hoy la poblaci\u00f3n de aquella entidad presencia, con desaz\u00f3n,\u00a0 el enfrenamiento entre la fuerza p\u00fablica y los miembros de la delincuencia organizada. Ante la imposibilidad de recibir la ayuda directa de las autoridades, los michoacanos decidieron hacer grupos de autodefensa, cuyo origen no es muy claro.\u00a0 Pero no hay otra manera de evitar la espiral de violencia derivada de los criminales que expandieron sus negocios al secuestro y a la extorsi\u00f3n y a toda clase de abusos que padece la poblaci\u00f3n: violaciones, robos, etc.<\/p>\n<p>El asesinato del vicealmirante Carlos Miguel Salazar Ramonet ha sido la llamada de atenci\u00f3n m\u00e1s importante de lo que ocurre, en estos momentos en Michoac\u00e1n.<\/p>\n<p>Ante esa situaci\u00f3n de franco reto de la delincuencia, las autoridades de los niveles: municipal, estatal y federal deben reflexionar ampliamente su estrategia para evitar nuevos y dolorosos hechos.<\/p>\n<p>Para empezar se debe hacer un an\u00e1lisis de los resultados de la lucha. Lejos de los discursos se debe investigar la fortaleza real del adversario y de ah\u00ed partir con bases s\u00f3lidas para enfrentarlo.<\/p>\n<p>Deber\u00e1 ser un plan a largo plazo, pero que brinde resultados positivos, porque lo que reflejan los hechos actuales es una falta de contundencia por parte de la fuerza p\u00fablica.\u00a0 La delincuencia no es invencible, pero tiene que atacarse de ra\u00edz para desaparecerla y no ser\u00e1 \u00fanicamente con las armas.<\/p>\n<p>Quienes se interesen por el retorno de la tranquilidad y la paz a Michoac\u00e1n tendr\u00e1n que investigar en los or\u00edgenes del mal: pobreza, falta de empleos, malos gobiernos, etc. La mencionada entidad es una de las que m\u00e1s provee de braceros a Estados Unidos, desde hace mucho tiempo. Esto es provocado por la falta de empleos, de oportunidades para una mejor forma de vida.<\/p>\n<p>La falta de inter\u00e9s por el desarrollo del campo ha sido fatal. En el presente, la vida de los campesinos se ha visto afectada por la incursi\u00f3n del narco.\u00a0 Seg\u00fan se inform\u00f3, los delincuentes, a trav\u00e9s de la extorsi\u00f3n, controlan la producci\u00f3n y venta del lim\u00f3n y el aguacate.<\/p>\n<p>Los criminales ya no se conforman solamente con la producci\u00f3n y venta de estupefacientes, sino que decidieron participar en la econom\u00eda estatal, para controlar la oferta y la demanda de productos agr\u00edcolas.<\/p>\n<p>Con sus actividades il\u00edcitas, la delincuencia organizada decide la suerte de los mercados de los mencionados productos, con las consecuencias que todos conocemos: carest\u00eda e escasez del producto.<\/p>\n<p>A todas esas condiciones negativasociales y econ\u00f3micas que privan en Michoac\u00e1n, debe sumarse la anarqu\u00eda pol\u00edtica: no hay gobernador en aquella entidad. El electo por la sociedad, Fausto Vallejo, tiene una licencia para alejarse del cargo por varios meses, con el fin de que se atienda de un problema hep\u00e1tico.<\/p>\n<p>En su lugar, el gobernador interino, Jes\u00fas Reyna Garc\u00eda, no puede con el paquete. Varios senadores demandan convocar a elecciones para designar nuevo gobernador en el estado,\u00a0 pues dijeron que en Michoac\u00e1n se vive \u201cuna dram\u00e1tica realidad, en la cual, la delincuencia organizada ha rebasado a toda forma de autoridad de paz social y de orden p\u00fablico\u201d.<\/p>\n<p><em><a href=\"mailto:aco2742@hotmail.com\" target=\"_blank\">aco2742@hotmail.com<\/a><\/em><\/p>\n","protected":false},"excerpt":{"rendered":"<p><span style=\"color: #005497;\"><strong>Augusto Corro<\/strong><\/span><\/p>\n","protected":false},"author":3,"featured_media":0,"comment_status":"open","ping_status":"open","sticky":false,"template":"","format":"standard","meta":{"_monsterinsights_skip_tracking":false,"_monsterinsights_sitenote_active":false,"_monsterinsights_sitenote_note":"","_monsterinsights_sitenote_category":0,"footnotes":""},"categories":[157],"tags":[43686,803,43674,11515],"class_list":["post-142213","post","type-post","status-publish","format-standard","hentry","category-augusto-corro","tag-augusto-corro","tag-michoacan","tag-opinion","tag-punto-por-punto"],"_links":{"self":[{"href":"https:\/\/www.diarioimagen.net\/index.php?rest_route=\/wp\/v2\/posts\/142213","targetHints":{"allow":["GET"]}}],"collection":[{"href":"https:\/\/www.diarioimagen.net\/index.php?rest_route=\/wp\/v2\/posts"}],"about":[{"href":"https:\/\/www.diarioimagen.net\/index.php?rest_route=\/wp\/v2\/types\/post"}],"author":[{"embeddable":true,"href":"https:\/\/www.diarioimagen.net\/index.php?rest_route=\/wp\/v2\/users\/3"}],"replies":[{"embeddable":true,"href":"https:\/\/www.diarioimagen.net\/index.php?rest_route=%2Fwp%2Fv2%2Fcomments&post=142213"}],"version-history":[{"count":0,"href":"https:\/\/www.diarioimagen.net\/index.php?rest_route=\/wp\/v2\/posts\/142213\/revisions"}],"wp:attachment":[{"href":"https:\/\/www.diarioimagen.net\/index.php?rest_route=%2Fwp%2Fv2%2Fmedia&parent=142213"}],"wp:term":[{"taxonomy":"category","embeddable":true,"href":"https:\/\/www.diarioimagen.net\/index.php?rest_route=%2Fwp%2Fv2%2Fcategories&post=142213"},{"taxonomy":"post_tag","embeddable":true,"href":"https:\/\/www.diarioimagen.net\/index.php?rest_route=%2Fwp%2Fv2%2Ftags&post=142213"}],"curies":[{"name":"wp","href":"https:\/\/api.w.org\/{rel}","templated":true}]}}