{"id":142220,"date":"2013-07-31T00:04:35","date_gmt":"2013-07-31T05:04:35","guid":{"rendered":"http:\/\/www.diarioimagen.net\/?p=142220"},"modified":"2013-08-01T03:12:56","modified_gmt":"2013-08-01T08:12:56","slug":"los-monopolios-del-pan","status":"publish","type":"post","link":"https:\/\/www.diarioimagen.net\/?p=142220","title":{"rendered":"Los monopolios del PAN"},"content":{"rendered":"<h2>Detr\u00e1s del Poder<\/h2>\n<h5>Jos\u00e9 Antonio L\u00f3pez Sosa<\/h5>\n<p><span><br \/>\n\u201cLos monopolios de Petr\u00f3leos Mexicanos (Pemex) y Comisi\u00f3n Federal de Electricidad (CFE) est\u00e1n agotados y son inadecuados\u201d, as\u00ed escuch\u00e9 decir al senador del PAN, Rub\u00e9n Camarillo, en una mesa de debate con los senadores Francisco Labastida del PRI y Manuel Bartlett del PT en un noticiario matutino.<\/span><\/p>\n<p>El argumento del PAN desde hace m\u00e1s de una d\u00e9cada en torno a terminar con los monopolios del Estado y dar paso al libre mercado en materia energ\u00e9tica, vuelve a la escena nacional; la l\u00f3gica panista asegura que la \u00fanica opci\u00f3n para salir adelante como pa\u00eds en ese sector es privatizando algunos (o todos) los procesos productivos, tanto de Pemex como de CFE.<\/p>\n<p>Me sorprende escuchar al senador Camarillo hablar en\u00e9rgicamente contra los monopolios del Estado, \u00bfqu\u00e9 pas\u00f3 entonces con los monopolios privados que se han privilegiado desde las administraciones panistas?<\/p>\n<p>La televisi\u00f3n, la telefon\u00eda, la transmisi\u00f3n de datos, en fin, rubros estrat\u00e9gicos de la naci\u00f3n que est\u00e1n en manos de privados, pero bajo todos los s\u00edntomas de un monopolio con una terrible simulaci\u00f3n de competencia.<\/p>\n<p>En TV, Televisa y Televisi\u00f3n Azteca mantienen el monopolio y el mismo se vio beneficiado de diversas formas de la mano del panismo, \u00bfpor qu\u00e9 no pensaron en lo agotado del modelo en este caso?<\/p>\n<p>El argumento de Rub\u00e9n Camarillo est\u00e1 mucho m\u00e1s desgastado que el propio sentido de los monopolios del Estado. Lo que afecta verdaderamente a estas empresas\u00a0 es la corrupci\u00f3n, misma que tambi\u00e9n al amparo de las administraciones panistas creci\u00f3 exponencialmente, tanto en Pemex como en CFE.<\/p>\n<p>La l\u00f3gica panista es haber orde\u00f1ado a ambas empresas p\u00fablicas en todos los sentidos, dejarlas al borde de la quiebra para luego argumentar que el hecho de pertenecerle al Estado las hace inoperantes y quererlas privatizar. Un verdadero negocio redondo.<\/p>\n<p>Hay muchas voces por escuchar con relaci\u00f3n a la reforma energ\u00e9tica, esperemos que desde el PAN surjan palabras inteligentes que defiendan un argumento que verdaderamente le convenga al pa\u00eds, no m\u00e1s discursos medi\u00e1ticos sin fondo.<\/p>\n<p><em><a href=\"mailto:lopez.sosa@mexico.com\" target=\"_blank\">lopez.sosa@mexico.com<\/a><\/em><br \/>\n<em><a href=\"http:\/\/twitter.com\/#%21\/joseantonio1977\" target=\"_blank\">@joseantonio1977<br \/>\n<\/a><\/em><em><a href=\"http:\/\/www.formulaconfidencial.com.mx\/\" target=\"_blank\">www.formulaconfidencial.com.mx<\/a><\/em><\/p>\n","protected":false},"excerpt":{"rendered":"<p><span style=\"color: #005497;\"><strong>Jos\u00e9 Antonio L\u00f3pez Sosa<\/strong><\/span><\/p>\n","protected":false},"author":3,"featured_media":0,"comment_status":"open","ping_status":"open","sticky":false,"template":"","format":"standard","meta":{"_monsterinsights_skip_tracking":false,"_monsterinsights_sitenote_active":false,"_monsterinsights_sitenote_note":"","_monsterinsights_sitenote_category":0,"footnotes":""},"categories":[637],"tags":[638,43690,43674,91],"class_list":["post-142220","post","type-post","status-publish","format-standard","hentry","category-jose-antonio-lopez-sosa","tag-detras-del-poder","tag-jose-antonio-lopez-sosa","tag-opinion","tag-pan"],"_links":{"self":[{"href":"https:\/\/www.diarioimagen.net\/index.php?rest_route=\/wp\/v2\/posts\/142220","targetHints":{"allow":["GET"]}}],"collection":[{"href":"https:\/\/www.diarioimagen.net\/index.php?rest_route=\/wp\/v2\/posts"}],"about":[{"href":"https:\/\/www.diarioimagen.net\/index.php?rest_route=\/wp\/v2\/types\/post"}],"author":[{"embeddable":true,"href":"https:\/\/www.diarioimagen.net\/index.php?rest_route=\/wp\/v2\/users\/3"}],"replies":[{"embeddable":true,"href":"https:\/\/www.diarioimagen.net\/index.php?rest_route=%2Fwp%2Fv2%2Fcomments&post=142220"}],"version-history":[{"count":0,"href":"https:\/\/www.diarioimagen.net\/index.php?rest_route=\/wp\/v2\/posts\/142220\/revisions"}],"wp:attachment":[{"href":"https:\/\/www.diarioimagen.net\/index.php?rest_route=%2Fwp%2Fv2%2Fmedia&parent=142220"}],"wp:term":[{"taxonomy":"category","embeddable":true,"href":"https:\/\/www.diarioimagen.net\/index.php?rest_route=%2Fwp%2Fv2%2Fcategories&post=142220"},{"taxonomy":"post_tag","embeddable":true,"href":"https:\/\/www.diarioimagen.net\/index.php?rest_route=%2Fwp%2Fv2%2Ftags&post=142220"}],"curies":[{"name":"wp","href":"https:\/\/api.w.org\/{rel}","templated":true}]}}