{"id":142231,"date":"2013-07-31T00:01:20","date_gmt":"2013-07-31T05:01:20","guid":{"rendered":"http:\/\/www.diarioimagen.net\/?p=142231"},"modified":"2013-08-01T03:29:10","modified_gmt":"2013-08-01T08:29:10","slug":"escalofriante","status":"publish","type":"post","link":"https:\/\/www.diarioimagen.net\/?p=142231","title":{"rendered":"Escalofriante"},"content":{"rendered":"<h2>Pol\u00edtica Spot<\/h2>\n<h5>Juan Manuel Maga\u00f1a<\/h5>\n<p><span><br \/>\nAyer escuch\u00e9 y le\u00ed cualquier cantidad de entrevistas con pri\u00edstas y panistas sobre la pobreza que hay en el pa\u00eds. Y nadie sabe nada. Nadie se explica c\u00f3mo es que hay tanto pobre.<\/span><\/p>\n<p>Y as\u00ed pas\u00f3 con el narco. As\u00ed se pudri\u00f3 Pemex. As\u00ed los vendedores ambulantes tomaron las calles. Y as\u00ed millones de migrantes se fueron de ilegales a Estados Unidos y nos mandan silenciosamente miles de millones de d\u00f3lares.<\/p>\n<p>Pero nadie sabe nada. Por otro lado porque estaban saqueando al erario. Haciendo sus transas.<\/p>\n<p>Lo que s\u00ed, es que cada quien tiene sus cifras de la pobreza. Para un panista, Fox y Calder\u00f3n hasta bajaron la pobreza. Para un pri\u00edsta, hace falta que vuelva el Pronasol.\u00a0 Me refiero a ellos porque son los que han desgobernado la naci\u00f3n. Han desmedrado al pa\u00eds.<\/p>\n<p>Si uno revisa bien las cifras que dio a conocer el Consejo Nacional de Evaluaci\u00f3n de la Pol\u00edtica de Desarrollo Social (Coneval), encuentra cosas m\u00e1s sorprendentes que las que al principio destac\u00f3 la prensa, como la de los 53.3 millones de mexicanos en pobreza.<\/p>\n<p>Una de ellas es la de que el sexenio de Felipe Calder\u00f3n Hinojosa sum\u00f3 a 15.9 millones de mexicanos a la pobreza medida \u00fanicamente por ingresos \u2014la medici\u00f3n oficial hasta 2008\u2014, ya que en 2006 hab\u00eda 45.5 millones y para 2012 se lleg\u00f3 a 61.4 millones, esto es, 52.3 por ciento de la poblaci\u00f3n.<\/p>\n<p>Criminal. Adem\u00e1s de haber desatado una violencia absurda, Calder\u00f3n contribuy\u00f3 con casi la tercera parte de la pobreza en M\u00e9xico.<\/p>\n<p>(Por cierto, el Inegi dio a conocer ayer que el n\u00famero de homicidios en M\u00e9xico subi\u00f3 casi 150 por ciento en el sexenio de Felipe Calder\u00f3n, en cuyo \u00faltimo a\u00f1o de gobierno se cometieron 71 homicidios diarios).<\/p>\n<p>Otro \u00e1ngulo de la pobreza es la patrimonial, en la que se ubica a las personas que no pueden cubrir sus requerimientos b\u00e1sicos de vivienda, calzado, salud, transporte p\u00fablico, alimentaci\u00f3n y educaci\u00f3n, aunque destinaran todos sus ingresos para ello.<\/p>\n<p>Y pues entre 2010 y 2012 se dio un aumento de 2.9 millones de personas, para llegar en 2012 a 61.4 millones, esto es, m\u00e1s de la mitad de los mexicanos.<\/p>\n<p>En 1992, el porcentaje en pobreza patrimonial era de 53.1. La cifra se dispar\u00f3 despu\u00e9s del \u2018\u2018error de diciembre\u2019\u2019 de 1994 y lleg\u00f3 a afectar a 69 por ciento de la poblaci\u00f3n.<\/p>\n<p>En 1998 disminuy\u00f3 a 63.7 por ciento y fue paulatinamente en descenso hasta llegar en 2006 al punto m\u00e1s bajo de mexicanos en esa condici\u00f3n, con 42.7 por ciento.\u00a0 Pero bast\u00f3 el sexenio de Calder\u00f3n para revertir la tendencia y que el porcentaje de mexicanos en pobreza se disparara.<\/p>\n<p>El descenso en el porcentaje de la poblaci\u00f3n en pobreza que se llev\u00f3 ocho a\u00f1os, de 1998 a 2006, se revirti\u00f3 entre 2006 y 2012.<\/p>\n<p>En suma la idea completa de lo amolada que est\u00e1 la poblaci\u00f3n hay que verla bien en el informe del Coneval cuando dice que 80% de la poblaci\u00f3n es pobre o en riesgo de serlo: 45.5 por cierto ya es pobre y otro 34.8% es considerado vulnerable.<\/p>\n<p>Yo le quitaba este \u00faltimo eufemismo para decir como Amnist\u00eda Internacional: la pobreza en M\u00e9xico es \u201cescalofriante\u201d.<\/p>\n<p><em><a href=\"mailto: maganapalace@yahoo.com.mx\" target=\"_blank\">maganapalace@yahoo.com.mx<\/a><\/em><\/p>\n","protected":false},"excerpt":{"rendered":"<p><span style=\"color: #005497;\"><strong>Juan Manuel Maga\u00f1a<\/strong><\/span><\/p>\n","protected":false},"author":3,"featured_media":0,"comment_status":"open","ping_status":"open","sticky":false,"template":"","format":"standard","meta":{"_monsterinsights_skip_tracking":false,"_monsterinsights_sitenote_active":false,"_monsterinsights_sitenote_note":"","_monsterinsights_sitenote_category":0,"footnotes":""},"categories":[22905],"tags":[99,43674,292,100],"class_list":["post-142231","post","type-post","status-publish","format-standard","hentry","category-juan-manuel-magana","tag-luis-munoz","tag-opinion","tag-pemex","tag-segunda-vuelta"],"_links":{"self":[{"href":"https:\/\/www.diarioimagen.net\/index.php?rest_route=\/wp\/v2\/posts\/142231","targetHints":{"allow":["GET"]}}],"collection":[{"href":"https:\/\/www.diarioimagen.net\/index.php?rest_route=\/wp\/v2\/posts"}],"about":[{"href":"https:\/\/www.diarioimagen.net\/index.php?rest_route=\/wp\/v2\/types\/post"}],"author":[{"embeddable":true,"href":"https:\/\/www.diarioimagen.net\/index.php?rest_route=\/wp\/v2\/users\/3"}],"replies":[{"embeddable":true,"href":"https:\/\/www.diarioimagen.net\/index.php?rest_route=%2Fwp%2Fv2%2Fcomments&post=142231"}],"version-history":[{"count":0,"href":"https:\/\/www.diarioimagen.net\/index.php?rest_route=\/wp\/v2\/posts\/142231\/revisions"}],"wp:attachment":[{"href":"https:\/\/www.diarioimagen.net\/index.php?rest_route=%2Fwp%2Fv2%2Fmedia&parent=142231"}],"wp:term":[{"taxonomy":"category","embeddable":true,"href":"https:\/\/www.diarioimagen.net\/index.php?rest_route=%2Fwp%2Fv2%2Fcategories&post=142231"},{"taxonomy":"post_tag","embeddable":true,"href":"https:\/\/www.diarioimagen.net\/index.php?rest_route=%2Fwp%2Fv2%2Ftags&post=142231"}],"curies":[{"name":"wp","href":"https:\/\/api.w.org\/{rel}","templated":true}]}}