{"id":142252,"date":"2013-07-31T00:06:28","date_gmt":"2013-07-31T05:06:28","guid":{"rendered":"http:\/\/www.diarioimagen.net\/?p=142252"},"modified":"2013-08-01T04:23:06","modified_gmt":"2013-08-01T09:23:06","slug":"con-calderon-mas-de-121-mil-homicidios-2","status":"publish","type":"post","link":"https:\/\/www.diarioimagen.net\/?p=142252","title":{"rendered":"Con Calder\u00f3n, m\u00e1s de 121 mil homicidios"},"content":{"rendered":"<ul>\n<li><strong><em>Casi 80 mil en s\u00f3lo tres a\u00f1os: en 2012 sumaron 26 mil 37; en 2011 fueron 27 mil 213, y en 2010, 25 mil 757<\/em><\/strong><\/li>\n<\/ul>\n<div id=\"attachment_142275\" style=\"width: 250px\" class=\"wp-caption alignleft\"><a href=\"http:\/\/www.diarioimagen.net\/wp-content\/uploads\/2013\/07\/homicidios-2153.jpg\"><img loading=\"lazy\" decoding=\"async\" aria-describedby=\"caption-attachment-142275\" class=\"size-medium wp-image-142275\" alt=\"El INEGI dio a conocer que durante el sexenio pasado se registraron 121 mil homicidios dolosos y Chihuahua fue la entidad en donde m\u00e1s se cometieron.\" src=\"http:\/\/www.diarioimagen.net\/wp-content\/uploads\/2013\/07\/homicidios-2153-240x135.jpg\" width=\"240\" height=\"135\" srcset=\"https:\/\/www.diarioimagen.net\/wp-content\/uploads\/2013\/07\/homicidios-2153-240x135.jpg 240w, https:\/\/www.diarioimagen.net\/wp-content\/uploads\/2013\/07\/homicidios-2153-420x236.jpg 420w, https:\/\/www.diarioimagen.net\/wp-content\/uploads\/2013\/07\/homicidios-2153-235x132.jpg 235w, https:\/\/www.diarioimagen.net\/wp-content\/uploads\/2013\/07\/homicidios-2153-202x114.jpg 202w, https:\/\/www.diarioimagen.net\/wp-content\/uploads\/2013\/07\/homicidios-2153-350x196.jpg 350w, https:\/\/www.diarioimagen.net\/wp-content\/uploads\/2013\/07\/homicidios-2153-220x123.jpg 220w, https:\/\/www.diarioimagen.net\/wp-content\/uploads\/2013\/07\/homicidios-2153-237x132.jpg 237w, https:\/\/www.diarioimagen.net\/wp-content\/uploads\/2013\/07\/homicidios-2153.jpg 480w\" sizes=\"auto, (max-width: 240px) 100vw, 240px\" \/><\/a><p id=\"caption-attachment-142275\" class=\"wp-caption-text\">El INEGI dio a conocer que durante el sexenio pasado se registraron 121 mil homicidios dolosos y Chihuahua fue la entidad en donde m\u00e1s se cometieron.<\/p><\/div>\n<p>El n\u00famero de homicidios en M\u00e9xico subi\u00f3 casi 150 por ciento en el sexenio de Felipe Calder\u00f3n. Seg\u00fan datos preliminares del Instituto Nacional de Estad\u00edstica y Geograf\u00eda (INEGI), durante ese lapso gubernamental se produjo un total de 121 mil 683 homicidios.<\/p>\n<p>En 2012, \u00faltimo a\u00f1o de dicho sexenio, se cometieron 71 homicidios diarios.<\/p>\n<p>El organismo inform\u00f3 ayer que en 2012 se cometieron en M\u00e9xico 26 mil 37 homicidios, la segunda cifra m\u00e1s alta registrada en el pa\u00eds desde 1990, tan solo ubicada por debajo de la que se registr\u00f3 en 2011, que fue de 27 mil 213 asesinatos.<\/p>\n<p>Es decir que hubo 53 mil 250 homicidios en tan s\u00f3lo dos a\u00f1os. Y si a eso se suma que en 2010 la cifra cerr\u00f3 en 25 mil 757, la cuenta asciende a 79 mil 7 ejecuciones en tres a\u00f1os.<\/p>\n<p>De acuerdo con los datos dados a conocer por el organismo, en 2006, cuando inici\u00f3 el sexenio de Felipe Calder\u00f3n, se cometieron en M\u00e9xico 10 mil 452 cr\u00edmenes (pero no viene el desglose de diciembre, el primer mes de Calder\u00f3n). Para el a\u00f1o siguiente, cuando ya hab\u00eda iniciado la \u201cguerra contra el crimen organizado\u201d emprendida por Calder\u00f3n, la cifra subi\u00f3 hasta 8 mil 867 y para 2008 ya hab\u00eda llegado hasta 14 mil 6. En 2009 el n\u00famero\u00a0 ya estaba en 19 mil 803 muertes.<\/p>\n<p>La cuenta de decesos de los seis a\u00f1os del sexenio asciende, seg\u00fan las cifras del INEGI a 121 mil 683.<\/p>\n<p>La entidad que m\u00e1s casos registr\u00f3 en todo el sexenio fue Chihuahua donde se cometieron 21 mil 128 homicidios entre 2006 y 2012, seguida del Estado de M\u00e9xico donde se registraron 14 mil 63 casos; Guerrero 11 mil 70 y Sinaloa 8 mil 931, mientras que en el Distrito Federal se cometieron 6 mil 836\u00a0 en dicho lapso.<\/p>\n<p>El INEGI precis\u00f3 que las cifras se derivan de la informaci\u00f3n sobre las estad\u00edsticas vitales captada de los registros administrativos generados por las entidades federativas, b\u00e1sicamente de defunciones accidentales y violentas. El reporte, contiene registros de 4 mil 700 oficial\u00edas del Registro Civil y mil 107 agencias del Ministerio P\u00fablico que mensualmente proporcionan informaci\u00f3n al INEGI.<\/p>\n<p>&nbsp;<\/p>\n","protected":false},"excerpt":{"rendered":"<p>El n\u00famero de homicidios en M\u00e9xico subi\u00f3 casi 150 por ciento en el sexenio de Felipe Calder\u00f3n. Seg\u00fan datos preliminares del Instituto Nacional de Estad\u00edstica y Geograf\u00eda (INEGI), durante ese lapso gubernamental se produjo un total de 121 mil 683 homicidios.<\/p>\n","protected":false},"author":3,"featured_media":142275,"comment_status":"open","ping_status":"open","sticky":false,"template":"","format":"standard","meta":{"_monsterinsights_skip_tracking":false,"_monsterinsights_sitenote_active":false,"_monsterinsights_sitenote_note":"","_monsterinsights_sitenote_category":0,"footnotes":""},"categories":[17,3],"tags":[2807,44,4563],"class_list":["post-142252","post","type-post","status-publish","format-standard","has-post-thumbnail","hentry","category-especiales","category-nacional","tag-instituto-nacional-de-estadistica-y-geografia","tag-mexico","tag-muertes"],"_links":{"self":[{"href":"https:\/\/www.diarioimagen.net\/index.php?rest_route=\/wp\/v2\/posts\/142252","targetHints":{"allow":["GET"]}}],"collection":[{"href":"https:\/\/www.diarioimagen.net\/index.php?rest_route=\/wp\/v2\/posts"}],"about":[{"href":"https:\/\/www.diarioimagen.net\/index.php?rest_route=\/wp\/v2\/types\/post"}],"author":[{"embeddable":true,"href":"https:\/\/www.diarioimagen.net\/index.php?rest_route=\/wp\/v2\/users\/3"}],"replies":[{"embeddable":true,"href":"https:\/\/www.diarioimagen.net\/index.php?rest_route=%2Fwp%2Fv2%2Fcomments&post=142252"}],"version-history":[{"count":0,"href":"https:\/\/www.diarioimagen.net\/index.php?rest_route=\/wp\/v2\/posts\/142252\/revisions"}],"wp:featuredmedia":[{"embeddable":true,"href":"https:\/\/www.diarioimagen.net\/index.php?rest_route=\/wp\/v2\/media\/142275"}],"wp:attachment":[{"href":"https:\/\/www.diarioimagen.net\/index.php?rest_route=%2Fwp%2Fv2%2Fmedia&parent=142252"}],"wp:term":[{"taxonomy":"category","embeddable":true,"href":"https:\/\/www.diarioimagen.net\/index.php?rest_route=%2Fwp%2Fv2%2Fcategories&post=142252"},{"taxonomy":"post_tag","embeddable":true,"href":"https:\/\/www.diarioimagen.net\/index.php?rest_route=%2Fwp%2Fv2%2Ftags&post=142252"}],"curies":[{"name":"wp","href":"https:\/\/api.w.org\/{rel}","templated":true}]}}