{"id":142283,"date":"2013-07-31T00:09:08","date_gmt":"2013-07-31T05:09:08","guid":{"rendered":"http:\/\/www.diarioimagen.net\/?p=142283"},"modified":"2013-07-31T03:58:11","modified_gmt":"2013-07-31T08:58:11","slug":"en-agosto-presentan-la-reforma-energetica","status":"publish","type":"post","link":"https:\/\/www.diarioimagen.net\/?p=142283","title":{"rendered":"En agosto presentan la reforma energ\u00e9tica"},"content":{"rendered":"<ul>\n<li><strong><em>El titular de la Secretar\u00eda de Energ\u00eda garantiza que los hidrocarburos seguir\u00e1n en manos de la naci\u00f3n<\/em><\/strong><\/li>\n<\/ul>\n<div id=\"attachment_142323\" style=\"width: 250px\" class=\"wp-caption alignleft\"><a href=\"http:\/\/www.diarioimagen.net\/wp-content\/uploads\/2013\/07\/coldwell-2153.jpg\"><img loading=\"lazy\" decoding=\"async\" aria-describedby=\"caption-attachment-142323\" class=\"size-medium wp-image-142323\" alt=\"El secretario de Energ\u00eda, Pedro Joaqu\u00edn Coldwell, precis\u00f3 que en agosto se presentar\u00e1 la propuesta del Ejecutivo en materia energ\u00e9tica.\" src=\"http:\/\/www.diarioimagen.net\/wp-content\/uploads\/2013\/07\/coldwell-2153-240x135.jpg\" width=\"240\" height=\"135\" srcset=\"https:\/\/www.diarioimagen.net\/wp-content\/uploads\/2013\/07\/coldwell-2153-240x135.jpg 240w, https:\/\/www.diarioimagen.net\/wp-content\/uploads\/2013\/07\/coldwell-2153-420x236.jpg 420w, https:\/\/www.diarioimagen.net\/wp-content\/uploads\/2013\/07\/coldwell-2153-235x132.jpg 235w, https:\/\/www.diarioimagen.net\/wp-content\/uploads\/2013\/07\/coldwell-2153-202x114.jpg 202w, https:\/\/www.diarioimagen.net\/wp-content\/uploads\/2013\/07\/coldwell-2153-350x196.jpg 350w, https:\/\/www.diarioimagen.net\/wp-content\/uploads\/2013\/07\/coldwell-2153-220x123.jpg 220w, https:\/\/www.diarioimagen.net\/wp-content\/uploads\/2013\/07\/coldwell-2153-237x132.jpg 237w, https:\/\/www.diarioimagen.net\/wp-content\/uploads\/2013\/07\/coldwell-2153.jpg 480w\" sizes=\"auto, (max-width: 240px) 100vw, 240px\" \/><\/a><p id=\"caption-attachment-142323\" class=\"wp-caption-text\">El secretario de Energ\u00eda, Pedro Joaqu\u00edn Coldwell, precis\u00f3 que en agosto se presentar\u00e1 la propuesta del Ejecutivo en materia energ\u00e9tica.<\/p><\/div>\n<p>Sin una reforma energ\u00e9tica adecuada que le permita a M\u00e9xico aprovechar sus recursos de manera eficiente, el pa\u00eds podr\u00eda convertirse en un importador neto de energ\u00eda primaria en los pr\u00f3ximos a\u00f1os, advirti\u00f3 Pedro Joaqu\u00edn Coldwell.<\/p>\n<p>Asimismo, dio a conocer que ya se tiene un diagn\u00f3stico muy completo y avanzado en el proyecto de reforma energ\u00e9tica, por lo que ser\u00e1 en agosto cuando se presente al Congreso.<\/p>\n<p>En el Seminario sobre la Experiencia de Colombia en Materia Petrolera, el titular de la Secretar\u00eda de Energ\u00eda (Sener) reiter\u00f3 que las bases de la reforma energ\u00e9tica, planteada por el presidente Enrique Pe\u00f1a Nieto y prevista en el Pacto por M\u00e9xico, garantizan que los hidrocarburos seguir\u00e1n siendo propiedad de la naci\u00f3n.<\/p>\n<p>Expuso que pese a ello, dicha reforma debe considerar que de 1999 a la fecha las reservas han disminuido 27 por ciento y actualmente se importan m\u00e1s petrol\u00edferos de los que se producen, por lo que -subray\u00f3- si no se revierte esa tendencia en unos a\u00f1os nos convertiremos en importadores netos.<\/p>\n<p>Advirti\u00f3 del problema que representa desaprovechar los recursos no convencionales como el shale gas y el shale oil, aun cuando M\u00e9xico ocupa en el sexto lugar de potencial de recursos prospectivos a nivel mundial.<\/p>\n<p>Tambi\u00e9n est\u00e1n los recursos en aguas profundas, los cuales no son explotados debido a que se requieren inversiones especiales, al igual que en el caso de los recursos no convencionales, abund\u00f3.<\/p>\n<p>El funcionario federal sostuvo que cada vez se produce menos petr\u00f3leo y gas en el pa\u00eds pese a que las inversiones son mayores, lo que hace necesario plantear esa reforma que impulse el potencial energ\u00e9tico de M\u00e9xico.<\/p>\n<p>A ello se suma el hecho de que en el pa\u00eds se paguen tarifas cada vez m\u00e1s caras frente a las de sus socios comerciales, lo que afecta en la competitividad.<\/p>\n<p>El titular de la Sener se refiri\u00f3 al convenio signado con la petrolera colombiana Ecopetrol, que compartir\u00e1 su experiencia con M\u00e9xico en la b\u00fasqueda de una ruta que garantice el crecimiento del sector energ\u00e9tico.<\/p>\n<p>&nbsp;<\/p>\n","protected":false},"excerpt":{"rendered":"<p>Sin una reforma energ\u00e9tica adecuada que le permita a M\u00e9xico aprovechar sus recursos de manera eficiente, el pa\u00eds podr\u00eda convertirse en un importador neto de energ\u00eda primaria en los pr\u00f3ximos a\u00f1os, advirti\u00f3 Pedro Joaqu\u00edn Coldwell.<\/p>\n","protected":false},"author":3,"featured_media":142323,"comment_status":"open","ping_status":"open","sticky":false,"template":"","format":"standard","meta":{"_monsterinsights_skip_tracking":false,"_monsterinsights_sitenote_active":false,"_monsterinsights_sitenote_note":"","_monsterinsights_sitenote_category":0,"footnotes":""},"categories":[3],"tags":[44,43673,26447],"class_list":["post-142283","post","type-post","status-publish","format-standard","has-post-thumbnail","hentry","category-nacional","tag-mexico","tag-nacional","tag-reforma-energetica"],"_links":{"self":[{"href":"https:\/\/www.diarioimagen.net\/index.php?rest_route=\/wp\/v2\/posts\/142283","targetHints":{"allow":["GET"]}}],"collection":[{"href":"https:\/\/www.diarioimagen.net\/index.php?rest_route=\/wp\/v2\/posts"}],"about":[{"href":"https:\/\/www.diarioimagen.net\/index.php?rest_route=\/wp\/v2\/types\/post"}],"author":[{"embeddable":true,"href":"https:\/\/www.diarioimagen.net\/index.php?rest_route=\/wp\/v2\/users\/3"}],"replies":[{"embeddable":true,"href":"https:\/\/www.diarioimagen.net\/index.php?rest_route=%2Fwp%2Fv2%2Fcomments&post=142283"}],"version-history":[{"count":0,"href":"https:\/\/www.diarioimagen.net\/index.php?rest_route=\/wp\/v2\/posts\/142283\/revisions"}],"wp:featuredmedia":[{"embeddable":true,"href":"https:\/\/www.diarioimagen.net\/index.php?rest_route=\/wp\/v2\/media\/142323"}],"wp:attachment":[{"href":"https:\/\/www.diarioimagen.net\/index.php?rest_route=%2Fwp%2Fv2%2Fmedia&parent=142283"}],"wp:term":[{"taxonomy":"category","embeddable":true,"href":"https:\/\/www.diarioimagen.net\/index.php?rest_route=%2Fwp%2Fv2%2Fcategories&post=142283"},{"taxonomy":"post_tag","embeddable":true,"href":"https:\/\/www.diarioimagen.net\/index.php?rest_route=%2Fwp%2Fv2%2Ftags&post=142283"}],"curies":[{"name":"wp","href":"https:\/\/api.w.org\/{rel}","templated":true}]}}