{"id":142479,"date":"2013-08-01T00:01:12","date_gmt":"2013-08-01T05:01:12","guid":{"rendered":"http:\/\/www.diarioimagen.net\/?p=142479"},"modified":"2013-08-01T04:27:41","modified_gmt":"2013-08-01T09:27:41","slug":"121-mil-muertos-y-manipulacion","status":"publish","type":"post","link":"https:\/\/www.diarioimagen.net\/?p=142479","title":{"rendered":"121 mil muertos y manipulaci\u00f3n"},"content":{"rendered":"<h2>Pol\u00edtica Spot<\/h2>\n<h5>Juan Manuel Maga\u00f1a<\/h5>\n<p><span><br \/>\nEl escritor Javier Sicilia no andaba tan errado cuando a mitad del 2012 ya hablaba de que la violencia producida en el sexenio de Felipe Calder\u00f3n arrojaba m\u00e1s de cien mil muertos. Como muchos otros, \u00e9l repet\u00eda que tanta ejecuci\u00f3n, tanto asesinato, equival\u00eda a un holocausto.<\/span><\/p>\n<p>Pero los grandes medios no lo pelaban mucho. Le dieron la vuelta por el lado emocional de su lucha por las v\u00edctimas de la masacre sexenal, que comenz\u00f3 cuando manos criminales le arrebataron a su hijo.<\/p>\n<p>Calder\u00f3n, con tal de no salir con tan p\u00e9sima imagen de una guerra que nunca gan\u00f3, si es que se lo propuso, hizo que la contabilidad de los muertos fuera suspendida en la recta final del sexenio. As\u00ed, su \u00faltimo corte de caja qued\u00f3 como en cuarenta y tantos mil muertos oficialmente, aunque en la percepci\u00f3n qued\u00f3 la noci\u00f3n de que la cifra llegaba en realidad a 60 mil o 70 mil.<\/p>\n<p>Sicilia, como muchos otros, se daban una idea de que los muertos que hubo con Calder\u00f3n rebasaban f\u00e1cilmente la cifra de cien mil. Hasta un alto militar estadunidense lleg\u00f3 a decir que un similar mexicano lleg\u00f3 a hablarle de por lo menos 150 mil.<\/p>\n<p>Desde que Felipe Calder\u00f3n fue sentado en el poder por los poderes informales, todo fue ocultaci\u00f3n y manipulaci\u00f3n de la informaci\u00f3n, tendencia que ya hab\u00eda aprendido su antecesor Vicente Fox del pasado pri\u00edsta. Pero con Calder\u00f3n los medios, y especialmente Televisa, se volaron la barda.<\/p>\n<p>Fue hasta anteayer que a trav\u00e9s de un aparentemente inocente bolet\u00edn del INEGI supimos que con Calder\u00f3n tuvimos m\u00e1s de 121 mil muertos, tal y como lo public\u00f3 DIARIOIMAGEN. El comunicado tra\u00eda, como por no dejar, las cifras de muertos, a\u00f1o por a\u00f1o, de ese macabro sexenio. Todo era cuesti\u00f3n de hacer la suma. Y ven\u00eda el dato importante del \u00faltimo a\u00f1o, el 2012, cuando Calder\u00f3n de plano ocult\u00f3 la cuenta.<\/p>\n<p>As\u00ed que seg\u00fan el INEGI, el n\u00famero de homicidios en M\u00e9xico subi\u00f3 casi 150 por ciento en el sexenio pasado, lapso en que hubo un total de 121 mil 683 homicidios. Y c\u00f3mo si tan s\u00f3lo en 2012 se comet\u00edan 71 asesinatos diarios: un total de 26 mil 37 ejecuciones.<\/p>\n<p>Si a los muertos del a\u00f1o anterior les suma uno los de 2011, que fueron 27 mil 213, eso quiere decir que en tan s\u00f3lo dos a\u00f1os hubo 53 mil 250 homicidios.\u00a0 Muchos m\u00e1s que los que Calder\u00f3n quiso aparentar por todo el sexenio. Y si a eso se suma que en 2010 la cifra cerr\u00f3 en 25 mil 757, la cuenta asciende a 79 mil 7 ejecuciones en tres a\u00f1os. Casi 80 mil decesos.<\/p>\n<p>De acuerdo con el organismo, en 2006, cuando inici\u00f3 el sexenio de Felipe Calder\u00f3n, se cometieron en M\u00e9xico 10 mil 452 cr\u00edmenes (pero no viene el desglose de diciembre, el primer mes de Calder\u00f3n). Para el a\u00f1o siguiente, cuando ya hab\u00eda iniciado la \u201cguerra contra el crimen organizado\u201d emprendida por Calder\u00f3n, la cifra subi\u00f3 hasta 8 mil 867 y para 2008 ya hab\u00eda llegado hasta 14 mil 6. En 2009 el n\u00famero\u00a0ya estaba en 19 mil 803 muertes.<\/p>\n<p>Cuesti\u00f3n de hacer las cuentas. Quienes medi\u00e1ticamente estuvieron con Calder\u00f3n, tanto en el apoyo a su guerra como en la manipulaci\u00f3n u ocultaci\u00f3n informativa, ayer descalificaban las cifras diciendo que \u00e9stas mezclaban homicidios dolosos y culposos.\u00a0 As\u00ed es la manipulaci\u00f3n. Ellos no ven la violencia en el pa\u00eds, sino muchos m\u00e1s atropellados en los cruceros.<\/p>\n<p><em><a href=\"mailto: maganapalace@yahoo.com.mx\" target=\"_blank\">maganapalace@yahoo.com.mx<\/a><\/em><\/p>\n","protected":false},"excerpt":{"rendered":"<p><span style=\"color: #005497;\"><strong>Juan Manuel Maga\u00f1a<\/strong><\/span><\/p>\n","protected":false},"author":3,"featured_media":0,"comment_status":"open","ping_status":"open","sticky":false,"template":"","format":"standard","meta":{"_monsterinsights_skip_tracking":false,"_monsterinsights_sitenote_active":false,"_monsterinsights_sitenote_note":"","_monsterinsights_sitenote_category":0,"footnotes":""},"categories":[22905],"tags":[43709,2135,43674,22904],"class_list":["post-142479","post","type-post","status-publish","format-standard","hentry","category-juan-manuel-magana","tag-juan-manuel-magana","tag-muertos","tag-opinion","tag-politica-spot"],"_links":{"self":[{"href":"https:\/\/www.diarioimagen.net\/index.php?rest_route=\/wp\/v2\/posts\/142479","targetHints":{"allow":["GET"]}}],"collection":[{"href":"https:\/\/www.diarioimagen.net\/index.php?rest_route=\/wp\/v2\/posts"}],"about":[{"href":"https:\/\/www.diarioimagen.net\/index.php?rest_route=\/wp\/v2\/types\/post"}],"author":[{"embeddable":true,"href":"https:\/\/www.diarioimagen.net\/index.php?rest_route=\/wp\/v2\/users\/3"}],"replies":[{"embeddable":true,"href":"https:\/\/www.diarioimagen.net\/index.php?rest_route=%2Fwp%2Fv2%2Fcomments&post=142479"}],"version-history":[{"count":0,"href":"https:\/\/www.diarioimagen.net\/index.php?rest_route=\/wp\/v2\/posts\/142479\/revisions"}],"wp:attachment":[{"href":"https:\/\/www.diarioimagen.net\/index.php?rest_route=%2Fwp%2Fv2%2Fmedia&parent=142479"}],"wp:term":[{"taxonomy":"category","embeddable":true,"href":"https:\/\/www.diarioimagen.net\/index.php?rest_route=%2Fwp%2Fv2%2Fcategories&post=142479"},{"taxonomy":"post_tag","embeddable":true,"href":"https:\/\/www.diarioimagen.net\/index.php?rest_route=%2Fwp%2Fv2%2Ftags&post=142479"}],"curies":[{"name":"wp","href":"https:\/\/api.w.org\/{rel}","templated":true}]}}