{"id":142869,"date":"2013-08-05T01:01:07","date_gmt":"2013-08-05T06:01:07","guid":{"rendered":"http:\/\/www.diarioimagen.net\/?p=142869"},"modified":"2013-08-06T04:24:02","modified_gmt":"2013-08-06T09:24:02","slug":"anuncia-volaris-las-ventajas-que-traeran-los-nuevos-motores-que-recibiran-entre-2015-y-2020","status":"publish","type":"post","link":"https:\/\/www.diarioimagen.net\/?p=142869","title":{"rendered":"Anuncia Volaris las ventajas que traer\u00e1n los nuevos motores que recibir\u00e1n entre 2015 y 2020"},"content":{"rendered":"<h2>De cinco estrellas<\/h2>\n<h5>Victoria Gonz\u00e1lez Prado<\/h5>\n<p><span><\/p>\n<ul>\n<li><em><strong>Quito, Ecuador, gan\u00f3 en la categor\u00eda de Destino L\u00edder de Sudam\u00e9rica en los <\/strong><\/em><strong>World Travel Awards 2013<\/strong><\/li>\n<li><em><strong>El Arco de Cabo San Lucas, elegido por Virtual Tourist, para competir por la octava Maravilla del Mundo<\/strong><\/em><\/li>\n<li><em><strong>Buscan que Mundo Maya potencialice su actividad tur\u00edstica y genere mayor derrama econ\u00f3mica<\/strong><\/em><\/li>\n<\/ul>\n<div id=\"attachment_142911\" style=\"width: 250px\" class=\"wp-caption alignleft\"><a href=\"http:\/\/www.diarioimagen.net\/wp-content\/uploads\/2013\/08\/turismo-2156.jpg\"><img loading=\"lazy\" decoding=\"async\" aria-describedby=\"caption-attachment-142911\" class=\"size-medium wp-image-142911\" alt=\"Volaris recibir\u00e1 90 motores entre 2015 y el 2020.\" src=\"http:\/\/www.diarioimagen.net\/wp-content\/uploads\/2013\/08\/turismo-2156-240x135.jpg\" width=\"240\" height=\"135\" srcset=\"https:\/\/www.diarioimagen.net\/wp-content\/uploads\/2013\/08\/turismo-2156-240x135.jpg 240w, https:\/\/www.diarioimagen.net\/wp-content\/uploads\/2013\/08\/turismo-2156-420x236.jpg 420w, https:\/\/www.diarioimagen.net\/wp-content\/uploads\/2013\/08\/turismo-2156-235x132.jpg 235w, https:\/\/www.diarioimagen.net\/wp-content\/uploads\/2013\/08\/turismo-2156-202x114.jpg 202w, https:\/\/www.diarioimagen.net\/wp-content\/uploads\/2013\/08\/turismo-2156-350x196.jpg 350w, https:\/\/www.diarioimagen.net\/wp-content\/uploads\/2013\/08\/turismo-2156-220x123.jpg 220w, https:\/\/www.diarioimagen.net\/wp-content\/uploads\/2013\/08\/turismo-2156-237x132.jpg 237w, https:\/\/www.diarioimagen.net\/wp-content\/uploads\/2013\/08\/turismo-2156.jpg 480w\" sizes=\"auto, (max-width: 240px) 100vw, 240px\" \/><\/a><p id=\"caption-attachment-142911\" class=\"wp-caption-text\">Volaris recibir\u00e1 90 motores entre 2015 y el 2020.<\/p><\/div>\n<p><b>Enrique Beltranena<\/b>, director general de Volaris, acompa\u00f1ado por el embajador de Estados Unidos en nuestro pa\u00eds, <b>Anthony Wayne<\/b>; <b>Todd Kallman<\/b>, presidente de la divisi\u00f3n de motores comerciales; <b>David Hess<\/b>, director de la junta de IAE y presidente de <i>Pratt &amp; Whitney<\/i> y, <b>Robert Saia<\/b>, vicepresidente de desarrollo de programas comerciales, ambos de P&amp;W, anunciaron las ventajas que traer\u00e1 la selecci\u00f3n de 95 motores que ser\u00e1n utilizados en las 44 aeronaves <i>Airbus<\/i> de la familia A320, que Volaris recibir\u00e1 entre el 2015 y el 2020. Son 28 motores son del modelo V2500, que la aerol\u00ednea utiliza actualmente en su flota y que ser\u00e1n instalados en 14 aeronaves A320ceo (<i>current engine option<\/i>), 60 motores son modelo <i>PurePower<\/i> PW1100G-JM, que ser\u00e1n instalados en 30 aeronaves A320neo (<i>new engine option<\/i>) y siete motores de repuesto (seis modelo PW1100G-JM y uno modelo V2500).\u00a0Los motores <i>PurePower<\/i> se caracterizan por contar con la m\u00e1s reciente tecnolog\u00eda, que permite un ahorro de combustible. Los servicios de mantenimiento que cubrir\u00e1n estos motores ser\u00e1n bajo el esquema <i>\u201cpower by the hour\u201d,<\/i> que proporciona costos predecibles, adem\u00e1s de dar cobertura para eventos de mantenimiento en taller, reduciendo el riesgo de gastos no programados, logrando optimizar el rendimiento y la confiabilidad de los motores. \u201cVolaris ser\u00e1 la primera aerol\u00ednea mexicana en tener el nuevo modelo de motor de la firma P&amp;W: el <i>PurePower <\/i>PW1100G-JM, modelo que junto a los de la gama V2500, nos permitir\u00e1 continuar ofreciendo beneficios operacionales y ambientales que se traducir\u00e1n en ahorros para ofrecer tarifas m\u00e1s econ\u00f3micas\u201d, se\u00f1al\u00f3\u00a0 <b>Beltranena <\/b>y agreg\u00f3:<b> <\/b>\u201cElegimos el modelo de P&amp;W porque cuenta con ventajas innovadoras, modernas y sustentables. Los motores <i>Pure Power<\/i> PW1100G-JM van en l\u00ednea con nuestro compromiso hacia el medio ambiente\u201d. El embajador <b>Wayne<\/b> asegur\u00f3: \u201cEsta nueva asociaci\u00f3n entre <i>Volaris<\/i> y <i>Pratt &amp; Whitney<\/i> es un ejemplo de las formas en que las empresas privadas de ambos pa\u00edses pueden ayudar a profundizar nuestra relaci\u00f3n econ\u00f3mica y comercial. Las empresas estadunidenses y mexicanas no se limitan a vender sus productos el uno al otro, sino que desarrollan productos juntos: los motores de <i>Pratt &amp; Whitney<\/i> no solamente mejorar\u00e1n la eficiencia y el mantenimiento, sino que esta compra se traducir\u00e1 directamente en menores costos para los clientes de Volaris, ya sean de M\u00e9xico o de Estados Unidos\u201d. Por su parte, <b>David Hess<\/b>, director de la junta de IAE y presidente de <i>Pratt &amp; Whitney, <\/i>asegur\u00f3: \u201cEstamos orgullosos de que Volaris haya elegido nuestros motores IAE para apoyar su objetivo de ofrecer tarifas deseables, como resultado de la eficacia del combustible y los menores costos de operaci\u00f3n asociados con nuestra tecnolog\u00eda avanzada de motores. Esperamos ampliar la flota de V2500 y presentar el motor <i>PurePower<\/i> en el avi\u00f3n Volaris\u201d. Esta tecnolog\u00eda permite lograr ahorros en el consumo de combustible de hasta el 16%, adem\u00e1s de disminuir las emisiones de \u00f3xido de nitr\u00f3geno 50% y reducir la huella del sonido de las aeronaves en 75%. Con acciones como \u00e9sta, Volaris crece y se mantiene como la mejor opci\u00f3n de aviaci\u00f3n comercial para conectar destinos en 30 ciudades de M\u00e9xico y 11 de Estados Unidos, al tiempo que reafirma su compromiso de mantenerse a la vanguardia, tanto en seguridad, cuidado del medio ambiente, modernidad de su flota y calidad en el servicio. Cabe destacar que <i>Pratt &amp; Whitney<\/i> es l\u00edder mundial en dise\u00f1o,\u00a0 fabricaci\u00f3n y manutenci\u00f3n de motores de aviones, unidades de motor electr\u00f3genos auxiliares y de terreno, y peque\u00f1os productos de propulsi\u00f3n de turborreactores. <i>United Technologies Corp.<\/i>, con sede en Hartford, Connecticut, es una empresa diversificada que ofrece productos y servicios de alta tecnolog\u00eda a edificios e industrias aeroespaciales. La IAE es un consorcio multinacional de motores a\u00e9reos, entre cuyos accionistas se encuentran: <i>Pratt &amp; Whitney<\/i> y <i>Aero Engines International GmbH,<\/i> <i>Japanese Aero Engines Corporation<\/i> y MTU <i>Aero Engines.<\/i> La empresa ha entregado al d\u00eda hasta hoy m\u00e1s de 5 mil 700 motores y tienen cerca de mil 600 motores m\u00e1s por entregar, adem\u00e1s de contar con alrededor de 200 clientes a nivel mundial.<\/p>\n<p>\u2730\u2730\u2730\u2730\u2730\u00a0La ciudad de Quito, Ecuador, gan\u00f3 en la categor\u00eda de Destino L\u00edder de Sudam\u00e9rica, en la que compiti\u00f3 con Lima, Bogot\u00e1, R\u00edo de Janeiro, Sao Paulo, Buenos Aires, Santiago y Gal\u00e1pagos. Este premio es uno de los m\u00e1s importantes de la industria tur\u00edstica mundial. El reconocimiento se logr\u00f3 gracias a la recomendaci\u00f3n de expertos en turismo y a los miles de votos que la ciudad recibi\u00f3 de 171 pa\u00edses durante cuatro meses en la p\u00e1gina: <a href=\"http:\/\/www.worldtravelawards.com\/\" target=\"_blank\">www.worldtravelawards.com<\/a>.Quito particip\u00f3 en la ceremonia para Am\u00e9rica Central y del Sur de los <i>World Travel Awards<\/i> (WTA) 2013, el pasado mes de julio. El evento se realiz\u00f3 en el antiguo templo Huaca Pucllana, en Lima.<\/p>\n<p>\u2730\u2730\u2730\u2730\u2730\u00a0El famoso Arco de<b> <\/b>Cabo San Lucas, formaci\u00f3n rocosa que sale del oc\u00e9ano en la punta de la pen\u00ednsula, ubicada en la uni\u00f3n del Mar de Cort\u00e9s y el oc\u00e9ano Pac\u00edfico, conocido tambi\u00e9n como \u201cEl fin de la Tierra\u201d, se ha convertido en atracci\u00f3n tur\u00edstica y ha sido elegido por el sitio <i>Virtual Tourist,<\/i> que forma parte de la comunidad de <i>TripAdvisor Media Group,<\/i> para elegir a la pr\u00f3xima octava Maravilla del Mundo. Al arco s\u00f3lo se puede llegar en lancha desde la marina de Cabo San Lucas, y durante el trayecto de cinco minutos se encuentran colonias de leones marinos disfrutando un ba\u00f1o de sol sobre las rocas y la playa del Amor. El lugar es ideal para una caminata relajada, un ba\u00f1o de sol, nadar, practicar el <i>snorquel<\/i> o disfrutar un almuerzo sobre la arena. En el siglo XVI, Cabo San Lucas fue un importante punto para los galeones espa\u00f1oles, por lo cual El Arco se convirti\u00f3 en un escondite natural y torre de vig\u00eda para los piratas que esperaban el paso de los buques mercantes cargados de oro y especias. No dejes de participar en la votaci\u00f3n, hay una lista de 67 lugares. El Arco compite entre los cinco sitios tur\u00edsticos m\u00e1s distintivos de M\u00e9xico. La votaci\u00f3n estar\u00e1 abierta hasta el 30 de septiembre y los usuarios podr\u00e1n compartir experiencias, recomendaciones y,\u00a0 votar: <a href=\"http:\/\/www.visitmexico.com\/es\/octava-maravilla-mexico\" target=\"_blank\">http:\/\/www.visitmexico.com\/es\/octava-maravilla-mexico<\/a><\/p>\n<p>\u2730\u2730\u2730\u2730\u2730\u00a0Con el prop\u00f3sito de que el sureste mexicano potencialice su actividad tur\u00edstica y genere una mayor derrama econ\u00f3mica el subsecretario de Operaci\u00f3n Tur\u00edstica de la Sectur, <b>Carlos Joaqu\u00edn Gonz\u00e1lez<\/b>, presidi\u00f3 la reuni\u00f3n, junto con la secretaria de Turismo de Campeche, <b>Vania Kelleher<\/b>,<b> <\/b>en la que conocieron las \u00e1reas de oportunidad y\u00a0 retos que enfrenta esa regi\u00f3n para su desarrollo tur\u00edstico. Al encuentro, convocado por el gobierno de la Rep\u00fablica, que se realiz\u00f3 en la ciudad capital de San Francisco de Campeche, acudieron los secretarios de Turismo de Chiapas, Quintana Roo, Tabasco y Yucat\u00e1n y representantes de las dependencias gubernamentales encargadas de temas que inciden en la actividad tur\u00edstica: la Secretar\u00eda de Comunicaciones y Transportes (SCT), Comisi\u00f3n Nacional de Acuacultura y Pesca (Conapesca), Procuradur\u00eda Federal del Consumidor (Profeco), Secretar\u00eda de Medio Ambiente y Recursos Naturales (Semarnat), y Comisi\u00f3n Nacional de \u00c1reas Naturales Protegidas (Conanp). Adem\u00e1s, Grupo Aeroportuario del Sureste (ASUR), Comisi\u00f3n Nacional para el Desarrollo de los Pueblos Ind\u00edgenas (CDI), Aduanas, Comisi\u00f3n Nacional del Agua (Conagua), Instituto Nacional de Antropolog\u00eda e Historia (INAH), y el Consejo de Promoci\u00f3n Tur\u00edstica de M\u00e9xico (CPTM). Las dependencias recibieron informaci\u00f3n del estado en que se encuentran como: Medio ambiente, infraestructura, equipamiento, desarrollo de producto tur\u00edstico, conectividad a\u00e9rea, terrestre y mar\u00edtima, mejora regulatoria, profesionalizaci\u00f3n y promoci\u00f3n. Se analiz\u00f3 cu\u00e1l es el potencial de\u00a0Mundo Maya\u00a0y c\u00f3mo apoyar, desde sus respectivos \u00e1mbitos, para lograr que esta regi\u00f3n tenga mejores resultados. Luego del an\u00e1lisis se presentaron diversas propuestas: Replantear las actividades tur\u00edsticas permitidas en las \u00e1reas naturales protegidas, impulsando la cultura del aprovechamiento sostenible de sus recursos naturales; Retomar las funciones de los comit\u00e9s de zonas federales en cada uno de los municipios involucrados, e integrar la oferta de productos tur\u00edsticos con nuevas rutas y nuevos recorridos en coordinaci\u00f3n con el CPTM. Trabajar en el desarrollo de nuevas l\u00edneas de productos tur\u00edsticos como el gastron\u00f3mico, lujo y naturaleza, para que sean comercializados por los tour-operadores y se conviertan en productos estrella; Impulsar la se\u00f1alizaci\u00f3n de carreteras y sitios culturales, por medio de la SCT, modernizar los ejes carreteros del\u00a0Mundo Maya, y hacer m\u00e1s eficientes los aeropuertos locales. Se propuso la capacitaci\u00f3n y certificaci\u00f3n de gu\u00edas tur\u00edsticos especializados en el tema de\u00a0Mundo Maya; Promover la conservaci\u00f3n del patrimonio y rescate de centros hist\u00f3ricos; Incrementar\u00a0el n\u00famero de empresas con distintivos de calidad, las cuales ser\u00e1n promovidas por el CPTM, y desarrollar una campa\u00f1a promocional durante el segundo semestre del 2013. La clausura del encuentro estuvo a cargo del gobernador de Campeche, <b>Fernando Eutimio Ortega Bern\u00e9s<\/b>, quien se refiri\u00f3 a la importancia de seguir trabajando de manera coordinada entre los tres \u00f3rdenes de gobierno, con el objetivo de lograr el pleno desarrollo de\u00a0Mundo Maya.<\/p>\n<p><i><em><a href=\"mailto:victoriagprado@gmail.com\" target=\"_blank\">victoriagprado@gmail.com<\/a><\/em><\/i><\/span><\/p>\n","protected":false},"excerpt":{"rendered":"<p><b>Enrique Beltranena<\/b>, director general de Volaris, acompa\u00f1ado por el embajador de Estados Unidos en nuestro pa\u00eds, <b>Anthony Wayne<\/b>; <b>Todd Kallman<\/b>, presidente de la divisi\u00f3n de motores comerciales; <b>David Hess<\/b>, director de la junta de IAE y presidente de <i>Pratt &amp; Whitney<\/i> y, <b>Robert Saia<\/b>, vicepresidente de desarrollo de programas comerciales, ambos de P&amp;W, anunciaron las ventajas que traer\u00e1 la selecci\u00f3n de 95 motores que ser\u00e1n utilizados en las 44 aeronaves <i>Airbus<\/i> de la familia A320, que Volaris recibir\u00e1 entre el 2015 y el 2020. Son 28 motores son del modelo V2500, que la aerol\u00ednea utiliza actualmente en su flota y que ser\u00e1n instalados en 14 aeronaves A320ceo (<i>current engine option<\/i>), 60 motores son modelo <i>PurePower<\/i> PW1100G-JM, que ser\u00e1n instalados en 30 aeronaves A320neo (<i>new engine option<\/i>) y siete motores de repuesto (seis modelo PW1100G-JM y uno modelo V2500).<\/p>\n","protected":false},"author":3,"featured_media":142911,"comment_status":"open","ping_status":"open","sticky":false,"template":"","format":"standard","meta":{"_monsterinsights_skip_tracking":false,"_monsterinsights_sitenote_active":false,"_monsterinsights_sitenote_note":"","_monsterinsights_sitenote_category":0,"footnotes":""},"categories":[11],"tags":[107,43681,106],"class_list":["post-142869","post","type-post","status-publish","format-standard","has-post-thumbnail","hentry","category-turismo","tag-de-cinco-estrellas","tag-turismo","tag-victoria-gonzalez-prado"],"_links":{"self":[{"href":"https:\/\/www.diarioimagen.net\/index.php?rest_route=\/wp\/v2\/posts\/142869","targetHints":{"allow":["GET"]}}],"collection":[{"href":"https:\/\/www.diarioimagen.net\/index.php?rest_route=\/wp\/v2\/posts"}],"about":[{"href":"https:\/\/www.diarioimagen.net\/index.php?rest_route=\/wp\/v2\/types\/post"}],"author":[{"embeddable":true,"href":"https:\/\/www.diarioimagen.net\/index.php?rest_route=\/wp\/v2\/users\/3"}],"replies":[{"embeddable":true,"href":"https:\/\/www.diarioimagen.net\/index.php?rest_route=%2Fwp%2Fv2%2Fcomments&post=142869"}],"version-history":[{"count":0,"href":"https:\/\/www.diarioimagen.net\/index.php?rest_route=\/wp\/v2\/posts\/142869\/revisions"}],"wp:featuredmedia":[{"embeddable":true,"href":"https:\/\/www.diarioimagen.net\/index.php?rest_route=\/wp\/v2\/media\/142911"}],"wp:attachment":[{"href":"https:\/\/www.diarioimagen.net\/index.php?rest_route=%2Fwp%2Fv2%2Fmedia&parent=142869"}],"wp:term":[{"taxonomy":"category","embeddable":true,"href":"https:\/\/www.diarioimagen.net\/index.php?rest_route=%2Fwp%2Fv2%2Fcategories&post=142869"},{"taxonomy":"post_tag","embeddable":true,"href":"https:\/\/www.diarioimagen.net\/index.php?rest_route=%2Fwp%2Fv2%2Ftags&post=142869"}],"curies":[{"name":"wp","href":"https:\/\/api.w.org\/{rel}","templated":true}]}}