{"id":143383,"date":"2013-08-08T17:09:58","date_gmt":"2013-08-08T22:09:58","guid":{"rendered":"http:\/\/www.diarioimagen.net\/?p=143383"},"modified":"2013-08-12T04:20:28","modified_gmt":"2013-08-12T09:20:28","slug":"amlo-trabaja-por-elecciones-no-por-mexico-beltrones","status":"publish","type":"post","link":"https:\/\/www.diarioimagen.net\/?p=143383","title":{"rendered":"AMLO trabaja por elecciones, no por M\u00e9xico: Beltrones"},"content":{"rendered":"<ul>\n<li><strong>\u201cDebate con argumentos, no en la calle\u201d: Madero; \u201cNo nos convencer\u00e1n de cambiar la Constituci\u00f3n\u201d: S\u00e1nchez Camacho<\/strong><\/li>\n<\/ul>\n<div id=\"attachment_143384\" style=\"width: 250px\" class=\"wp-caption alignleft\"><a href=\"http:\/\/www.diarioimagen.net\/wp-content\/uploads\/2013\/08\/petroleo-portal.jpg\"><img loading=\"lazy\" decoding=\"async\" aria-describedby=\"caption-attachment-143384\" class=\"size-medium wp-image-143384\" alt=\"Pozo petrolero. \" src=\"http:\/\/www.diarioimagen.net\/wp-content\/uploads\/2013\/08\/petroleo-portal-240x135.jpg\" width=\"240\" height=\"135\" srcset=\"https:\/\/www.diarioimagen.net\/wp-content\/uploads\/2013\/08\/petroleo-portal-240x135.jpg 240w, https:\/\/www.diarioimagen.net\/wp-content\/uploads\/2013\/08\/petroleo-portal-420x236.jpg 420w, https:\/\/www.diarioimagen.net\/wp-content\/uploads\/2013\/08\/petroleo-portal-235x132.jpg 235w, https:\/\/www.diarioimagen.net\/wp-content\/uploads\/2013\/08\/petroleo-portal-202x114.jpg 202w, https:\/\/www.diarioimagen.net\/wp-content\/uploads\/2013\/08\/petroleo-portal-350x196.jpg 350w, https:\/\/www.diarioimagen.net\/wp-content\/uploads\/2013\/08\/petroleo-portal-220x123.jpg 220w, https:\/\/www.diarioimagen.net\/wp-content\/uploads\/2013\/08\/petroleo-portal-237x132.jpg 237w, https:\/\/www.diarioimagen.net\/wp-content\/uploads\/2013\/08\/petroleo-portal.jpg 480w\" sizes=\"auto, (max-width: 240px) 100vw, 240px\" \/><\/a><p id=\"caption-attachment-143384\" class=\"wp-caption-text\">Pozo petrolero.<\/p><\/div>\n<p>La Comisi\u00f3n Permanente del Congreso de la Uni\u00f3n recibir\u00e1 el pr\u00f3ximo mi\u00e9rcoles 14 de agosto la iniciativa de reforma energ\u00e9tica firmada por el presidente Enrique Pe\u00f1a Nieto, asegur\u00f3 el coordinador de la diputaci\u00f3n priista, Manlio Fabio Beltrones Rivera.<\/p>\n<p>En entrevista en el Palacio Legislativo de San L\u00e1zaro, Beltrones dijo que el cambio que propone Pe\u00f1a Nieto en materia energ\u00e9tica permitir\u00e1 conseguir inversiones para fomentar el crecimiento econ\u00f3mico impulsor del empleo, mejores ingresos y con ello m\u00e1s recaudaci\u00f3n.<\/p>\n<p>Se le pregunt\u00f3 sobre la oposici\u00f3n a este proyecto. \u00bfQu\u00e9 responde a lo que dice L\u00f3pez Obrador, de que es una &#8216;baladronada&#8217; del PRI el que ahora pretenda defender sus puntos de vista en la calle si es necesario, como dijo el dirigente nacional del tricolor?<\/p>\n<p>-La verdad es que de aquellos que son los pol\u00edticos del \u2018no constante\u2019, debemos esperar siempre declaraciones como estas: inconsistentes totalmente y que buscan satisfacer a las galer\u00edas y no est\u00e1n del lado de trascender.<\/p>\n<p>-\u00bfSolamente quiere sacar ventaja (L\u00f3pez Obrador) de esta situaci\u00f3n?<\/p>\n<p>-Seguro; \u00e9l ha trabajado constantemente s\u00f3lo por las elecciones, pero no por M\u00e9xico en su conjunto.<\/p>\n<p>Por su parte, el secretario general del PRD, Alejandro S\u00e1nchez Camacho, asegur\u00f3 que ni el PRI, ni el PAN podr\u00e1n convencerlos de reformar la Constituci\u00f3n en materia energ\u00e9tica. A ellos, \u201cque traen la misma intenci\u00f3n de privatizar Pemex, les decimos que ni hagan cuentas alegres, porque no es remota sino improbable la posibilidad de que en el PRD aceptemos reformar la Constituci\u00f3n\u201d, se\u00f1al\u00f3.<\/p>\n<p>Dijo que su partido no aceptar\u00e1 cambios a los art\u00edculos 25, 27 y 28 constitucionales, como asegur\u00f3 que ser\u00e1 planteado por el Ejecutivo Federal en su propuesta de reforma energ\u00e9tica. \u201cNosotros vamos a acatar el resultado de la consulta nacional ciudadana sobre reformas energ\u00e9tica y hacendaria\u201d.<\/p>\n<p>A su vez, el dirigente panista Gustavo Madero dijo no creer en la democracia de las calles y que quienes recurren a la violencia, presi\u00f3n e intimidaci\u00f3n es porque no tienen argumentos ni votos en las c\u00e1maras. La alusi\u00f3n fue clara a L\u00f3pez Obrador y a sectores de izquierda que est\u00e1n por salir a las calles con una anunciada resistencia a la privatizaci\u00f3n.<\/p>\n<p>Madero tambi\u00e9n vaticin\u00f3 que el PRI deber\u00e1 desechar su ret\u00f3rica nacionalista, morderse la lengua y aceptar lo que el blanquiazul siempre propuso para Pemex, pues estim\u00f3 que la ret\u00f3rica nacionalista que cobij\u00f3 el PRI durante d\u00e9cadas ya no es vigente y tendr\u00e1 que aceptar un modelo energ\u00e9tico ajeno a los monopolios.<\/p>\n<p style=\"text-align: center;\"><strong>\u00a0Piden que la UNAM se abra a debate<\/strong><\/p>\n<p>\u00a0Por otra parte, el grupo Por Redes Universitarias entreg\u00f3 ayer un documento al rector de la UNAM, Jos\u00e9 Narro Robles, para solicitarle las condiciones adecuadas para que la discusi\u00f3n de la reforma energ\u00e9tica pueda desarrollarse en la universidad.<\/p>\n<p>En el texto entregado en Rector\u00eda ubicada en Ciudad Universitaria, se solicita disposici\u00f3n de espacios y difusi\u00f3n en medios universitarios como Radio y TV UNAM. \u201cConscientes de la pluralidad de ideas que existe en la UNAM, nos dirigimos a usted para expresarle nuestra intenci\u00f3n de analizar diferentes propuestas que se han presentado sobre la reforma energ\u00e9tica e invitar al gobierno federal, a los representantes de los partidos e investigadores a debatir p\u00fablicamente el tema con la comunidad universitaria\u201d, se\u00f1alan.<\/p>\n<p>Expresan que por parte del colectivo asumen la responsabilidad de que el debate sea completamente respetuoso y plural, \u201ctenga la certeza de que nuestras acciones ser\u00e1n pac\u00edficas que ser\u00e1n guiadas por la raz\u00f3n y no por la fuerza\u201d.<\/p>\n<p>Manuel Otero, integrante de Por Redes Universitarias precis\u00f3 que ellos fueron un grupo que apoy\u00f3 la campa\u00f1a a la presidencia de Andr\u00e9s Manuel L\u00f3pez Obrador en las pasadas elecciones, pero que actualmente no trabajan de manera conjunta para este fin con el tabasque\u00f1o. \u201cSomos universitarios y acad\u00e9micos sin partido\u201d, dijo e inform\u00f3 que como parte de sus actividades en \u201cdefensa del petr\u00f3leo y la universidad p\u00fablica\u201d realizar\u00e1n una consulta universitaria para conocer la opini\u00f3n de la comunidad respecto a la reforma energ\u00e9tica.<\/p>\n","protected":false},"excerpt":{"rendered":"<p>La Comisi\u00f3n Permanente del Congreso de la Uni\u00f3n recibir\u00e1 el pr\u00f3ximo mi\u00e9rcoles 14 de agosto la iniciativa de reforma energ\u00e9tica firmada por el presidente Enrique Pe\u00f1a Nieto, asegur\u00f3 el coordinador de la diputaci\u00f3n priista, Manlio Fabio Beltrones Rivera.<\/p>\n","protected":false},"author":5,"featured_media":143384,"comment_status":"open","ping_status":"open","sticky":false,"template":"","format":"standard","meta":{"_monsterinsights_skip_tracking":false,"_monsterinsights_sitenote_active":false,"_monsterinsights_sitenote_note":"","_monsterinsights_sitenote_category":0,"footnotes":""},"categories":[3],"tags":[9409,26447],"class_list":["post-143383","post","type-post","status-publish","format-standard","has-post-thumbnail","hentry","category-nacional","tag-madero","tag-reforma-energetica"],"_links":{"self":[{"href":"https:\/\/www.diarioimagen.net\/index.php?rest_route=\/wp\/v2\/posts\/143383","targetHints":{"allow":["GET"]}}],"collection":[{"href":"https:\/\/www.diarioimagen.net\/index.php?rest_route=\/wp\/v2\/posts"}],"about":[{"href":"https:\/\/www.diarioimagen.net\/index.php?rest_route=\/wp\/v2\/types\/post"}],"author":[{"embeddable":true,"href":"https:\/\/www.diarioimagen.net\/index.php?rest_route=\/wp\/v2\/users\/5"}],"replies":[{"embeddable":true,"href":"https:\/\/www.diarioimagen.net\/index.php?rest_route=%2Fwp%2Fv2%2Fcomments&post=143383"}],"version-history":[{"count":0,"href":"https:\/\/www.diarioimagen.net\/index.php?rest_route=\/wp\/v2\/posts\/143383\/revisions"}],"wp:featuredmedia":[{"embeddable":true,"href":"https:\/\/www.diarioimagen.net\/index.php?rest_route=\/wp\/v2\/media\/143384"}],"wp:attachment":[{"href":"https:\/\/www.diarioimagen.net\/index.php?rest_route=%2Fwp%2Fv2%2Fmedia&parent=143383"}],"wp:term":[{"taxonomy":"category","embeddable":true,"href":"https:\/\/www.diarioimagen.net\/index.php?rest_route=%2Fwp%2Fv2%2Fcategories&post=143383"},{"taxonomy":"post_tag","embeddable":true,"href":"https:\/\/www.diarioimagen.net\/index.php?rest_route=%2Fwp%2Fv2%2Ftags&post=143383"}],"curies":[{"name":"wp","href":"https:\/\/api.w.org\/{rel}","templated":true}]}}