{"id":143550,"date":"2013-08-12T00:04:14","date_gmt":"2013-08-12T05:04:14","guid":{"rendered":"http:\/\/www.diarioimagen.net\/?p=143550"},"modified":"2013-08-13T04:36:05","modified_gmt":"2013-08-13T09:36:05","slug":"eruviel-avila-entrega-el-premio-estatal-de-la-juventud-2012","status":"publish","type":"post","link":"https:\/\/www.diarioimagen.net\/?p=143550","title":{"rendered":"Eruviel \u00c1vila entrega el Premio Estatal de la Juventud 2012"},"content":{"rendered":"<ul>\n<li><strong><em>El gobernador mexiquense informa que se invierten poco m\u00e1s de 320 millones de pesos en acciones que benefician a este sector<\/em><\/strong><\/li>\n<\/ul>\n<div id=\"attachment_143626\" style=\"width: 250px\" class=\"wp-caption alignleft\"><a href=\"http:\/\/www.diarioimagen.net\/wp-content\/uploads\/2013\/08\/eruviel-2161.jpg\"><img loading=\"lazy\" decoding=\"async\" aria-describedby=\"caption-attachment-143626\" class=\"size-medium wp-image-143626\" alt=\"El gobernador Eruviel \u00c1vila Villegas entreg\u00f3 el Premio Estatal de la Juventud 2012 a los 20 galardonados que ganaron de entre un total de 335 participantes de 14 a 29 a\u00f1os de edad, provenientes de todas las regiones del Estado de M\u00e9xico, quienes recibieron diplomas y un est\u00edmulo de 50 mil pesos para cada uno, en el marco del D\u00eda Internacional de la Juventud.\" src=\"http:\/\/www.diarioimagen.net\/wp-content\/uploads\/2013\/08\/eruviel-2161-240x135.jpg\" width=\"240\" height=\"135\" srcset=\"https:\/\/www.diarioimagen.net\/wp-content\/uploads\/2013\/08\/eruviel-2161-240x135.jpg 240w, https:\/\/www.diarioimagen.net\/wp-content\/uploads\/2013\/08\/eruviel-2161-420x236.jpg 420w, https:\/\/www.diarioimagen.net\/wp-content\/uploads\/2013\/08\/eruviel-2161-235x132.jpg 235w, https:\/\/www.diarioimagen.net\/wp-content\/uploads\/2013\/08\/eruviel-2161-202x114.jpg 202w, https:\/\/www.diarioimagen.net\/wp-content\/uploads\/2013\/08\/eruviel-2161-350x196.jpg 350w, https:\/\/www.diarioimagen.net\/wp-content\/uploads\/2013\/08\/eruviel-2161-220x123.jpg 220w, https:\/\/www.diarioimagen.net\/wp-content\/uploads\/2013\/08\/eruviel-2161-237x132.jpg 237w, https:\/\/www.diarioimagen.net\/wp-content\/uploads\/2013\/08\/eruviel-2161.jpg 480w\" sizes=\"auto, (max-width: 240px) 100vw, 240px\" \/><\/a><p id=\"caption-attachment-143626\" class=\"wp-caption-text\">El gobernador Eruviel \u00c1vila Villegas entreg\u00f3 el Premio Estatal de la Juventud 2012 a los 20 galardonados que ganaron de entre un total de 335 participantes de 14 a 29 a\u00f1os de edad, provenientes de todas las regiones del Estado de M\u00e9xico, quienes recibieron diplomas y un est\u00edmulo de 50 mil pesos para cada uno, en el marco del D\u00eda Internacional de la Juventud.<\/p><\/div>\n<p><strong><em>Toluca, Estado de M\u00e9xico<\/em><\/strong>.- El gobernador Eruviel \u00c1vila Villegas entreg\u00f3 el Premio Estatal de la Juventud 2012, en un evento donde destac\u00f3 que el gobierno del Estado de M\u00e9xico invierte este a\u00f1o m\u00e1s de 320 millones de pesos para este sector, en rubros como educaci\u00f3n, salud y desarrollo social, con el prop\u00f3sito de contar con j\u00f3venes con m\u00e1s est\u00edmulos para su futuro y tener mexiquenses mejor preparados y protegidos.<\/p>\n<p>\u201cEste premio pretende incentivar la labor que llevan a cabo las y los j\u00f3venes en diferentes rubros. Ustedes son mujeres y hombres de bien, porque se preocuparon, estudiaron y aplicaron su talento y conocimientos para poder hacer estas propuestas; los felicito y me siento muy orgulloso de todas y todos ustedes\u201d, expres\u00f3.<\/p>\n<p>De tal forma, en el marco de los festejos por el D\u00eda Internacional de la Juventud, el gobernador entreg\u00f3 diplomas y un est\u00edmulo de 50 mil pesos para cada uno de los 20 galardonados, quienes ganaron de entre un total de 335 participantes de 14 a 29 a\u00f1os de edad, provenientes de todas las regiones del Estado de M\u00e9xico, en las categor\u00edas de trayectoria acad\u00e9mica, labor social, labor ind\u00edgena, trayectoria art\u00edstica y cultural, superaci\u00f3n de j\u00f3venes con discapacidad, innovaci\u00f3n tecnol\u00f3gica y protecci\u00f3n al medio ambiente.<\/p>\n<p>Eruviel \u00c1vila ofreci\u00f3 impulsar las propuestas de los galardonados, con apoyos por parte del gobierno estatal, a fin de que se materialicen y se traduzcan en beneficios para todos los mexiquenses.<\/p>\n<p>Ante los familiares de los j\u00f3venes reconocidos, el gobernador detall\u00f3 que entre las acciones que el gobierno del Estado de M\u00e9xico lleva a cabo en beneficio de este sector se encuentran la entrega de becas de permanencia escolar, para impedir que la falta de recursos sea obst\u00e1culo en su formaci\u00f3n acad\u00e9mica; becas al extranjero para\u00a0 que estudiantes del nivel superior destacados en su desempe\u00f1o complementen su preparaci\u00f3n; computadoras port\u00e1tiles para alumnos de nivel medio superior y superior.<\/p>\n<p>Asimismo, dijo, se impulsa un programa de servicio social comunitario y uno de educaci\u00f3n dual, para que los j\u00f3venes apliquen sus conocimientos directamente en las \u00e1reas productivas y conozcan verdaderamente el campo laboral; ampliaci\u00f3n de la cobertura de educaci\u00f3n superior, con la construcci\u00f3n de m\u00e1s de 10 planteles; prevenci\u00f3n de problem\u00e1ticas como accidentes automovil\u00edsticos, violencia en el noviazgo, de embarazos en las adolescentes y adicciones, entre otras.<\/p>\n<p>En el Sal\u00f3n del Pueblo del Palacio de Gobierno, Eruviel \u00c1vila hizo un llamado para cerrar filas en torno a los j\u00f3venes, pues de acuerdo con la Organizaci\u00f3n de las Naciones Unidas (ONU), el 18 por ciento de la poblaci\u00f3n mundial pertenece a este sector.<b><\/b><\/p>\n<p>&nbsp;<\/p>\n","protected":false},"excerpt":{"rendered":"<p>El gobernador Eruviel \u00c1vila Villegas entreg\u00f3 el Premio Estatal de la Juventud 2012, en un evento donde destac\u00f3 que el gobierno del Estado de M\u00e9xico invierte este a\u00f1o m\u00e1s de 320 millones de pesos para este sector, en rubros como educaci\u00f3n, salud y desarrollo social, con el prop\u00f3sito de contar con j\u00f3venes con m\u00e1s est\u00edmulos para su futuro y tener mexiquenses mejor preparados y protegidos.<\/p>\n","protected":false},"author":3,"featured_media":143626,"comment_status":"open","ping_status":"open","sticky":false,"template":"","format":"standard","meta":{"_monsterinsights_skip_tracking":false,"_monsterinsights_sitenote_active":false,"_monsterinsights_sitenote_note":"","_monsterinsights_sitenote_category":0,"footnotes":""},"categories":[17,5],"tags":[10996,5828,43675],"class_list":["post-143550","post","type-post","status-publish","format-standard","has-post-thumbnail","hentry","category-especiales","category-estado-de-mexico","tag-dia-internacional-de-la-juventud","tag-eruviel-avila-villegas","tag-estado-de-mexico"],"_links":{"self":[{"href":"https:\/\/www.diarioimagen.net\/index.php?rest_route=\/wp\/v2\/posts\/143550","targetHints":{"allow":["GET"]}}],"collection":[{"href":"https:\/\/www.diarioimagen.net\/index.php?rest_route=\/wp\/v2\/posts"}],"about":[{"href":"https:\/\/www.diarioimagen.net\/index.php?rest_route=\/wp\/v2\/types\/post"}],"author":[{"embeddable":true,"href":"https:\/\/www.diarioimagen.net\/index.php?rest_route=\/wp\/v2\/users\/3"}],"replies":[{"embeddable":true,"href":"https:\/\/www.diarioimagen.net\/index.php?rest_route=%2Fwp%2Fv2%2Fcomments&post=143550"}],"version-history":[{"count":0,"href":"https:\/\/www.diarioimagen.net\/index.php?rest_route=\/wp\/v2\/posts\/143550\/revisions"}],"wp:featuredmedia":[{"embeddable":true,"href":"https:\/\/www.diarioimagen.net\/index.php?rest_route=\/wp\/v2\/media\/143626"}],"wp:attachment":[{"href":"https:\/\/www.diarioimagen.net\/index.php?rest_route=%2Fwp%2Fv2%2Fmedia&parent=143550"}],"wp:term":[{"taxonomy":"category","embeddable":true,"href":"https:\/\/www.diarioimagen.net\/index.php?rest_route=%2Fwp%2Fv2%2Fcategories&post=143550"},{"taxonomy":"post_tag","embeddable":true,"href":"https:\/\/www.diarioimagen.net\/index.php?rest_route=%2Fwp%2Fv2%2Ftags&post=143550"}],"curies":[{"name":"wp","href":"https:\/\/api.w.org\/{rel}","templated":true}]}}