{"id":143593,"date":"2013-08-12T00:03:47","date_gmt":"2013-08-12T05:03:47","guid":{"rendered":"http:\/\/www.diarioimagen.net\/?p=143593"},"modified":"2013-08-13T04:35:58","modified_gmt":"2013-08-13T09:35:58","slug":"festejan-los-200-anos-de-la-catedral-metropolitana","status":"publish","type":"post","link":"https:\/\/www.diarioimagen.net\/?p=143593","title":{"rendered":"Festejan los 200 a\u00f1os de la Catedral Metropolitana"},"content":{"rendered":"<ul>\n<li><strong><em>El jubileo comenzar\u00e1 con la apertura de la Puerta Santa, la celebraci\u00f3n solemne de la eucarist\u00eda y el himno del Te Deum<\/em><\/strong><\/li>\n<\/ul>\n<div id=\"attachment_143639\" style=\"width: 250px\" class=\"wp-caption alignleft\"><a href=\"http:\/\/www.diarioimagen.net\/wp-content\/uploads\/2013\/08\/catedral-2161.jpg\"><img loading=\"lazy\" decoding=\"async\" aria-describedby=\"caption-attachment-143639\" class=\"size-medium wp-image-143639\" alt=\"El jubileo por los 200 a\u00f1os de la Catedral Metropolitana se inicia el jueves y se extender\u00e1 hasta el 28 de noviembre.\" src=\"http:\/\/www.diarioimagen.net\/wp-content\/uploads\/2013\/08\/catedral-2161-240x135.jpg\" width=\"240\" height=\"135\" srcset=\"https:\/\/www.diarioimagen.net\/wp-content\/uploads\/2013\/08\/catedral-2161-240x135.jpg 240w, https:\/\/www.diarioimagen.net\/wp-content\/uploads\/2013\/08\/catedral-2161-420x236.jpg 420w, https:\/\/www.diarioimagen.net\/wp-content\/uploads\/2013\/08\/catedral-2161-235x132.jpg 235w, https:\/\/www.diarioimagen.net\/wp-content\/uploads\/2013\/08\/catedral-2161-202x114.jpg 202w, https:\/\/www.diarioimagen.net\/wp-content\/uploads\/2013\/08\/catedral-2161-350x196.jpg 350w, https:\/\/www.diarioimagen.net\/wp-content\/uploads\/2013\/08\/catedral-2161-220x123.jpg 220w, https:\/\/www.diarioimagen.net\/wp-content\/uploads\/2013\/08\/catedral-2161-237x132.jpg 237w, https:\/\/www.diarioimagen.net\/wp-content\/uploads\/2013\/08\/catedral-2161.jpg 480w\" sizes=\"auto, (max-width: 240px) 100vw, 240px\" \/><\/a><p id=\"caption-attachment-143639\" class=\"wp-caption-text\">El jubileo por los 200 a\u00f1os de la Catedral Metropolitana se inicia el jueves y se extender\u00e1 hasta el 28 de noviembre.<\/p><\/div>\n<p>El arzobispo primado de M\u00e9xico, Norberto Rivera, celebrar\u00e1 el jueves 15 de agosto la misa de inauguraci\u00f3n de los festejos por el bicentenario de la Catedral Metropolitana y abrir\u00e1 la Puerta Santa para que los feligreses ingresen.<\/p>\n<p>\u201cHe ordenado que el 15 de agosto, solemnidad de la Asunci\u00f3n de la Sant\u00edsima Virgen Mar\u00eda a los cielos, patrona de nuestra Catedral, d\u00e9 inicio la celebraci\u00f3n del Jubileo con la apertura de la Puerta Santa, la celebraci\u00f3n solemne de la Eucarist\u00eda y el himno del Te Deum\u201d, dijo el tambi\u00e9n cardenal en una carta.<\/p>\n<p>Anunci\u00f3 que con tal motivo se conceder\u00e1 la indulgencia plenaria a los fieles que visiten la Catedral y cumplan con lo que solicita la Iglesia cat\u00f3lica para alcanzarla, gracia que estar\u00e1 vigente hasta el d\u00eda 28 de noviembre, cuando dar\u00e1n fin a la celebraci\u00f3n del bicentenario.<\/p>\n<p>Asimismo, exhort\u00f3 a las vicar\u00edas territoriales de la Arquidi\u00f3cesis a que se unan a este j\u00fabilo de agradecimiento, al participar de los actos religiosos y culturales que se han organizado y para que, acompa\u00f1adas de sus obispos auxiliares, peregrinen a ese sagrado recinto.<\/p>\n<p>\u201cLa Catedral Metropolitana es considerada el complejo arquitect\u00f3nico religioso virreinal m\u00e1s bello de Am\u00e9rica y al cumplirse 200 a\u00f1os de su terminaci\u00f3n, no puede ser desapercibida para un servidor, cuya c\u00e1tedra se asienta en este hermoso recinto, ni para la Arquidi\u00f3cesis de M\u00e9xico\u201d, refiri\u00f3.<\/p>\n<p>La Catedral Metropolitana de M\u00e9xico, subray\u00f3 el prelado, es orgullo no s\u00f3lo de la ciudad sino del pa\u00eds, pues se ha convertido en un icono de identidad nacional. Enmarcada por la monumental Plaza de la Constituci\u00f3n y flanqueada por el Palacio Nacional, es uno de los templos m\u00e1s grandes y hermosos del mundo.<\/p>\n<p>Sus medidas \u201cson de asombro\u201d, refiri\u00f3: siete mil metros cuadrados de construcci\u00f3n, 59 metros de ancho, 128 metros de largo por 68 metros de altura, cinco naves, 14 capillas laterales y el imponente Altar de los Reyes, obra cumbre del estilo churrigueresco realizada por Ger\u00f3nimo de Balb\u00e1s.<\/p>\n<p>Tambi\u00e9n cuenta con m\u00e1s de dos mil reliquias, la \u00faltima de ellas de quien fuera el arzobispo y virrey de la Nueva Espa\u00f1a, el beato Juan de Palafox y Mendoza; dos \u00f3rganos monumentales, la sacrist\u00eda revestida de las pinturas de Juan Correa y Crist\u00f3bal de Villalpando, adem\u00e1s de su tesoro art\u00edstico, \u201cvarias veces saqueado\u201d.<\/p>\n<p>&nbsp;<\/p>\n","protected":false},"excerpt":{"rendered":"<p>El arzobispo primado de M\u00e9xico, Norberto Rivera, celebrar\u00e1 el jueves 15 de agosto la misa de inauguraci\u00f3n de los festejos por el bicentenario de la Catedral Metropolitana y abrir\u00e1 la Puerta Santa para que los feligreses ingresen.<\/p>\n","protected":false},"author":3,"featured_media":143639,"comment_status":"open","ping_status":"open","sticky":false,"template":"","format":"standard","meta":{"_monsterinsights_skip_tracking":false,"_monsterinsights_sitenote_active":false,"_monsterinsights_sitenote_note":"","_monsterinsights_sitenote_category":0,"footnotes":""},"categories":[17,6],"tags":[11278,204,20602,9563],"class_list":["post-143593","post","type-post","status-publish","format-standard","has-post-thumbnail","hentry","category-especiales","category-cd-de-mexico","tag-arquidiocesis-de-mexico","tag-ciudad-de-mexico","tag-festejo","tag-plaza-de-la-constitucion"],"_links":{"self":[{"href":"https:\/\/www.diarioimagen.net\/index.php?rest_route=\/wp\/v2\/posts\/143593","targetHints":{"allow":["GET"]}}],"collection":[{"href":"https:\/\/www.diarioimagen.net\/index.php?rest_route=\/wp\/v2\/posts"}],"about":[{"href":"https:\/\/www.diarioimagen.net\/index.php?rest_route=\/wp\/v2\/types\/post"}],"author":[{"embeddable":true,"href":"https:\/\/www.diarioimagen.net\/index.php?rest_route=\/wp\/v2\/users\/3"}],"replies":[{"embeddable":true,"href":"https:\/\/www.diarioimagen.net\/index.php?rest_route=%2Fwp%2Fv2%2Fcomments&post=143593"}],"version-history":[{"count":0,"href":"https:\/\/www.diarioimagen.net\/index.php?rest_route=\/wp\/v2\/posts\/143593\/revisions"}],"wp:featuredmedia":[{"embeddable":true,"href":"https:\/\/www.diarioimagen.net\/index.php?rest_route=\/wp\/v2\/media\/143639"}],"wp:attachment":[{"href":"https:\/\/www.diarioimagen.net\/index.php?rest_route=%2Fwp%2Fv2%2Fmedia&parent=143593"}],"wp:term":[{"taxonomy":"category","embeddable":true,"href":"https:\/\/www.diarioimagen.net\/index.php?rest_route=%2Fwp%2Fv2%2Fcategories&post=143593"},{"taxonomy":"post_tag","embeddable":true,"href":"https:\/\/www.diarioimagen.net\/index.php?rest_route=%2Fwp%2Fv2%2Ftags&post=143593"}],"curies":[{"name":"wp","href":"https:\/\/api.w.org\/{rel}","templated":true}]}}