{"id":143698,"date":"2013-08-13T00:05:34","date_gmt":"2013-08-13T05:05:34","guid":{"rendered":"http:\/\/www.diarioimagen.net\/?p=143698"},"modified":"2013-08-14T04:00:13","modified_gmt":"2013-08-14T09:00:13","slug":"llega-al-senado-reforma-energetica-de-pena-nieto","status":"publish","type":"post","link":"https:\/\/www.diarioimagen.net\/?p=143698","title":{"rendered":"Llega al Senado reforma energ\u00e9tica de Pe\u00f1a Nieto"},"content":{"rendered":"<div id=\"attachment_143699\" style=\"width: 250px\" class=\"wp-caption alignleft\"><a href=\"http:\/\/www.diarioimagen.net\/wp-content\/uploads\/2013\/08\/SENADO-PORTAL.jpg\"><img loading=\"lazy\" decoding=\"async\" aria-describedby=\"caption-attachment-143699\" class=\"size-medium wp-image-143699\" alt=\"El Senado de la Rep\u00fablica recibi\u00f3 ayer la iniciativa de reformas constitucionales en materia energ\u00e9tica.\" src=\"http:\/\/www.diarioimagen.net\/wp-content\/uploads\/2013\/08\/SENADO-PORTAL-240x135.jpg\" width=\"240\" height=\"135\" srcset=\"https:\/\/www.diarioimagen.net\/wp-content\/uploads\/2013\/08\/SENADO-PORTAL-240x135.jpg 240w, https:\/\/www.diarioimagen.net\/wp-content\/uploads\/2013\/08\/SENADO-PORTAL-420x236.jpg 420w, https:\/\/www.diarioimagen.net\/wp-content\/uploads\/2013\/08\/SENADO-PORTAL-235x132.jpg 235w, https:\/\/www.diarioimagen.net\/wp-content\/uploads\/2013\/08\/SENADO-PORTAL-202x114.jpg 202w, https:\/\/www.diarioimagen.net\/wp-content\/uploads\/2013\/08\/SENADO-PORTAL-350x196.jpg 350w, https:\/\/www.diarioimagen.net\/wp-content\/uploads\/2013\/08\/SENADO-PORTAL-220x123.jpg 220w, https:\/\/www.diarioimagen.net\/wp-content\/uploads\/2013\/08\/SENADO-PORTAL-237x132.jpg 237w, https:\/\/www.diarioimagen.net\/wp-content\/uploads\/2013\/08\/SENADO-PORTAL.jpg 480w\" sizes=\"auto, (max-width: 240px) 100vw, 240px\" \/><\/a><p id=\"caption-attachment-143699\" class=\"wp-caption-text\">El Senado de la Rep\u00fablica recibi\u00f3 ayer la iniciativa de reformas constitucionales en materia energ\u00e9tica.<\/p><\/div>\n<p>El Senado de la Rep\u00fablica recibi\u00f3 ayer la iniciativa de reformas constitucionales en materia energ\u00e9tica que le fue enviada por el presidente Enrique Pe\u00f1a Nieto.<\/p>\n<p>Eso ocurri\u00f3 a las 15:05 horas y dicha iniciativa ser\u00e1 tramitada hasta el mi\u00e9rcoles en la sesi\u00f3n de la Comisi\u00f3n Permanente.<\/p>\n<p>Se prev\u00e9 que por tratarse de una propuesta de cambio constitucional, la reforma sea turnada a varias comisiones legislativas. \u00c9stas son, la Comisi\u00f3n de Puntos Constitucionales que es presidida por el priista Ra\u00fal Cervantes; la de Energ\u00eda, que preside el tambi\u00e9n priista David Penchyna, y la de Estudios Legislativos, que preside la priista Graciela Ortiz.<\/p>\n<p>La iniciativa pretende modificar los art\u00edculos 27 y 28 para abrir a la inversi\u00f3n privada la exploraci\u00f3n y explotaci\u00f3n de Pemex; as\u00ed como la producci\u00f3n de energ\u00eda el\u00e9ctrica.<\/p>\n<p>El presidente Enrique Pe\u00f1a Nieto plante\u00f3 por la ma\u00f1ana que su iniciativa permitir\u00e1 celebrar contratos de utilidad compartida con el sector privado y que espera un debate legislativo a fondo sobre esta materia.<\/p>\n","protected":false},"excerpt":{"rendered":"<p>El Senado de la Rep\u00fablica recibi\u00f3 ayer la iniciativa de reformas constitucionales en materia energ\u00e9tica que le fue enviada por el presidente Enrique Pe\u00f1a Nieto. Eso ocurri\u00f3 a las 15:05 horas y dicha iniciativa ser\u00e1 tramitada hasta el mi\u00e9rcoles en la sesi\u00f3n de la Comisi\u00f3n Permanente.<\/p>\n","protected":false},"author":5,"featured_media":143699,"comment_status":"open","ping_status":"open","sticky":false,"template":"","format":"standard","meta":{"_monsterinsights_skip_tracking":false,"_monsterinsights_sitenote_active":false,"_monsterinsights_sitenote_note":"","_monsterinsights_sitenote_category":0,"footnotes":""},"categories":[17,3],"tags":[26447,1409],"class_list":["post-143698","post","type-post","status-publish","format-standard","has-post-thumbnail","hentry","category-especiales","category-nacional","tag-reforma-energetica","tag-senado"],"_links":{"self":[{"href":"https:\/\/www.diarioimagen.net\/index.php?rest_route=\/wp\/v2\/posts\/143698","targetHints":{"allow":["GET"]}}],"collection":[{"href":"https:\/\/www.diarioimagen.net\/index.php?rest_route=\/wp\/v2\/posts"}],"about":[{"href":"https:\/\/www.diarioimagen.net\/index.php?rest_route=\/wp\/v2\/types\/post"}],"author":[{"embeddable":true,"href":"https:\/\/www.diarioimagen.net\/index.php?rest_route=\/wp\/v2\/users\/5"}],"replies":[{"embeddable":true,"href":"https:\/\/www.diarioimagen.net\/index.php?rest_route=%2Fwp%2Fv2%2Fcomments&post=143698"}],"version-history":[{"count":0,"href":"https:\/\/www.diarioimagen.net\/index.php?rest_route=\/wp\/v2\/posts\/143698\/revisions"}],"wp:featuredmedia":[{"embeddable":true,"href":"https:\/\/www.diarioimagen.net\/index.php?rest_route=\/wp\/v2\/media\/143699"}],"wp:attachment":[{"href":"https:\/\/www.diarioimagen.net\/index.php?rest_route=%2Fwp%2Fv2%2Fmedia&parent=143698"}],"wp:term":[{"taxonomy":"category","embeddable":true,"href":"https:\/\/www.diarioimagen.net\/index.php?rest_route=%2Fwp%2Fv2%2Fcategories&post=143698"},{"taxonomy":"post_tag","embeddable":true,"href":"https:\/\/www.diarioimagen.net\/index.php?rest_route=%2Fwp%2Fv2%2Ftags&post=143698"}],"curies":[{"name":"wp","href":"https:\/\/api.w.org\/{rel}","templated":true}]}}