{"id":143725,"date":"2013-08-13T00:07:24","date_gmt":"2013-08-13T05:07:24","guid":{"rendered":"http:\/\/www.diarioimagen.net\/?p=143725"},"modified":"2013-08-14T02:41:26","modified_gmt":"2013-08-14T07:41:26","slug":"al-rescatar-el-27-de-cardenas-pena-anula-a-amlo-y-demas-opositores","status":"publish","type":"post","link":"https:\/\/www.diarioimagen.net\/?p=143725","title":{"rendered":"Al rescatar el 27 de C\u00e1rdenas, Pe\u00f1a anula a AMLO y dem\u00e1s opositores"},"content":{"rendered":"<h2>Tras la puerta del poder<\/h2>\n<h5>Roberto Vizca\u00edno<\/h5>\n<p><span><\/p>\n<ul>\n<li><strong><i>\u00bfC\u00f3mo insistir en que privatizar\u00e1 a Pemex si el general fue el que abri\u00f3 la participaci\u00f3n de la IP en esa paraestatal?<\/i><\/strong><\/li>\n<li><strong><i>Ma\u00f1ana entrar\u00e1 a la Comisi\u00f3n Permanente para ser turnada a comisiones y comenzar el debate<\/i><\/strong><\/li>\n<li><strong><i>Mar\u00eda Elena Morera de \u201cCausa Com\u00fan\u201d fue utilizada por Ebrard para pegarle a Mancera<\/i><\/strong><\/li>\n<\/ul>\n<div id=\"attachment_143797\" style=\"width: 250px\" class=\"wp-caption alignleft\"><a href=\"http:\/\/www.diarioimagen.net\/wp-content\/uploads\/2013\/08\/MARAL-2162.jpg\" target=\"_blank\"><img loading=\"lazy\" decoding=\"async\" aria-describedby=\"caption-attachment-143797\" class=\"size-medium wp-image-143797\" alt=\"Cart\u00f3n de Maral\" src=\"http:\/\/www.diarioimagen.net\/wp-content\/uploads\/2013\/08\/MARAL-2162-240x180.jpg\" width=\"240\" height=\"180\" srcset=\"https:\/\/www.diarioimagen.net\/wp-content\/uploads\/2013\/08\/MARAL-2162-240x180.jpg 240w, https:\/\/www.diarioimagen.net\/wp-content\/uploads\/2013\/08\/MARAL-2162-420x315.jpg 420w, https:\/\/www.diarioimagen.net\/wp-content\/uploads\/2013\/08\/MARAL-2162.jpg 700w\" sizes=\"auto, (max-width: 240px) 100vw, 240px\" \/><\/a><p id=\"caption-attachment-143797\" class=\"wp-caption-text\">Cart\u00f3n de Maral<\/p><\/div>\n<p>El presidente Enrique Pe\u00f1a Nieto vacun\u00f3 su reforma energ\u00e9tica al inyectarle nada m\u00e1s y nada menos que el ant\u00eddoto perfecto: la esencia de la reforma que promovi\u00f3 el general L\u00e1zaro C\u00e1rdenas en 1940 al 27 constitucional y que permit\u00eda la participaci\u00f3n de la IP en Pemex.<\/p>\n<p>Y de paso demostr\u00f3 que sus detractores a priori, esos que lo cuestionaron y condenaron sin antes conocer su propuesta, ni siquiera conoc\u00edan el texto de la reforma cardenista.<\/p>\n<p>Y es que Pe\u00f1a Nieto fundamenta amplia y profundamente su reforma energ\u00e9tica en las tres l\u00edneas subrayadas del siguiente p\u00e1rrafo, mismo que fue enviado por el entonces Presidente L\u00e1zaro C\u00e1rdenas al Congreso:<\/p>\n<p>\u201cEn los casos a que se refieren los dos p\u00e1rrafos anteriores, el dominio de la naci\u00f3n es inalienable e imprescriptible, <b>y s\u00f3lo podr\u00e1n hacerse concesiones por el gobierno federal a los particulares o sociedades civiles o comerciales constituidos conforme a las leyes mexicanas<\/b>, con la condici\u00f3n de que se establezcan trabajos regulares para la explotaci\u00f3n de los elementos de que se trata y se cumpla con los requisitos que prevengan las leyes.<\/p>\n<p>\u201cTrat\u00e1ndose del petr\u00f3leo y de los carburos de hidr\u00f3geno s\u00f3lidos, l\u00edquidos o gaseosos no se expedir\u00e1n concesiones y la Ley Reglamentaria respectiva determinar\u00e1 la forma en que la naci\u00f3n llevar\u00e1 a cabo las explotaciones de esos productos\u201d.<\/p>\n<p>As\u00ed qued\u00f3 establecido hasta 1960, fecha en que el presidente Adolfo L\u00f3pez Mateos lo modific\u00f3 de nuevo y prohibi\u00f3 lo que hab\u00eda permitido la reforma del general C\u00e1rdenas.<\/p>\n<p>Ayer, para dejar claro que el presidente C\u00e1rdenas s\u00ed estaba de acuerdo en abrir ciertas \u00e1reas de Pemex a la IP, Pe\u00f1a Nieto ley\u00f3 lo que \u00e9ste dijo a los diputados de entonces para avalar su propuesta.<\/p>\n<p><b>\u201cLa exclusi\u00f3n de los particulares del r\u00e9gimen de concesiones<\/b> que el art\u00edculo 27 fija para la explotaci\u00f3n de los recursos naturales del dominio p\u00fablico, <b>no implica que la naci\u00f3n abandone la posibilidad de admitir la colaboraci\u00f3n de la iniciativa privada sino simplemente que esa colaboraci\u00f3n deber\u00e1 realizarse en el futuro dentro de las formas jur\u00eddicas diversas de la concesi\u00f3n\u2026\u201d<\/b> (negritas de este columnista)<\/p>\n<p>\u00bfY ahora qu\u00e9 van a decir AMLO y los otros que esgrim\u00edan al general C\u00e1rdenas para exigir que no se reformara la Constituci\u00f3n a fin de abrir Pemex a la IP?<\/p>\n<p align=\"center\">\u00a0<b>VA TAMBI\u00c9N EL 28<\/b><\/p>\n<p>En la misma propuesta de Pe\u00f1a Nieto se plantea reformar el 28 constitucional que se refiere a la prohibici\u00f3n de los monopolios de todo tipo en M\u00e9xico.<\/p>\n<p>Esta reforma es necesaria para apoyar los cambios al 27 porque as\u00ed se establece que ni Pemex ni la CFE pueden seguir siendo monopolios en el manejo, uno de los hidrocarburos y el otro en la electricidad.<\/p>\n<p>Esto significa que una vez que se logre la reforma, si es que as\u00ed lo determinan los diputados y senadores y la mayor\u00eda de los congresos estatales, entonces se ver\u00e1 la apertura y operaci\u00f3n de gasolineras de otras empresas, por ejemplo de empresas de EU, Espa\u00f1a o Francia.<\/p>\n<p>Habr\u00e1 as\u00ed, como ocurre en esos pa\u00edses, un juego de mercado y las gasolinas y otros productos ser\u00e1n m\u00e1s baratos en algunos expendios respecto de otros.<\/p>\n<p align=\"center\">\u00a0<b>PE\u00d1A MIDI\u00d3 SU EFECTO<\/b><\/p>\n<p>Es obvio que el presidente Enrique Pe\u00f1a Nieto lleva su reforma energ\u00e9tica cuidando prudentemente varios escenarios.<\/p>\n<p>Todos supimos que ya ten\u00eda preparada esta propuesta desde hace m\u00e1s de una semana y que la iba a presentar el mi\u00e9rcoles pasado, para que entrara directamente a la Comisi\u00f3n Permanente.<\/p>\n<p>Pero se le atravesaron dos hechos esenciales para dos de sus socios pol\u00edticos m\u00e1s importantes dentro de la mesa del Consejo Rector del Pacto por M\u00e9xico:<\/p>\n<p>&#8211; Gustavo Madero, presidente del PAN, ten\u00eda el s\u00e1bado siguiente la continuaci\u00f3n de su 17 Asamblea \u00a0donde estar\u00eda en juego no s\u00f3lo su permanencia, sino la aprobaci\u00f3n o rechazo de las reformas a los estatutos de este partido, reformas que le permitir\u00edan ir hacia una elecci\u00f3n de dirigentes a fin de a\u00f1o con base en el voto de los militantes. Era obvio que la presentaci\u00f3n de la iniciativa de reforma energ\u00e9tica podr\u00eda modificarle el escenario a Madero.<\/p>\n<p>&#8211; Y ese mismo s\u00e1bado el otro socio del Pacto, el perredista Jes\u00fas Zambrano ten\u00eda que enfrentar un Consejo donde se avaluar\u00eda la muy precaria situaci\u00f3n electoral de este partido en el pa\u00eds como consecuencia de los comicios de julio. Ah\u00ed se debatir\u00eda si el PRD deb\u00eda o no continuar dentro del Pacto por M\u00e9xico. Haber presentado la iniciativa el mi\u00e9rcoles pasado le habr\u00eda provocado innumerables resistencias a Zambrano y su corriente, Nueva Izquierda que es la que act\u00faa dentro del Consejo Rector.<\/p>\n<p>De ah\u00ed que Pe\u00f1a Nieto pospuso el lanzamiento de esta iniciativa hasta ayer. El principio es simple: M\u00e1s vale mantener buenas relaciones con esos personajes, y no debilitar a quienes le acompa\u00f1ar\u00e1n en esta y otras reformas, que intentar ganar titulares period\u00edsticos y tiempos legislativos.<\/p>\n<p>Esa y no otra fue la raz\u00f3n que decidi\u00f3 posponer una semana m\u00e1s ese lanzamiento.<\/p>\n<p align=\"center\"><b>HOY LLEGAR\u00c1 AL SENADO<\/b><\/p>\n<p>Ya ayer en una primera reacci\u00f3n L\u00f3pez Obrador dijo que \u201ces mentira que Pemex est\u00e9 en quiebra\u201d. Ya no esgrimi\u00f3 lo de que se privatizar\u00e1 Pemex. Y dej\u00f3 de lado su argumento previo de que no permitir\u00eda que se reformara el 27 constitucional. \u00bfC\u00f3mo podr\u00eda oponerse ahora a una reforma promovida por L\u00e1zaro C\u00e1rdenas? \u00a1Vaya problema para el tabasque\u00f1o!, \u00bfno?<\/p>\n<p>En este contexto Pe\u00f1a Nieto enviar\u00e1 hoy esta iniciativa al Senado de la Rep\u00fablica que con seguridad ma\u00f1ana, durante la sesi\u00f3n ordinaria semanal de la Comisi\u00f3n Permanente, el presidente saliente de la C\u00e1mara alta, el panista Ernesto Cordero entregar\u00e1 al menos a las comisiones de Energ\u00eda, la de Estudios Legislativos y a la de Puntos Constitucionales, seg\u00fan dijo el coordinador de los senadores del PRI, Emilio Gamboa.<\/p>\n<p align=\"center\">\u00a0<b>SIN FECHA DE APROBACI\u00d3N<\/b><\/p>\n<p>Una vez en ese molino legislativo, la iniciativa de reforma energ\u00e9tica de C\u00e1rdenas-Pe\u00f1a Nieto, no tendr\u00e1 tiempos establecidos para su debate y aprobaci\u00f3n, indic\u00f3 el yucateco.<\/p>\n<p>El tr\u00e1mite indica que una vez en comisiones, esta iniciativa \u00a0se va a sumar a la que ya present\u00f3 Gustavo Madero presidente del PAN y la que el PRD entregar\u00e1 en los siguientes d\u00edas.<\/p>\n<p>Ah\u00ed se retomar\u00e1 lo que los senadores consideren procedente de cada documento para proponer un solo dictamen que deber\u00e1 ser aprobado por las dos terceras partes.<\/p>\n<p align=\"center\">\u00a0<b>MARCELO, DESESPERADO<\/b><\/p>\n<p>Qu\u00e9 pena que la presidenta de \u201cCausa en Com\u00fan\u201d, Mar\u00eda Elena Morera deje que la tripulen dentro de la grilla que desde hace algunos meses promueve el desesperado Marcelo Ebrard contra el actual gobierno de Miguel \u00c1ngel Mancera. Una se\u00f1ora como ella no deber\u00eda meterse en esas aguas. El senador Mario Delgado la utiliz\u00f3, con el pretexto de un foro sobre seguridad en el Senado, y ella ni siquiera se dio cuenta.<\/p>\n<p><em><a href=\"mailto:rvizcaino@gmail.com\" target=\"_blank\">rvizcaino@gmail.com<\/a><\/em><\/span><\/p>\n","protected":false},"excerpt":{"rendered":"<p><span style=\"color: #005497;\"><strong>Roberto Vizca\u00edno<\/strong><\/span><br \/>\n<br \/>\nEl presidente Enrique Pe\u00f1a Nieto vacun\u00f3 su reforma energ\u00e9tica al inyectarle nada m\u00e1s y nada menos que el ant\u00eddoto perfecto: la esencia de la reforma que promovi\u00f3 el general L\u00e1zaro C\u00e1rdenas en 1940 al 27 constitucional y que permit\u00eda la participaci\u00f3n de la IP en Pemex.<\/p>\n","protected":false},"author":3,"featured_media":143797,"comment_status":"open","ping_status":"open","sticky":false,"template":"","format":"standard","meta":{"_monsterinsights_skip_tracking":false,"_monsterinsights_sitenote_active":false,"_monsterinsights_sitenote_note":"","_monsterinsights_sitenote_category":0,"footnotes":""},"categories":[136],"tags":[18,5314,43674,93,94],"class_list":["post-143725","post","type-post","status-publish","format-standard","has-post-thumbnail","hentry","category-roberto-vizcaino-opinion","tag-enrique-pena-nieto","tag-miguel-angel-mancera-espinosa","tag-opinion","tag-roberto-vizcaino","tag-tras-la-puerta-del-poder"],"_links":{"self":[{"href":"https:\/\/www.diarioimagen.net\/index.php?rest_route=\/wp\/v2\/posts\/143725","targetHints":{"allow":["GET"]}}],"collection":[{"href":"https:\/\/www.diarioimagen.net\/index.php?rest_route=\/wp\/v2\/posts"}],"about":[{"href":"https:\/\/www.diarioimagen.net\/index.php?rest_route=\/wp\/v2\/types\/post"}],"author":[{"embeddable":true,"href":"https:\/\/www.diarioimagen.net\/index.php?rest_route=\/wp\/v2\/users\/3"}],"replies":[{"embeddable":true,"href":"https:\/\/www.diarioimagen.net\/index.php?rest_route=%2Fwp%2Fv2%2Fcomments&post=143725"}],"version-history":[{"count":0,"href":"https:\/\/www.diarioimagen.net\/index.php?rest_route=\/wp\/v2\/posts\/143725\/revisions"}],"wp:featuredmedia":[{"embeddable":true,"href":"https:\/\/www.diarioimagen.net\/index.php?rest_route=\/wp\/v2\/media\/143797"}],"wp:attachment":[{"href":"https:\/\/www.diarioimagen.net\/index.php?rest_route=%2Fwp%2Fv2%2Fmedia&parent=143725"}],"wp:term":[{"taxonomy":"category","embeddable":true,"href":"https:\/\/www.diarioimagen.net\/index.php?rest_route=%2Fwp%2Fv2%2Fcategories&post=143725"},{"taxonomy":"post_tag","embeddable":true,"href":"https:\/\/www.diarioimagen.net\/index.php?rest_route=%2Fwp%2Fv2%2Ftags&post=143725"}],"curies":[{"name":"wp","href":"https:\/\/api.w.org\/{rel}","templated":true}]}}