{"id":143756,"date":"2013-08-13T00:08:08","date_gmt":"2013-08-13T05:08:08","guid":{"rendered":"http:\/\/www.diarioimagen.net\/?p=143756"},"modified":"2013-08-13T04:01:04","modified_gmt":"2013-08-13T09:01:04","slug":"cambio-en-energia-debe-ser-transformador-uaem","status":"publish","type":"post","link":"https:\/\/www.diarioimagen.net\/?p=143756","title":{"rendered":"Cambio en energ\u00eda debe ser transformador: UAEM"},"content":{"rendered":"<ul>\n<li><strong><em>De manera responsable<\/em><\/strong><\/li>\n<\/ul>\n<div id=\"attachment_143781\" style=\"width: 250px\" class=\"wp-caption alignleft\"><a href=\"http:\/\/www.diarioimagen.net\/wp-content\/uploads\/2013\/08\/UAEM-2162.jpg\"><img loading=\"lazy\" decoding=\"async\" aria-describedby=\"caption-attachment-143781\" class=\"size-medium wp-image-143781\" alt=\"El rector de la Universidad Aut\u00f3noma del Estado de M\u00e9xico, Jorge Olvera Garc\u00eda\" src=\"http:\/\/www.diarioimagen.net\/wp-content\/uploads\/2013\/08\/UAEM-2162-240x135.jpg\" width=\"240\" height=\"135\" srcset=\"https:\/\/www.diarioimagen.net\/wp-content\/uploads\/2013\/08\/UAEM-2162-240x135.jpg 240w, https:\/\/www.diarioimagen.net\/wp-content\/uploads\/2013\/08\/UAEM-2162-420x236.jpg 420w, https:\/\/www.diarioimagen.net\/wp-content\/uploads\/2013\/08\/UAEM-2162-235x132.jpg 235w, https:\/\/www.diarioimagen.net\/wp-content\/uploads\/2013\/08\/UAEM-2162-202x114.jpg 202w, https:\/\/www.diarioimagen.net\/wp-content\/uploads\/2013\/08\/UAEM-2162-350x196.jpg 350w, https:\/\/www.diarioimagen.net\/wp-content\/uploads\/2013\/08\/UAEM-2162-220x123.jpg 220w, https:\/\/www.diarioimagen.net\/wp-content\/uploads\/2013\/08\/UAEM-2162-237x132.jpg 237w, https:\/\/www.diarioimagen.net\/wp-content\/uploads\/2013\/08\/UAEM-2162.jpg 480w\" sizes=\"auto, (max-width: 240px) 100vw, 240px\" \/><\/a><p id=\"caption-attachment-143781\" class=\"wp-caption-text\">El rector de la Universidad Aut\u00f3noma del Estado de M\u00e9xico, Jorge Olvera Garc\u00eda<\/p><\/div>\n<p>Ante la propuesta de reforma energ\u00e9tica presentada ayer lunes por el Ejecutivo federal, los universitarios debemos conducirnos con una actitud reflexiva, cr\u00edtica y propositiva, con la finalidad de coadyuvar en la consolidaci\u00f3n de una iniciativa responsablemente transformadora, en beneficio de todos los mexicanos, que nos conduzca hacia el progreso y el bienestar, sostuvo el rector de la Universidad Aut\u00f3noma del Estado de M\u00e9xico, Jorge Olvera Garc\u00eda.<\/p>\n<p>Al encabezar la inauguraci\u00f3n de los Foros para Conformar el Plan Rector de Desarrollo Institucional 2013-2017, que tuvo como sede el Centro Universitario UAEM Ecatepec, Olvera Garc\u00eda consider\u00f3 que los universitarios \u201cdeberemos darle cabal seguimiento a este proceso que hoy inicia y por encima de ideolog\u00edas, debemos pensar y aportar en el inter\u00e9s que beneficie a todos los mexicanos\u201d.<\/p>\n<p>Acompa\u00f1ado por el secretario de Planeaci\u00f3n y Desarrollo Institucional, Manuel Hern\u00e1ndez Luna, as\u00ed como el director del Centro Universitario UAEM Ecatepec, Cuauht\u00e9moc Hidalgo Cort\u00e9s, el rector subray\u00f3 la importancia del documento que contendr\u00e1 los lineamientos que marcar\u00e1n el futuro desarrollo de la naci\u00f3n.<\/p>\n<p>En la hechura de la reforma, manifest\u00f3, deben tener cabida voces cr\u00edticas y propositivas, con el prop\u00f3sito de edificar una verdadera pol\u00edtica p\u00fablica en materia energ\u00e9tica, que contribuya a que el sector educativo reciba m\u00e1s recursos para la investigaci\u00f3n, la formaci\u00f3n de j\u00f3venes profesionales, la difusi\u00f3n cultural y la investigaci\u00f3n.<\/p>\n<p>Ante estudiantes, docentes, investigadores, trabajadores administrativos y directivos de toda la instituci\u00f3n, expres\u00f3 su deseo para que la discusi\u00f3n permita edificar una verdadera pol\u00edtica p\u00fablica en materia energ\u00e9tica, que contribuya a que el sector educativo reciba m\u00e1s recursos para la investigaci\u00f3n, la formaci\u00f3n de j\u00f3venes profesionales y la difusi\u00f3n de la cultura, ya que \u201ces urgente incrementar los recursos destinados a la educaci\u00f3n y la reforma es una alternativa real para ello\u201d.<\/p>\n<p>En el marco del inicio del primero de los cuatro foros que se efectuar\u00e1n para conformar el Plan Rector de Desarrollo Institucional para su administraci\u00f3n, en los cuales se espera agrupar m\u00e1s de tres mil propuestas y sugerencias de la comunidad universitaria, destac\u00f3 que la UAEM no es ajena a la vertiginosa transformaci\u00f3n de su entorno y asume el reto de su contin\u00faa renovaci\u00f3n, para que le result\u00e9 posible incidir con oportunidad en la resoluci\u00f3n de los principales temas de la regi\u00f3n, el estado y el pa\u00eds.<\/p>\n","protected":false},"excerpt":{"rendered":"<p>Ante la propuesta de reforma energ\u00e9tica presentada ayer lunes por el Ejecutivo federal, los universitarios debemos conducirnos con una actitud reflexiva, cr\u00edtica y propositiva, con la finalidad de coadyuvar en la consolidaci\u00f3n de una iniciativa responsablemente transformadora, en beneficio de todos los mexicanos, que nos conduzca hacia el progreso y el bienestar, sostuvo el rector de la Universidad Aut\u00f3noma del Estado de M\u00e9xico, Jorge Olvera Garc\u00eda.<\/p>\n","protected":false},"author":3,"featured_media":143781,"comment_status":"open","ping_status":"open","sticky":false,"template":"","format":"standard","meta":{"_monsterinsights_skip_tracking":false,"_monsterinsights_sitenote_active":false,"_monsterinsights_sitenote_note":"","_monsterinsights_sitenote_category":0,"footnotes":""},"categories":[5],"tags":[43675,1491],"class_list":["post-143756","post","type-post","status-publish","format-standard","has-post-thumbnail","hentry","category-estado-de-mexico","tag-estado-de-mexico","tag-uaem"],"_links":{"self":[{"href":"https:\/\/www.diarioimagen.net\/index.php?rest_route=\/wp\/v2\/posts\/143756","targetHints":{"allow":["GET"]}}],"collection":[{"href":"https:\/\/www.diarioimagen.net\/index.php?rest_route=\/wp\/v2\/posts"}],"about":[{"href":"https:\/\/www.diarioimagen.net\/index.php?rest_route=\/wp\/v2\/types\/post"}],"author":[{"embeddable":true,"href":"https:\/\/www.diarioimagen.net\/index.php?rest_route=\/wp\/v2\/users\/3"}],"replies":[{"embeddable":true,"href":"https:\/\/www.diarioimagen.net\/index.php?rest_route=%2Fwp%2Fv2%2Fcomments&post=143756"}],"version-history":[{"count":0,"href":"https:\/\/www.diarioimagen.net\/index.php?rest_route=\/wp\/v2\/posts\/143756\/revisions"}],"wp:featuredmedia":[{"embeddable":true,"href":"https:\/\/www.diarioimagen.net\/index.php?rest_route=\/wp\/v2\/media\/143781"}],"wp:attachment":[{"href":"https:\/\/www.diarioimagen.net\/index.php?rest_route=%2Fwp%2Fv2%2Fmedia&parent=143756"}],"wp:term":[{"taxonomy":"category","embeddable":true,"href":"https:\/\/www.diarioimagen.net\/index.php?rest_route=%2Fwp%2Fv2%2Fcategories&post=143756"},{"taxonomy":"post_tag","embeddable":true,"href":"https:\/\/www.diarioimagen.net\/index.php?rest_route=%2Fwp%2Fv2%2Ftags&post=143756"}],"curies":[{"name":"wp","href":"https:\/\/api.w.org\/{rel}","templated":true}]}}