{"id":143853,"date":"2013-08-14T00:03:04","date_gmt":"2013-08-14T05:03:04","guid":{"rendered":"http:\/\/www.diarioimagen.net\/?p=143853"},"modified":"2013-08-15T04:37:59","modified_gmt":"2013-08-15T09:37:59","slug":"caro-quintero-no-puede-ser-extraditado","status":"publish","type":"post","link":"https:\/\/www.diarioimagen.net\/?p=143853","title":{"rendered":"Caro Quintero no puede ser extraditado"},"content":{"rendered":"<ul>\n<li><em><strong>El canciller Meade ofrece \u201ccorregir el fallo\u201d que liber\u00f3 al capo<\/strong><\/em><\/li>\n<\/ul>\n<div id=\"attachment_143854\" style=\"width: 250px\" class=\"wp-caption alignleft\"><a href=\"http:\/\/www.diarioimagen.net\/wp-content\/uploads\/2013\/08\/caro-portal.jpg\"><img loading=\"lazy\" decoding=\"async\" aria-describedby=\"caption-attachment-143854\" class=\"size-medium wp-image-143854\" alt=\"Rafael Caro Quintero, narcotraficante.\" src=\"http:\/\/www.diarioimagen.net\/wp-content\/uploads\/2013\/08\/caro-portal-240x135.jpg\" width=\"240\" height=\"135\" srcset=\"https:\/\/www.diarioimagen.net\/wp-content\/uploads\/2013\/08\/caro-portal-240x135.jpg 240w, https:\/\/www.diarioimagen.net\/wp-content\/uploads\/2013\/08\/caro-portal-420x236.jpg 420w, https:\/\/www.diarioimagen.net\/wp-content\/uploads\/2013\/08\/caro-portal-235x132.jpg 235w, https:\/\/www.diarioimagen.net\/wp-content\/uploads\/2013\/08\/caro-portal-202x114.jpg 202w, https:\/\/www.diarioimagen.net\/wp-content\/uploads\/2013\/08\/caro-portal-350x196.jpg 350w, https:\/\/www.diarioimagen.net\/wp-content\/uploads\/2013\/08\/caro-portal-220x123.jpg 220w, https:\/\/www.diarioimagen.net\/wp-content\/uploads\/2013\/08\/caro-portal-237x132.jpg 237w, https:\/\/www.diarioimagen.net\/wp-content\/uploads\/2013\/08\/caro-portal.jpg 480w\" sizes=\"auto, (max-width: 240px) 100vw, 240px\" \/><\/a><p id=\"caption-attachment-143854\" class=\"wp-caption-text\">Rafael Caro Quintero, narcotraficante.<\/p><\/div>\n<p>El narcotraficante Rafael Caro Quintero no puede ser extraditado a Estados Unidos por el homicidio del agente de la DEA, Enrique Camarena Salazar, crimen cometido en 1985, advirti\u00f3 el procurador general de la Rep\u00fablica, Jes\u00fas Murillo Karam.<\/p>\n<p>El funcionario explic\u00f3 que la extradici\u00f3n s\u00f3lo podr\u00eda realizarse por una causa distinta al proceso al que ya fue sometido. \u201cPara poder extraditarlo habr\u00eda que hacer causa distinta a la que est\u00e1 en proceso porque hay otra cuesti\u00f3n que yo he dicho: la sentencia no ha causado ejecutoria\u201d.<\/p>\n<p>De todos modos Murillo Karam anunci\u00f3 que se interpondr\u00e1 una revisi\u00f3n a la sentencia emitida por el tribunal que orden\u00f3 la libertad de Caro Quintero, quien en los a\u00f1os 80 fue uno de los l\u00edderes del c\u00e1rtel de Guadalajara.<\/p>\n<p>Al respecto, el secretario de Relaciones Exteriores, Jos\u00e9 Antonio Meade Kuribre\u00f1a, asegur\u00f3 que sobre el hecho de que el fallo del juez que permiti\u00f3 la liberaci\u00f3n de Caro Quintero no est\u00e1 apegado a derecho, la PGR \u201char\u00e1 el trabajo para corregirlo\u201d.<\/p>\n<p>El canciller agreg\u00f3 que este incidente no represent\u00f3 una nueva confrontaci\u00f3n entre M\u00e9xico y Estados Unidos, pues \u201chay plena comuni\u00f3n de intereses\u201d. \u00abYa el procurador, Jes\u00fas Murillo Karam, ha dicho que no compartimos la decisi\u00f3n que tom\u00f3 el juez sobre este caso y utilizar\u00e1 todos los elementos que tenga a su alcance para que dicha decisi\u00f3n quede sin efecto\u201d dijo Meade.<\/p>\n<p>El procurador Murillo Karam indic\u00f3 que la dependencia a su cargo buscar\u00e1 que no se vuelva permanente el criterio que permiti\u00f3 la liberaci\u00f3n del narcotraficante &#8211;ser una persona juzgada por el fuero equivocado&#8211;, porque se corre el riesgo de que se aplique en muchos otros casos, ya que en ese juicio la sentencia fue dictada por un tribunal que se consideraba incompetente para ello.<\/p>\n<p>Sostuvo que \u00e9l a\u00fan no ha encontrado la explicaci\u00f3n que le permita entender el mecanismo que llev\u00f3 a tribunales federales a liberar a Caro Quintero. Expuso que en el caso de Caro Quintero no hubo total impunidad ya que cumpli\u00f3 28 a\u00f1os de prisi\u00f3n &#8212; y en algunos pa\u00edses esa es la pena m\u00e1xima, dijo&#8211;, pero en este pa\u00eds, agreg\u00f3, debi\u00f3 cumplir por lo menos 40 a\u00f1os, por la gravedad de los delitos que cometi\u00f3.<\/p>\n<p>&nbsp;<\/p>\n","protected":false},"excerpt":{"rendered":"<p>El narcotraficante Rafael Caro Quintero no puede ser extraditado a Estados Unidos por el homicidio del agente de la DEA, Enrique Camarena Salazar, crimen cometido en 1985, advirti\u00f3 el procurador general de la Rep\u00fablica, Jes\u00fas Murillo Karam.<\/p>\n","protected":false},"author":5,"featured_media":143854,"comment_status":"open","ping_status":"open","sticky":false,"template":"","format":"standard","meta":{"_monsterinsights_skip_tracking":false,"_monsterinsights_sitenote_active":false,"_monsterinsights_sitenote_note":"","_monsterinsights_sitenote_category":0,"footnotes":""},"categories":[17,3],"tags":[621,27914,27877],"class_list":["post-143853","post","type-post","status-publish","format-standard","has-post-thumbnail","hentry","category-especiales","category-nacional","tag-dea","tag-enrique-camarena-salazar","tag-rafael-caro-quintero"],"_links":{"self":[{"href":"https:\/\/www.diarioimagen.net\/index.php?rest_route=\/wp\/v2\/posts\/143853","targetHints":{"allow":["GET"]}}],"collection":[{"href":"https:\/\/www.diarioimagen.net\/index.php?rest_route=\/wp\/v2\/posts"}],"about":[{"href":"https:\/\/www.diarioimagen.net\/index.php?rest_route=\/wp\/v2\/types\/post"}],"author":[{"embeddable":true,"href":"https:\/\/www.diarioimagen.net\/index.php?rest_route=\/wp\/v2\/users\/5"}],"replies":[{"embeddable":true,"href":"https:\/\/www.diarioimagen.net\/index.php?rest_route=%2Fwp%2Fv2%2Fcomments&post=143853"}],"version-history":[{"count":0,"href":"https:\/\/www.diarioimagen.net\/index.php?rest_route=\/wp\/v2\/posts\/143853\/revisions"}],"wp:featuredmedia":[{"embeddable":true,"href":"https:\/\/www.diarioimagen.net\/index.php?rest_route=\/wp\/v2\/media\/143854"}],"wp:attachment":[{"href":"https:\/\/www.diarioimagen.net\/index.php?rest_route=%2Fwp%2Fv2%2Fmedia&parent=143853"}],"wp:term":[{"taxonomy":"category","embeddable":true,"href":"https:\/\/www.diarioimagen.net\/index.php?rest_route=%2Fwp%2Fv2%2Fcategories&post=143853"},{"taxonomy":"post_tag","embeddable":true,"href":"https:\/\/www.diarioimagen.net\/index.php?rest_route=%2Fwp%2Fv2%2Ftags&post=143853"}],"curies":[{"name":"wp","href":"https:\/\/api.w.org\/{rel}","templated":true}]}}