{"id":143884,"date":"2013-08-14T00:04:10","date_gmt":"2013-08-14T05:04:10","guid":{"rendered":"http:\/\/www.diarioimagen.net\/?p=143884"},"modified":"2013-08-15T03:23:37","modified_gmt":"2013-08-15T08:23:37","slug":"la-mona-de-thinner","status":"publish","type":"post","link":"https:\/\/www.diarioimagen.net\/?p=143884","title":{"rendered":"La \u201cmona\u201d de thinner"},"content":{"rendered":"<h2>Punto por punto<\/h2>\n<h5>Augusto Corro<\/h5>\n<p><span><br \/>\nAhora que est\u00e1 de moda el debate sobre la regulaci\u00f3n de la mariguana, los legisladores deben aprovechar la oportunidad para activar un mayor control del uso de inhalantes y otros tipos de materiales t\u00f3xicos.<\/span><\/p>\n<p>Por ejemplo, el uso de la estopa con thiner (la mona) que es inhalado por ni\u00f1os, adolescentes y j\u00f3venes, se pr\u00e1ctica sin ning\u00fan problema ante la presencia de propios y extra\u00f1os.\u00a0 Las campa\u00f1as preventivas contra el uso de solventes para drogarse se realizan muy de vez en cuando y sus efectos podr\u00edan considerarse como nulos.<\/p>\n<p>Las estad\u00edsticas dicen que crece el n\u00famero de personas que utilizan inhalantes para drogarse.\u00a0 En el presente hay foros que discuten la despenalizaci\u00f3n de la mariguana y tendr\u00e1n que abrirle un espacio al estudio sobre el uso de otras drogas.<\/p>\n<p>Seg\u00fan la Organizaci\u00f3n de las Naciones Unidas (ONU) existen 257 drogas ilegales.<\/p>\n<p>En M\u00e9xico es f\u00e1cil conseguir solventes en las tlapaler\u00edas y en otros expendios.<\/p>\n<p>Quienes inhalan esos productos industriales\u00a0 muchas veces ignoran los da\u00f1os irreversibles a su salud, que pueden ser mortales.<\/p>\n<p align=\"center\"><b>DISCREPANCIA<\/b><\/p>\n<p>Por cierto, el debate sobre la despenalizaci\u00f3n de las drogas deben realizarlo, principalmente, especialistas en la materia.<\/p>\n<p>Porque resulta que cualquier hijo de vecino se aventura a opinar por el solo hecho de opinar, sin conocer, a fondo, los pros y contras que acarrea la regulaci\u00f3n de las drogas, en este caso el de la mariguana.<\/p>\n<p>Viene a colaci\u00f3n el tema porque la senadora Alejandra Barrales, del PRD, parece que no tiene la menor idea de lo que significar\u00eda la regulaci\u00f3n del uso de la mariguana.<\/p>\n<p>Ella advierte que la despenalizaci\u00f3n de las drogas en M\u00e9xico exacerbar\u00eda el problema social y de salud que esto implica, en lugar de abatirlo. En tanto, los expertos opinan lo contrario.<\/p>\n<p>Cabe se\u00f1alar que si no se tienen los conocimientos amplios para opinar, lo mejor es guardar silencio.<\/p>\n<p align=\"center\"><b>NI\u00d1OS A LA AVENTURA<\/b><\/p>\n<p>La corriente migratoria que va del sur al norte de M\u00e9xico siempre presenta diferentes fen\u00f3menos sociales.<\/p>\n<p>Uno de esos casos es el n\u00famero creciente de ni\u00f1os centroamericanos que viajan solos por los caminos de nuestro pa\u00eds.\u00a0 De acuerdo con los datos ofrecidos por el Instituto Nacional de Migraci\u00f3n (INM), tan solo en Veracruz se han rescatado, durante 2013, a 798 menores extranjeros, de los cuales 596 viajaban sin compa\u00f1\u00eda.\u00a0 Viajar en esas condiciones es un riesgo para los ni\u00f1os, pues se exponen a ser v\u00edctimas de tr\u00e1fico y trata de personas.<\/p>\n<p>En muchos de los casos el drama se vive crudamente, porque los menores viajan rumbo a Estados Unidos en busca de sus padres o familiares, sin tomar en cuenta los peligros que los acechan.<\/p>\n<p align=\"center\"><b>LA VIOLENCIA<\/b><\/p>\n<p>La violencia en M\u00e9xico duplic\u00f3 su cuota de sangre entre los j\u00f3venes.\u00a0 En 1998, tres mil 435 personas de entre 12 y 29 a\u00f1os murieron como consecuencia de una agresi\u00f3n, para 2011 se registraron seis mil fallecimientos por esta causa.<\/p>\n<p>\u201cLas balas se imponen sobre las palabras\u201d, reconoci\u00f3 el Instituto Mexicano de la Juventud (Imjuve) en el\u00a0 D\u00eda Internacional de la Juventud 2013.<\/p>\n<p>El mismo instituto reconoci\u00f3 que el crimen organizado recluta a j\u00f3venes que luego se convierten en v\u00edctimas o victimarios.<\/p>\n<p>El desempleo es uno de los factores que orilla a la juventud a conseguir trabajo en las organizaciones criminales o en el comercio informal (pirater\u00eda).<\/p>\n<p>Informaci\u00f3n del Banco Mundial plantea que ha sido ascendente la tasa de homicidios juveniles a partir del 2008.<\/p>\n<p>Tambi\u00e9n se\u00f1ala que \u201cuno de cada cuatro mexicanos muertos en el marco de la guerra contra el narcotr\u00e1fico, de hecho, pertenec\u00eda a este sector (juvenil) de la poblaci\u00f3n\u201d.<\/p>\n<p><em><a href=\"mailto:aco2742@hotmail.com\" target=\"_blank\">aco2742@hotmail.com<\/a><\/em><\/p>\n","protected":false},"excerpt":{"rendered":"<p><span style=\"color: #005497;\"><strong>Augusto Corro<\/strong><\/span><\/p>\n","protected":false},"author":3,"featured_media":0,"comment_status":"open","ping_status":"open","sticky":false,"template":"","format":"standard","meta":{"_monsterinsights_skip_tracking":false,"_monsterinsights_sitenote_active":false,"_monsterinsights_sitenote_note":"","_monsterinsights_sitenote_category":0,"footnotes":""},"categories":[157],"tags":[43686,1129,43674,11515],"class_list":["post-143884","post","type-post","status-publish","format-standard","hentry","category-augusto-corro","tag-augusto-corro","tag-mariguana","tag-opinion","tag-punto-por-punto"],"_links":{"self":[{"href":"https:\/\/www.diarioimagen.net\/index.php?rest_route=\/wp\/v2\/posts\/143884","targetHints":{"allow":["GET"]}}],"collection":[{"href":"https:\/\/www.diarioimagen.net\/index.php?rest_route=\/wp\/v2\/posts"}],"about":[{"href":"https:\/\/www.diarioimagen.net\/index.php?rest_route=\/wp\/v2\/types\/post"}],"author":[{"embeddable":true,"href":"https:\/\/www.diarioimagen.net\/index.php?rest_route=\/wp\/v2\/users\/3"}],"replies":[{"embeddable":true,"href":"https:\/\/www.diarioimagen.net\/index.php?rest_route=%2Fwp%2Fv2%2Fcomments&post=143884"}],"version-history":[{"count":0,"href":"https:\/\/www.diarioimagen.net\/index.php?rest_route=\/wp\/v2\/posts\/143884\/revisions"}],"wp:attachment":[{"href":"https:\/\/www.diarioimagen.net\/index.php?rest_route=%2Fwp%2Fv2%2Fmedia&parent=143884"}],"wp:term":[{"taxonomy":"category","embeddable":true,"href":"https:\/\/www.diarioimagen.net\/index.php?rest_route=%2Fwp%2Fv2%2Fcategories&post=143884"},{"taxonomy":"post_tag","embeddable":true,"href":"https:\/\/www.diarioimagen.net\/index.php?rest_route=%2Fwp%2Fv2%2Ftags&post=143884"}],"curies":[{"name":"wp","href":"https:\/\/api.w.org\/{rel}","templated":true}]}}