{"id":143919,"date":"2013-08-14T00:09:26","date_gmt":"2013-08-14T05:09:26","guid":{"rendered":"http:\/\/www.diarioimagen.net\/?p=143919"},"modified":"2013-08-14T04:29:44","modified_gmt":"2013-08-14T09:29:44","slug":"reciben-escrituras-mil-familias-del-df","status":"publish","type":"post","link":"https:\/\/www.diarioimagen.net\/?p=143919","title":{"rendered":"Reciben escrituras mil familias del DF"},"content":{"rendered":"<ul>\n<li><strong><em>El jefe del GDF reitera el compromiso de su administraci\u00f3n de continuar el trabajo destinado a otorgar vivienda a los sectores vulnerables<\/em><\/strong><\/li>\n<\/ul>\n<div id=\"attachment_143960\" style=\"width: 250px\" class=\"wp-caption alignleft\"><a href=\"http:\/\/www.diarioimagen.net\/wp-content\/uploads\/2013\/08\/mancera-2163.jpg\"><img loading=\"lazy\" decoding=\"async\" aria-describedby=\"caption-attachment-143960\" class=\"size-medium wp-image-143960\" alt=\"El jefe de gobierno del DF, Miguel \u00c1ngel Mancera, entreg\u00f3 simb\u00f3licamente 10 de las mil escrituras. En el acto estuvo acompa\u00f1ado por Edgar El\u00edas Azar, presidente del Tribunal Superior de Justicia del Distrito Federal, as\u00ed como de diversos funcionarios.\" src=\"http:\/\/www.diarioimagen.net\/wp-content\/uploads\/2013\/08\/mancera-2163-240x135.jpg\" width=\"240\" height=\"135\" srcset=\"https:\/\/www.diarioimagen.net\/wp-content\/uploads\/2013\/08\/mancera-2163-240x135.jpg 240w, https:\/\/www.diarioimagen.net\/wp-content\/uploads\/2013\/08\/mancera-2163-420x236.jpg 420w, https:\/\/www.diarioimagen.net\/wp-content\/uploads\/2013\/08\/mancera-2163-235x132.jpg 235w, https:\/\/www.diarioimagen.net\/wp-content\/uploads\/2013\/08\/mancera-2163-202x114.jpg 202w, https:\/\/www.diarioimagen.net\/wp-content\/uploads\/2013\/08\/mancera-2163-350x196.jpg 350w, https:\/\/www.diarioimagen.net\/wp-content\/uploads\/2013\/08\/mancera-2163-220x123.jpg 220w, https:\/\/www.diarioimagen.net\/wp-content\/uploads\/2013\/08\/mancera-2163-237x132.jpg 237w, https:\/\/www.diarioimagen.net\/wp-content\/uploads\/2013\/08\/mancera-2163.jpg 480w\" sizes=\"auto, (max-width: 240px) 100vw, 240px\" \/><\/a><p id=\"caption-attachment-143960\" class=\"wp-caption-text\">El jefe de gobierno del DF, Miguel \u00c1ngel Mancera, entreg\u00f3 simb\u00f3licamente 10 de las mil escrituras. En el acto estuvo acompa\u00f1ado por Edgar El\u00edas Azar, presidente del Tribunal Superior de Justicia del Distrito Federal, as\u00ed como de diversos funcionarios.<\/p><\/div>\n<p>Una de las prioridades del gobierno del Distrito Federal es\u00a0 dar techo y seguridad patrimonial a quienes m\u00e1s lo necesitan, subray\u00f3\u00a0 Miguel \u00c1ngel Mancera al hacer entrega de mil escrituras a familias de escasos recursos.<\/p>\n<p>El mandatario capitalino reiter\u00f3 el compromiso de su administraci\u00f3n para continuar el trabajo destinado a otorgar m\u00e1s vivienda a los sectores en situaci\u00f3n de vulnerabilidad.<\/p>\n<p>Se\u00f1al\u00f3 que hay una alianza de trabajo con instituciones fundamentales, como la Asamblea Legislativa, el Tribunal de Justicia del Distrito Federal y el grupo de notarios, quienes dan certeza jur\u00eddica a todas las familias que reciben escrituras.<\/p>\n<p>El Teatro de la Ciudad fue el marco en el que Mancera Espinosa, acompa\u00f1ado por el director de la Seduvi, Raymundo Collins, y el notario p\u00fablico, Ignacio Morales Lechuga, entregaron de manera simb\u00f3lica 10 de las mil escrituras que benefician a 4 mil 500 personas.<\/p>\n<p>Una de las beneficiadas por este programa de escrituraci\u00f3n, Minerva Mejorada, habl\u00f3 a nombre de los mil capitalinos que recibieron sus documentos, y agradeci\u00f3 al jefe de gobierno su apoyo; destac\u00f3 la entrega de 10 escrituras que beneficiaron a ocho madres solteras y a una de la tercera edad.<\/p>\n<p>Los 10 elegidos para pasar al podium y recibir sus documentos son: Olivia Ermida, quien recibi\u00f3 la escritura 16400; Mar\u00eda Esther Mar\u00edn Contreras, la 16357; Luis Borroel, la 23501; P\u00e1nfilo Cirilo Mejorada, la 14485; Rodolfo Mendoza Gonz\u00e1lez, la 27692; Martha Marcela C. Arg\u00fcuello, las 60929: Sergio G\u00f3mez Guerrero, la 15329; Alicia Garc\u00eda Cano, la 32846, y Martha Romero Calvario, la escritura 7660.<b><\/b><\/p>\n<p>&nbsp;<\/p>\n","protected":false},"excerpt":{"rendered":"<p>Una de las prioridades del gobierno del Distrito Federal es  dar techo y seguridad patrimonial a quienes m\u00e1s lo necesitan, subray\u00f3  Miguel \u00c1ngel Mancera al hacer entrega de mil escrituras a familias de escasos recursos.<\/p>\n","protected":false},"author":3,"featured_media":143960,"comment_status":"open","ping_status":"open","sticky":false,"template":"","format":"standard","meta":{"_monsterinsights_skip_tracking":false,"_monsterinsights_sitenote_active":false,"_monsterinsights_sitenote_note":"","_monsterinsights_sitenote_category":0,"footnotes":""},"categories":[6],"tags":[204,384,39,19040,5314],"class_list":["post-143919","post","type-post","status-publish","format-standard","has-post-thumbnail","hentry","category-cd-de-mexico","tag-ciudad-de-mexico","tag-df","tag-distrito-federal","tag-escrituras","tag-miguel-angel-mancera-espinosa"],"_links":{"self":[{"href":"https:\/\/www.diarioimagen.net\/index.php?rest_route=\/wp\/v2\/posts\/143919","targetHints":{"allow":["GET"]}}],"collection":[{"href":"https:\/\/www.diarioimagen.net\/index.php?rest_route=\/wp\/v2\/posts"}],"about":[{"href":"https:\/\/www.diarioimagen.net\/index.php?rest_route=\/wp\/v2\/types\/post"}],"author":[{"embeddable":true,"href":"https:\/\/www.diarioimagen.net\/index.php?rest_route=\/wp\/v2\/users\/3"}],"replies":[{"embeddable":true,"href":"https:\/\/www.diarioimagen.net\/index.php?rest_route=%2Fwp%2Fv2%2Fcomments&post=143919"}],"version-history":[{"count":0,"href":"https:\/\/www.diarioimagen.net\/index.php?rest_route=\/wp\/v2\/posts\/143919\/revisions"}],"wp:featuredmedia":[{"embeddable":true,"href":"https:\/\/www.diarioimagen.net\/index.php?rest_route=\/wp\/v2\/media\/143960"}],"wp:attachment":[{"href":"https:\/\/www.diarioimagen.net\/index.php?rest_route=%2Fwp%2Fv2%2Fmedia&parent=143919"}],"wp:term":[{"taxonomy":"category","embeddable":true,"href":"https:\/\/www.diarioimagen.net\/index.php?rest_route=%2Fwp%2Fv2%2Fcategories&post=143919"},{"taxonomy":"post_tag","embeddable":true,"href":"https:\/\/www.diarioimagen.net\/index.php?rest_route=%2Fwp%2Fv2%2Ftags&post=143919"}],"curies":[{"name":"wp","href":"https:\/\/api.w.org\/{rel}","templated":true}]}}