{"id":144033,"date":"2013-08-15T00:07:23","date_gmt":"2013-08-15T05:07:23","guid":{"rendered":"http:\/\/www.diarioimagen.net\/?p=144033"},"modified":"2013-08-16T04:45:46","modified_gmt":"2013-08-16T09:45:46","slug":"ni-corta-ni-tibia-lo-propuesto-por-pena-es-de-gran-calado-pri","status":"publish","type":"post","link":"https:\/\/www.diarioimagen.net\/?p=144033","title":{"rendered":"Ni corta ni tibia; lo propuesto por Pe\u00f1a, es de gran calado: PRI"},"content":{"rendered":"<h2>Tras la puerta del poder<\/h2>\n<h5>Roberto Vizca\u00edno<\/h5>\n<p>&nbsp;<\/p>\n<ul>\n<li><strong><i>El senador indic\u00f3 que la pregunta hoy es: \u00bfla izquierda mexicana votar\u00e1 o no la reforma del general C\u00e1rdenas?<\/i><\/strong><\/li>\n<li><strong><i>La Comisi\u00f3n Permanente del Congreso le exigi\u00f3 ayer al presidente Enrique Pe\u00f1a Nieto integrar un solo padr\u00f3n de salud<\/i><\/strong><\/li>\n<li><strong><i>La secretaria de Turismo, Claudia Ruiz Massieu, explic\u00f3 a gobernadores los beneficios de la reforma energ\u00e9tica<\/i><\/strong><\/li>\n<\/ul>\n<div id=\"attachment_144098\" style=\"width: 250px\" class=\"wp-caption alignleft\"><a href=\"http:\/\/www.diarioimagen.net\/wp-content\/uploads\/2013\/08\/FELICIDAD-INCOMPLETA-trizas-2164.jpg\"><img loading=\"lazy\" decoding=\"async\" aria-describedby=\"caption-attachment-144098\" class=\"size-medium wp-image-144098\" alt=\"Felicidad incompleta... | Trizas\" src=\"http:\/\/www.diarioimagen.net\/wp-content\/uploads\/2013\/08\/FELICIDAD-INCOMPLETA-trizas-2164-240x190.jpg\" width=\"240\" height=\"190\" srcset=\"https:\/\/www.diarioimagen.net\/wp-content\/uploads\/2013\/08\/FELICIDAD-INCOMPLETA-trizas-2164-240x190.jpg 240w, https:\/\/www.diarioimagen.net\/wp-content\/uploads\/2013\/08\/FELICIDAD-INCOMPLETA-trizas-2164-420x333.jpg 420w, https:\/\/www.diarioimagen.net\/wp-content\/uploads\/2013\/08\/FELICIDAD-INCOMPLETA-trizas-2164.jpg 700w\" sizes=\"auto, (max-width: 240px) 100vw, 240px\" \/><\/a><p id=\"caption-attachment-144098\" class=\"wp-caption-text\">Felicidad incompleta&#8230; | Trizas<\/p><\/div>\n<p>En representaci\u00f3n de su partido, el PRI, el senador hidalguense y presidente de la Comisi\u00f3n de Energ\u00eda de la c\u00e1mara alta, David Penchyna, pregunta al PRD:<\/p>\n<p>\u201c\u00bfEst\u00e1n los senadores y diputados del PRD dispuestos a aprobar o no la reforma al 27 constitucional propuesta por el General L\u00e1zaro C\u00e1rdenas\u2026 s\u00ed o no?\u201d, insisti\u00f3.<\/p>\n<p>La interrogante se debe a que el presidente Enrique Pe\u00f1a Nieto retom\u00f3 \u201cpalabra por palabra\u201d la reforma impulsada por el Presidente C\u00e1rdenas en 1940, para proponer ahora la suya y a partir de eso modernizar a Pemex, a la CFE y al sector energ\u00e9tico del pa\u00eds.<\/p>\n<p>Penchyna\u00a0 tambi\u00e9n rechaz\u00f3 que esta iniciativa de reforma sea, como dicen los panistas, corta o tibia, ni tampoco privatizadora como lo se\u00f1alan los perredistas.<\/p>\n<p>Y refut\u00f3 a quienes indican que los tricolores y el presidente Pe\u00f1a Nieto est\u00e1n aprovech\u00e1ndose de la figura hist\u00f3rica y del gran apoyo popular que tiene el general L\u00e1zaro C\u00e1rdenas, al usar su reforma al 27 constitucional de 1940.<\/p>\n<p>\u201cEl debate de fondo es si la izquierda mexicana est\u00e1 o no de acuerdo con el texto constitucional del general L\u00e1zaro C\u00e1rdenas\u2026\u201d, revir\u00f3 Penchyna.<\/p>\n<p>Y agreg\u00f3: \u201c\u2026creo que los que hacen uso de \u00e9l son ellos\u2026 y lo que les pregunto es: \u00bfest\u00e1n de acuerdo en votar el 27 constitucional o no del general L\u00e1zaro C\u00e1rdenas?.<\/p>\n<p>\u201cEl legado hist\u00f3rico de un hombre que fue Presidente de M\u00e9xico, que es un h\u00e9roe que nos enorgullece en la historia nacional, no es patrimonio de nadie.<\/p>\n<p>\u201cEl se\u00f1or presidente Enrique Pe\u00f1a Nieto no s\u00f3lo ha respetado la figura del general, creo que enaltece al general el recuperar un texto de la historia, que en muy\u00a0 buena parte de M\u00e9xico le dio contenido, despu\u00e9s de un evento hist\u00f3rico como fue la nacionalizaci\u00f3n.<\/p>\n<p>\u201cSaber la verdad no es usar a nadie. Recurrir a la historia, evita cometer errores y ayuda a contextualizar un debate que el PRI quiere que sea de verdades completas, no como hasta hoy, que ha sido de verdades a medias, que acaban por ser mentiras absolutas.<\/p>\n<p>\u201cEntonces, yo respeto a los que dicen que se usa, la verdad es que nosotros no traemos la figura del general en posters en las calles; simplemente estamos retomando un evento hist\u00f3rico y recuperando un texto que transformar\u00eda y ayudar\u00eda a la reforma energ\u00e9tica, y lo podemos demostrar\u201d, subrayo el senador hidalguense al insistir:<\/p>\n<p>\u201cLa pregunta aqu\u00ed es\u2026 \u00bfesos que son tan defensores de la figura del general C\u00e1rdenas, piensan que se equivoc\u00f3 el general C\u00e1rdenas proponiendo ese texto constitucional en su \u00e9poca o no est\u00e1n de acuerdo con el general C\u00e1rdenas?\u201d.<\/p>\n<p>Por lo dem\u00e1s indic\u00f3 que en las pr\u00f3ximas semanas se integrar\u00e1n los trabajos conjuntos de las comisiones de Energ\u00eda, Puntos Constitucionales y la de Estudios Legislativos para iniciar el an\u00e1lisis de las iniciativas de energ\u00eda del presidente Pe\u00f1a Nieto y la del PAN, y la que seguramente presentar\u00e1 este fin de semana el PRD, con base en los 8 ejes planteados por el ingeniero Cuauht\u00e9moc C\u00e1rdenas.<\/p>\n<p>De la fusi\u00f3n de todas ellas saldr\u00e1 el dictamen que deber\u00e1 ser votado en los plenos del Senado y la C\u00e1mara de Diputados.<\/p>\n<p align=\"center\">\u00a0<b>PRIMERO LA POL\u00cdTICA<\/b><\/p>\n<p>En este contexto, el coordinador de los senadores de Acci\u00f3n Nacional, el colimense Jorge Luis Preciado, insisti\u00f3 en lo que han dicho las \u00faltimas semanas las dirigencias y las coordinaciones legislativas de su partido: que ellos ir\u00e1n a debatir la reforma energ\u00e9tica, luego de que se apruebe la reforma pol\u00edtica.<\/p>\n<p>\u201cY queremos una reforma de gran calado: que contemple gobiernos de coalici\u00f3n, segunda vuelta, reelecci\u00f3n de alcaldes y legisladores y que regule las figuras de participaci\u00f3n ciudadana, iniciativa ciudadana, candidaturas independientes, plebiscito, refer\u00e9ndum y la revocaci\u00f3n de mandato\u201d.<\/p>\n<p>Por lo dem\u00e1s, dijo, el tema esencia de la reforma energ\u00e9tica de Pe\u00f1a Nieto no es si es o no cardenista, o si es o no privatizadora\u2026<\/p>\n<p>\u201cEl tema es: \u00bfrealmente estas iniciativas nos generan empleos?, \u00bfrealmente nos generan inversiones por 25 mil a 30 mil millones de d\u00f3lares anuales?, \u00bfrealmente vamos a ser autosuficientes en gasolina, di\u00e9sel y gas natural?, que no lo somos, estamos importando el 50 por ciento de las gasolinas, el 50 por ciento del gas, el 50 por ciento del di\u00e9sel&#8230; tenemos que preguntarnos qu\u00e9 es lo que queremos\u201d, indic\u00f3.<\/p>\n<p>Preciado\u00a0 asegur\u00f3 que su partido est\u00e1 por una apertura total, al 100 por ciento, de Pemex y el resto de la industria a capitales nacionales y extranjeros. As\u00ed de f\u00e1cil.<\/p>\n<p align=\"center\">\u00a0<b>LLEGAN LAS SECUNDARIAS<\/b><\/p>\n<p>En medio de este debate, la Comisi\u00f3n Permanente del Congreso recibi\u00f3 ayer las iniciativas, las 3 iniciativas de leyes derivadas de la reforma educativa aprobada el pasado 26 de febrero. Estas leyes normar\u00e1n al Instituto Nacional Para la Evaluaci\u00f3n de la Educaci\u00f3n y el \u00e1rea General del Servicio Profesional Docente y la Ley General de Educaci\u00f3n.<\/p>\n<p align=\"center\">\u00a0<b>UN PADR\u00d3N EN SALUD<\/b><\/p>\n<p>Ayer mismo los integrantes de la Comisi\u00f3n Permanente emitieron un punto de Acuerdo en el que le demandan al presidente Enrique Pe\u00f1a Nieto se integre una sola base de datos del Padr\u00f3n de Afiliados al Sistema de Salud<\/p>\n<p>Hoy, indicaron senadores y diputados, no s\u00f3lo hay un desorden en todo este sistema, sino una absurda competencia entre instituciones del Salud del estado.<\/p>\n<p>\u201cPersiste la afiliaci\u00f3n sin control lo que provoca lo que se conoce como Porcentaje de Colisi\u00f3n de afiliados a la Seguridad Social, y la Auditoria Superior de la Federaci\u00f3n encontr\u00f3 que el Seguro Popular y los dem\u00e1s Institutos de Salud p\u00fablica afilian de 30 a 80 mil personas que ya se encuentran adscritas a otra instancia\u2026 de hecho el Seguro Popular tiene registradas alrededor de cuatro millones 273 mil 290 personas en duplicidad.<\/p>\n<p>\u201cEso a su vez repercute en un registro de ocho millones de afiliados inexistentes ya que la suma del padr\u00f3n de beneficiarios al Seguro Popular, IMSS e ISSSTE, rebasa el n\u00famero de habitantes en el pa\u00eds que es de 112 millones 336 mil 538\u201d.<\/p>\n<p>De ah\u00ed la exigencia para que se integre un solo padr\u00f3n de afiliados.<\/p>\n<p align=\"center\">\u00a0<b>AHORA S\u00cd<\/b><\/p>\n<p>La PGR que encabeza el ex gobernador hidalguense Jes\u00fas Murillo Karam, inform\u00f3 ayer que el gobierno de EU ya pidi\u00f3 la detenci\u00f3n provisional con fines de extradici\u00f3n en contra de Rafael Caro Quintero, luego de que lo reclama una Corte Federal del Distrito de California.<\/p>\n<p>Ahora el asunto es encontrarlo y detenerlo. Una vez que eso ocurra, indic\u00f3 la PGR, el gobierno estadounidense contar\u00e1 con 60 d\u00edas para presentar la solicitud formal de extradici\u00f3n, en los t\u00e9rminos que dispone el Tratado de Extradici\u00f3n celebrado entre el gobierno de M\u00e9xico y el de Estados Unidos<\/p>\n<p align=\"center\">\u00a0<b>LA ENERG\u00c9TICA AYUDAR\u00c1 AL TURISMO<\/b><\/p>\n<p>Ayer, ante miembros de la Conferencia Nacional de Gobernadores reunidos en Veracruz, la secretaria de Turismo, Claudia Ruiz Massieu, hizo una serie de exposiciones que muestran c\u00f3mo la reforma energ\u00e9tica redundar\u00e1 indudablemente en una serie de beneficios hacia el sector recreativo y de esparcimiento.<\/p>\n<p>Uno de ellos, indic\u00f3, se encontrar\u00e1 en la baja de las tarifas de energ\u00eda el\u00e9ctrica y de gas, lo que permitir\u00e1 reducir costos de operaci\u00f3n a la industria tur\u00edstica y disminuir tarifas en sus servicios, en la conectividad e infraestructura, lo cual le va a permitir sumar m\u00e1s fuerza para seguir siendo uno de los motores del desarrollo econ\u00f3mico del pa\u00eds.<\/p>\n<p align=\"center\">\u00a0<b>NUEVOS EMBAJADORES<\/b><\/p>\n<p>Secuestrados por unos trescientos disque maestros, los cuales se apostaron durante varias horas en las diferentes puertas del Senado de la Rep\u00fablica para impedir entrar y salir de ese recinto, los miembros de la Comisi\u00f3n Permanente decidieron ratificar ayer los nombramientos de Porfirio Thierry Mu\u00f1oz Ledo Chevannier, Julio Camarena Villase\u00f1or, Felipe Enr\u00edquez Hern\u00e1ndez y Patricia Espinosa Cantellano, como embajadores de M\u00e9xico en la UNESCO, Filipinas, Uruguay y la Rep\u00fablica Federal de Alemania, respectivamente.<\/p>\n<p><em><a href=\"mailto:rvizcaino@gmail.com\" target=\"_blank\">rvizcaino@gmail.com<\/a><\/em><\/p>\n","protected":false},"excerpt":{"rendered":"<p><span style=\"color: #005497;\"><strong>Roberto Vizca\u00edno<\/strong><\/span><br \/>\n<br \/>\nEn representaci\u00f3n de su partido, el PRI, el senador hidalguense y presidente de la Comisi\u00f3n de Energ\u00eda de la c\u00e1mara alta, David Penchyna, pregunta al PRD: \u201c\u00bfEst\u00e1n los senadores y diputados del PRD dispuestos a aprobar o no la reforma al 27 constitucional propuesta por el General L\u00e1zaro C\u00e1rdenas\u2026 s\u00ed o no?\u201d, insisti\u00f3.<\/p>\n","protected":false},"author":3,"featured_media":144098,"comment_status":"open","ping_status":"open","sticky":false,"template":"","format":"standard","meta":{"_monsterinsights_skip_tracking":false,"_monsterinsights_sitenote_active":false,"_monsterinsights_sitenote_note":"","_monsterinsights_sitenote_category":0,"footnotes":""},"categories":[136],"tags":[18,43674,26447,93,94],"class_list":["post-144033","post","type-post","status-publish","format-standard","has-post-thumbnail","hentry","category-roberto-vizcaino-opinion","tag-enrique-pena-nieto","tag-opinion","tag-reforma-energetica","tag-roberto-vizcaino","tag-tras-la-puerta-del-poder"],"_links":{"self":[{"href":"https:\/\/www.diarioimagen.net\/index.php?rest_route=\/wp\/v2\/posts\/144033","targetHints":{"allow":["GET"]}}],"collection":[{"href":"https:\/\/www.diarioimagen.net\/index.php?rest_route=\/wp\/v2\/posts"}],"about":[{"href":"https:\/\/www.diarioimagen.net\/index.php?rest_route=\/wp\/v2\/types\/post"}],"author":[{"embeddable":true,"href":"https:\/\/www.diarioimagen.net\/index.php?rest_route=\/wp\/v2\/users\/3"}],"replies":[{"embeddable":true,"href":"https:\/\/www.diarioimagen.net\/index.php?rest_route=%2Fwp%2Fv2%2Fcomments&post=144033"}],"version-history":[{"count":0,"href":"https:\/\/www.diarioimagen.net\/index.php?rest_route=\/wp\/v2\/posts\/144033\/revisions"}],"wp:featuredmedia":[{"embeddable":true,"href":"https:\/\/www.diarioimagen.net\/index.php?rest_route=\/wp\/v2\/media\/144098"}],"wp:attachment":[{"href":"https:\/\/www.diarioimagen.net\/index.php?rest_route=%2Fwp%2Fv2%2Fmedia&parent=144033"}],"wp:term":[{"taxonomy":"category","embeddable":true,"href":"https:\/\/www.diarioimagen.net\/index.php?rest_route=%2Fwp%2Fv2%2Fcategories&post=144033"},{"taxonomy":"post_tag","embeddable":true,"href":"https:\/\/www.diarioimagen.net\/index.php?rest_route=%2Fwp%2Fv2%2Ftags&post=144033"}],"curies":[{"name":"wp","href":"https:\/\/api.w.org\/{rel}","templated":true}]}}