{"id":144035,"date":"2013-08-15T00:06:52","date_gmt":"2013-08-15T05:06:52","guid":{"rendered":"http:\/\/www.diarioimagen.net\/?p=144035"},"modified":"2013-08-15T04:17:44","modified_gmt":"2013-08-15T09:17:44","slug":"la-edad-de-la-democracia","status":"publish","type":"post","link":"https:\/\/www.diarioimagen.net\/?p=144035","title":{"rendered":"La edad de la democracia"},"content":{"rendered":"<h2>\u00cdndice pol\u00edtico<\/h2>\n<h5>Francisco Rodr\u00edguez<\/h5>\n<p><span><br \/>\nSi nos atenemos al discurso de los intelectuales y los pseudopensadores de los think tanks mexicanos \u2014Cide, Colmex, etc.-, la democracia tiene en nuestro pa\u00eds algo as\u00ed como 13 a\u00f1os: desde que, dicen, el PAN sac\u00f3 al PRI de Los Pinos\u2026 a los que el tricolor ha regresado apenas.<\/span><\/p>\n<p>Quieren decirnos, entonces, que nuestra muy peculiar democracia es apenas una ni\u00f1a, \u00bfno cree usted?<\/p>\n<p>Y puede que tengan raz\u00f3n, pues como nena es que las m\u00e1s de las veces se comportan quienes dicen hacer la democracia: Declaraciones de pol\u00edticos, empresarios, l\u00edderes sociales que en la mayor parte de los casos mueven a la compasi\u00f3n -por la ignorancia con las que son proferidas- cuando no a la risa franca.<\/p>\n<p>Debates banales.<\/p>\n<p>Inmadurez de los llamados \u201cactores\u201d.<\/p>\n<p>P\u00e9rdidas lamentables de tiempos pol\u00edticos.<\/p>\n<p>Impulsividad como t\u00f3nica.<\/p>\n<p>Temperamento sobre sensatez.<\/p>\n<p>La racionalidad, ausente.<\/p>\n<p>Las pataletas dominan los espacios legislativos.<\/p>\n<p>El bullying es el modus operandi de los partidos pol\u00edticos.<\/p>\n<p>Impera el juego de lanzar la piedra y esconder la mano, en los terrenos de la anhelada justicia.<\/p>\n<p>La diatriba y el enga\u00f1o son las golosinas de nuestra muchas veces chillona clase pol\u00edtica.<\/p>\n<p>La ingenuidad infantil de quienes creen en las promesas y los compromisos chocan con la perversidad, tambi\u00e9n pueril, de quienes de antemano saben no van a cumplirlas.<\/p>\n<p>Al final de cuentas, en esta democracia ni\u00f1a, nuestros pol\u00edticos -sin distingo de partido ni de posici\u00f3n en el organigrama- son personas infantiloides con una perpetua necesidad de reconocimiento social.<\/p>\n<p>Y a\u00fan con el riesgo de caer en estereotipos, podr\u00eda afirmarse que los pol\u00edticos suelen tener problemas con sus \u201cegos\u201d.<\/p>\n<p>Suelen ser jactanciosos, ego\u00edstas, vanidosos, entre otros atributos. La excepci\u00f3n, empero, se suele dar cuando est\u00e1n en plena campa\u00f1a pol\u00edtica y disfrazan esas caracter\u00edsticas con actitudes que los igualan a los dem\u00e1s. Una conducta quiz\u00e1 generada por su \u201colfato\u201d pol\u00edtico o por estricta recomendaci\u00f3n de sus \u201casesores de imagen\u201d, que de eso ahora hay para dar y regalar.<\/p>\n<p align=\"center\"><b>DI\u00c1LOGO Y MADUREZ<\/b><\/p>\n<p>Ni\u00f1a y todo, la democracia no debe agotarse en el mero acto de votar y ser votado como se\u00f1ala la Constituci\u00f3n misma. La democracia debe ser un estilo de vida en el que cada cual, individuo o grupo social, reciba lo que de verdad merece y aporte lo que se requiera.<\/p>\n<p>Estamos hoy ante situaciones que reclaman di\u00e1logo. Igual en Chilpancingo que en la Torre del Pedregal de San \u00c1ngel donde se asienta una rector\u00eda.<\/p>\n<p>Lo mismo con los empresarios, enojados por las reformas a la Ley del IMSS, que con los deudores de bancos y grupos financieros amenazados con la expropiaci\u00f3n y el arraigo.<\/p>\n<p>Se habla en los discursos de madurez pol\u00edtica. Pero si realmente existe esa madurez para el di\u00e1logo y los acuerdos necesarios, es el momento de demostrarlo.<\/p>\n<p>No de esos acuerdos y alianzas partidistas para conservar el poder, ni de arrebatar o robar votos ciudadanos ni de manipular situaciones, sino de tener el valor, la inteligencia y la valent\u00eda necesaria para sentarse a dialogar con quien haga falta.<\/p>\n<p>De tener que ceder de forma justa e inteligente, de tener que comprometerse por el bien de todas las partes de un todo, siendo ese todo la sociedad mexicana a la que, en actos solemnes, se comprometieron a servir.<\/p>\n<p>Un di\u00e1logo maduro y justo en el que pudieran estar los intereses de todas las partes, en el que se pudiera hablar, ceder, acordar y comprometerse para conseguir esa paz que todos queremos.<\/p>\n<p>Y con todas estas declaraciones, yo que presumo de no saber nada de pol\u00edtica y con los pocos recursos intelectuales -no estudi\u00e9 ni en el Cide ni en el Colmex- y pol\u00edticos que puedo llegar a tener, me pregunto: \u00bfhacia d\u00f3nde nos quieren llevar los infantiloides pol\u00edticos?<\/p>\n<p>\u00bfQu\u00e9 tipo de apoyo o de votos ciudadanos desean? \u00bfC\u00f3mo nos van a convencer de que les interesamos? \u00bfQu\u00e9 tanto podemos confiar en quienes dicen representarnos? \u00bfC\u00f3mo fiarnos de que cada uno de sus actos pol\u00edticos est\u00e1 encaminado al bien de la ciudadan\u00eda? \u00bfC\u00f3mo recuperar la confianza perdida? \u00bfC\u00f3mo pueden demostrarnos que quienes est\u00e1n en el poder son personas inteligentes, responsables y justas, que saben defender a la perfecci\u00f3n el derecho que todos tenemos de vivir en paz? \u00bfQu\u00e9 garant\u00edas tenemos y se les da a nuestros hijos de que vivir\u00e1n libres de conflictos pol\u00edticos mal encaminados y encausados? Y \u00bfc\u00f3mo nos van a demostrar que por fin todos los pol\u00edticos han sabido sentarse a dialogar y han podido llegar a acuerdos y compromisos que todos estamos esperando?<\/p>\n<p>En fin, espero no tardar muchos a\u00f1os para tener contestaci\u00f3n a todas estas preguntas. \u00bfO usted no?<\/p>\n<p><em><b>\u00cdndice Flam\u00edgero<\/b><\/em>: La Confederaci\u00f3n Nacional Campesina (CNC) denunci\u00f3 que el 60% de los ni\u00f1os de M\u00e9xico, principalmente en el sector rural, viven en la pobreza, que m\u00e1s de 3 millones son explotados como jornaleros en el campo y que la mayor\u00eda de los infantes del pa\u00eds son v\u00edctimas del abandono, la falta de educaci\u00f3n y la violencia.<\/p>\n<p><em><a href=\"http:\/\/www.indicepolitico.com\/\" target=\"_blank\"><em>www.indicepolitico.com<\/em><\/a><br \/>\n<\/em><em><a href=\"mailto:pacorodriguez@journalist.com\" target=\"_blank\">pacorodriguez@journalist.com<\/a><\/em><\/p>\n","protected":false},"excerpt":{"rendered":"<p><span style=\"color: #005497;\"><strong>Francisco Rodr\u00edguez<\/strong><\/span><\/p>\n","protected":false},"author":3,"featured_media":0,"comment_status":"open","ping_status":"open","sticky":false,"template":"","format":"standard","meta":{"_monsterinsights_skip_tracking":false,"_monsterinsights_sitenote_active":false,"_monsterinsights_sitenote_note":"","_monsterinsights_sitenote_category":0,"footnotes":""},"categories":[549],"tags":[12014,43689,550,1546,43674,91],"class_list":["post-144035","post","type-post","status-publish","format-standard","hentry","category-francisco-rodriguez","tag-bullying","tag-francisco-rodriguez","tag-indice-politico","tag-los-pinos","tag-opinion","tag-pan"],"_links":{"self":[{"href":"https:\/\/www.diarioimagen.net\/index.php?rest_route=\/wp\/v2\/posts\/144035","targetHints":{"allow":["GET"]}}],"collection":[{"href":"https:\/\/www.diarioimagen.net\/index.php?rest_route=\/wp\/v2\/posts"}],"about":[{"href":"https:\/\/www.diarioimagen.net\/index.php?rest_route=\/wp\/v2\/types\/post"}],"author":[{"embeddable":true,"href":"https:\/\/www.diarioimagen.net\/index.php?rest_route=\/wp\/v2\/users\/3"}],"replies":[{"embeddable":true,"href":"https:\/\/www.diarioimagen.net\/index.php?rest_route=%2Fwp%2Fv2%2Fcomments&post=144035"}],"version-history":[{"count":0,"href":"https:\/\/www.diarioimagen.net\/index.php?rest_route=\/wp\/v2\/posts\/144035\/revisions"}],"wp:attachment":[{"href":"https:\/\/www.diarioimagen.net\/index.php?rest_route=%2Fwp%2Fv2%2Fmedia&parent=144035"}],"wp:term":[{"taxonomy":"category","embeddable":true,"href":"https:\/\/www.diarioimagen.net\/index.php?rest_route=%2Fwp%2Fv2%2Fcategories&post=144035"},{"taxonomy":"post_tag","embeddable":true,"href":"https:\/\/www.diarioimagen.net\/index.php?rest_route=%2Fwp%2Fv2%2Ftags&post=144035"}],"curies":[{"name":"wp","href":"https:\/\/api.w.org\/{rel}","templated":true}]}}