{"id":144037,"date":"2013-08-15T00:04:34","date_gmt":"2013-08-15T05:04:34","guid":{"rendered":"http:\/\/www.diarioimagen.net\/?p=144037"},"modified":"2013-08-15T04:18:05","modified_gmt":"2013-08-15T09:18:05","slug":"caza-mayor","status":"publish","type":"post","link":"https:\/\/www.diarioimagen.net\/?p=144037","title":{"rendered":"Caza mayor"},"content":{"rendered":"<h2>Punto por punto<\/h2>\n<h5>Augusto Corro<\/h5>\n<p><span><br \/>\nEstados Unidos ofrece 563 millones de pesos por la cabeza de seis narcos mexicanos y en M\u00e9xico se busca que Rafael Caro Quintero regrese a prisi\u00f3n.<\/span><\/p>\n<p>Entre los capos que persiguen las autoridades estadounidenses se encuentran Juan Jos\u00e9 Esparragoza Moreno, \u201cEl Azul\u201d; Ismael, \u201cEl Mayo\u201d, Zambada, H\u00e9ctor Beltr\u00e1n Leyva, \u201cEl General\u201d;\u00a0 Vicente Carrillo Fuentes, \u201cEl Viceroy\u201d; Omar Trevi\u00f1o Morales, \u201cZ-42\u201d; y Joaqu\u00edn, \u201cEl Chapo\u201d, Guzm\u00e1n.<\/p>\n<p>Los mencionados enfrentan un sinn\u00famero de cargos por crimen organizado, que incluye pr\u00e1cticas relacionadas con la producci\u00f3n y venta de droga, incluidos los delitos de homicidio, secuestro, etc.<\/p>\n<p>De los m\u00e1s buscados por EU, \u201cEl Chapo\u201d Guzm\u00e1n es el m\u00e1s conocido en M\u00e9xico e internacionalmente. La revista Forbes lo ha seleccionado entre los hombres m\u00e1s ricos del mundo.<\/p>\n<p>En nuestro pa\u00eds tambi\u00e9n existen recompensas por la cabeza de los capos. Sin embargo, a las autoridades mexicanas la captura que m\u00e1s les interesa es la de Caro Quintero, quien sorpresivamente fue liberado.<\/p>\n<p>Cay\u00f3 de sorpresa la excarcelaci\u00f3n del\u00a0 narcotraficante que purgaba una sentencia por el asesinato en 1985 del agente antidrogas estadounidense, Enrique\u00a0 \u201cKiki\u201d Camarena. Ante esa decisi\u00f3n de los jueces mexicanos, las autoridades del vecino pa\u00eds del norte presionan para que Caro Quintero regrese a prisi\u00f3n.<\/p>\n<p>El secretario de Relaciones Exteriores, Jos\u00e9 Antonio Meade, inform\u00f3 que la Procuradur\u00eda General de la Rep\u00fablica (PGR) ya elabora recursos para apelar la decisi\u00f3n de los jueces que orden\u00f3 la liberaci\u00f3n del citado narco.<\/p>\n<p align=\"center\"><b>LA OBESIDAD<\/b><\/p>\n<p>El doctor Armando Ahued Ortega, titular de la Secretar\u00eda de Salud del gobierno del Distrito Federal, realiza una intensa campa\u00f1a para disminuir el \u00edndice de obesos en la capital.<\/p>\n<p>Se trata de una tarea dif\u00edcil, compleja, porque la gente ya est\u00e1 acostumbrada a comer productos chatarra y su dieta, en lo general, no tiene orden alguno, para comer o beber productos nutrientes.<\/p>\n<p>Tendr\u00e1n que desarrollarse programas que orienten a la sociedad para que mejore la dieta alimenticia que ahora tienen a la obesidad como el primer problema de salud p\u00fablica en el Distrito Federal.<\/p>\n<p>No es un asunto menor, el elevado \u00edndice de gordos, donde las mujeres sufren m\u00e1s ese problema que los hombres.<\/p>\n<p>Es necesario que las campa\u00f1as contra la obesidad se apoyen en programas preventivos que ayuden a cambiar la mentalidad de la gente que busca comer para llenarse y no para alimentarse sanamente. El hecho de desaparecer los saleros de las mesas de los restaurantes ha sido una medida positiva. As\u00ed, con reglas pr\u00e1cticas tendr\u00e1n que desaparecer los malos h\u00e1bitos alimenticios.<\/p>\n<p>Igual debe ocurrir con las ideas da\u00f1inas que\u00a0 han estado vigentes desde hace a\u00f1os, como aquella de que la gordura es sin\u00f3nimo de salud.<\/p>\n<p>En esa tarea de Ahued debemos involucrarnos todos para evitar que crezca el \u00edndice de gordos que si no bajan de peso tendr\u00e1n que enfrentar problema de salud muy graves, como hipertensi\u00f3n, diabetes, etc.<\/p>\n<p align=\"center\"><b>TRABAJO RIESGOSO<\/b><\/p>\n<p>Los alcaldes o ex alcaldes son un foco de atenci\u00f3n para la delincuencia organizada. Durante el sexenio de Calder\u00f3n fueron asesinados m\u00e1s de 20 presidentes y ex presidentes municipales.<\/p>\n<p>Las autoridades municipales son los eslabones m\u00e1s fr\u00e1giles en la cadena de gobierno. La lista de alcaldes y ex alcaldes v\u00edctimas de la delincuencia organizada, poco a poco se incrementa con nuevos cr\u00edmenes. Tal es el caso de V\u00edctor Tapia Ocampo, ex presidente municipal\u00a0 de Tetecala, Morelos, quien fue secuestrado por un grupo de desconocidos hace varios d\u00edas.<\/p>\n<p>A la hora de escribir estas l\u00edneas, el ex funcionario continuaba como desaparecido. En los \u00faltimos a\u00f1os, el estado de Morelos se convirti\u00f3 en una entidad donde la delincuencia organizada trabaja a sus anchas.\u00a0 El gobernador perredista, Graco Ram\u00edrez, no ha podido superar la espiral de violencia que flagela a los\u00a0 morelenses.<\/p>\n<p><em><a href=\"mailto:aco2742@hotmail.com\" target=\"_blank\">aco2742@hotmail.com<\/a><\/em><\/p>\n","protected":false},"excerpt":{"rendered":"<p><span style=\"color: #005497;\"><strong>Augusto Corro<\/strong><\/span><\/p>\n","protected":false},"author":3,"featured_media":0,"comment_status":"open","ping_status":"open","sticky":false,"template":"","format":"standard","meta":{"_monsterinsights_skip_tracking":false,"_monsterinsights_sitenote_active":false,"_monsterinsights_sitenote_note":"","_monsterinsights_sitenote_category":0,"footnotes":""},"categories":[157],"tags":[43686,177,43674,11515],"class_list":["post-144037","post","type-post","status-publish","format-standard","hentry","category-augusto-corro","tag-augusto-corro","tag-estados-unidos","tag-opinion","tag-punto-por-punto"],"_links":{"self":[{"href":"https:\/\/www.diarioimagen.net\/index.php?rest_route=\/wp\/v2\/posts\/144037","targetHints":{"allow":["GET"]}}],"collection":[{"href":"https:\/\/www.diarioimagen.net\/index.php?rest_route=\/wp\/v2\/posts"}],"about":[{"href":"https:\/\/www.diarioimagen.net\/index.php?rest_route=\/wp\/v2\/types\/post"}],"author":[{"embeddable":true,"href":"https:\/\/www.diarioimagen.net\/index.php?rest_route=\/wp\/v2\/users\/3"}],"replies":[{"embeddable":true,"href":"https:\/\/www.diarioimagen.net\/index.php?rest_route=%2Fwp%2Fv2%2Fcomments&post=144037"}],"version-history":[{"count":0,"href":"https:\/\/www.diarioimagen.net\/index.php?rest_route=\/wp\/v2\/posts\/144037\/revisions"}],"wp:attachment":[{"href":"https:\/\/www.diarioimagen.net\/index.php?rest_route=%2Fwp%2Fv2%2Fmedia&parent=144037"}],"wp:term":[{"taxonomy":"category","embeddable":true,"href":"https:\/\/www.diarioimagen.net\/index.php?rest_route=%2Fwp%2Fv2%2Fcategories&post=144037"},{"taxonomy":"post_tag","embeddable":true,"href":"https:\/\/www.diarioimagen.net\/index.php?rest_route=%2Fwp%2Fv2%2Ftags&post=144037"}],"curies":[{"name":"wp","href":"https:\/\/api.w.org\/{rel}","templated":true}]}}