{"id":144168,"date":"2013-08-16T00:06:31","date_gmt":"2013-08-16T05:06:31","guid":{"rendered":"http:\/\/www.diarioimagen.net\/?p=144168"},"modified":"2013-08-19T05:36:47","modified_gmt":"2013-08-19T10:36:47","slug":"en-la-seido-los-41-detenidos-en-aquila-2","status":"publish","type":"post","link":"https:\/\/www.diarioimagen.net\/?p=144168","title":{"rendered":"En la SEIDO, los 41 detenidos en Aquila"},"content":{"rendered":"<ul>\n<li><em><b>L\u00edder de autodefensas enfrenta cuatro procesos<\/b><\/em><\/li>\n<\/ul>\n<p>&nbsp;<\/p>\n<div id=\"attachment_144169\" style=\"width: 250px\" class=\"wp-caption alignleft\"><a href=\"http:\/\/www.diarioimagen.net\/wp-content\/uploads\/2013\/08\/Guardias-2165.jpg\"><img loading=\"lazy\" decoding=\"async\" aria-describedby=\"caption-attachment-144169\" class=\"size-medium wp-image-144169\" alt=\"Los guardias comunitarios aprehendidos en el municipio de Aquila, Michoac\u00e1n, fueron trasladados a la ciudad de M\u00e9xico, en medio de un fuerte dispositivo de seguridad.\" src=\"http:\/\/www.diarioimagen.net\/wp-content\/uploads\/2013\/08\/Guardias-2165-240x135.jpg\" width=\"240\" height=\"135\" srcset=\"https:\/\/www.diarioimagen.net\/wp-content\/uploads\/2013\/08\/Guardias-2165-240x135.jpg 240w, https:\/\/www.diarioimagen.net\/wp-content\/uploads\/2013\/08\/Guardias-2165-420x236.jpg 420w, https:\/\/www.diarioimagen.net\/wp-content\/uploads\/2013\/08\/Guardias-2165-235x132.jpg 235w, https:\/\/www.diarioimagen.net\/wp-content\/uploads\/2013\/08\/Guardias-2165-202x114.jpg 202w, https:\/\/www.diarioimagen.net\/wp-content\/uploads\/2013\/08\/Guardias-2165-350x196.jpg 350w, https:\/\/www.diarioimagen.net\/wp-content\/uploads\/2013\/08\/Guardias-2165-220x123.jpg 220w, https:\/\/www.diarioimagen.net\/wp-content\/uploads\/2013\/08\/Guardias-2165-237x132.jpg 237w, https:\/\/www.diarioimagen.net\/wp-content\/uploads\/2013\/08\/Guardias-2165.jpg 480w\" sizes=\"auto, (max-width: 240px) 100vw, 240px\" \/><\/a><p id=\"caption-attachment-144169\" class=\"wp-caption-text\">Los guardias comunitarios aprehendidos en el municipio de Aquila, Michoac\u00e1n, fueron trasladados a la ciudad de M\u00e9xico, en medio de un fuerte dispositivo de seguridad.<\/p><\/div>\n<p>A los integrantes de la polic\u00eda comunitaria de Aquila que fueron detenidos anteayer por las fuerzas federales destacadas en Michoac\u00e1n fueron trasladados al Distrito Federal para que rindieran declaraci\u00f3n en la Procuradur\u00eda General de la Rep\u00fablica en calidad de indiciados, puesto que se les encontr\u00f3 en posesi\u00f3n de armas de fuego de uso exclusivo de las fuerzas armadas.<\/p>\n<p>Se trata de 41 de los 45 integrantes del grupo de autodefensa que originalmente fueron detenidos. Y fueron ingresados durante la madrugada de ayer a las instalaciones de la Subprocuradur\u00eda Especializada en Investigaci\u00f3n de Delincuencia Organizada, la SEIDO, donde tuvieron que declarar por su presunta responsabilidad en el delito de violaci\u00f3n a la Ley Federal de Armas de Fuego y Explosivos.<\/p>\n<p>Corresponder\u00e1, se inform\u00f3, al Ministerio P\u00fablico definir la situaci\u00f3n jur\u00eddica de las 41 personas, algunas de las cuales ya contaban con \u00f3rdenes de localizaci\u00f3n y presentaci\u00f3n por diversos delitos.<\/p>\n<p>Por lo que hace a Agust\u00edn Villanueva Ram\u00edrez, el l\u00edder del llamado grupo de autodefensa de Aquila, el gobierno de Michoac\u00e1n inform\u00f3 que ten\u00eda en su haber un total de cuatro \u00f3rdenes de aprehensi\u00f3n vigentes.<\/p>\n<p>En un comunicado se detall\u00f3 que el ahora detenido enfrenta procesos penales por los delitos de robo calificado, violaci\u00f3n a domicilio, secuestro y lesiones calificadas y secuestro, robo calificado y lesiones calificadas. El proceso por robo calificado data desde septiembre del 2011, pero los restantes corresponden a junio y julio de este a\u00f1o.<\/p>\n<p>De los otros cuatro detenidos en Aquila, con \u00f3rdenes de aprehensi\u00f3n, la autoridad estatal detall\u00f3 que se trata de Juan Manuel Ram\u00edrez Magall\u00f3n por el delito de violaci\u00f3n de domicilio; Salvador Mart\u00ednez C\u00e1rdenas, con dos procesos: uno secuestro y lesiones calificadas y otro por violaci\u00f3n de domicilio; Guadalupe Maga\u00f1a Orozco, con orden de aprehensi\u00f3n por los delitos de secuestro y lesiones calificadas, y Vicente Villanueva Ram\u00edrez, hermano del l\u00edder del grupo, acusado de secuestro y lesiones.<\/p>\n<p>Seg\u00fan la averiguaci\u00f3n previa que integr\u00f3 la Procuradur\u00eda General de Justicia del Estado, Agust\u00edn Villanueva, ex presidente de bienes comunales, organiz\u00f3 las autodefensas para recuperar el control de comuneros beneficiados con las regal\u00edas.<\/p>\n<p>Se se\u00f1ala que el surgimiento del grupo de autodefensa de Aquila tuvo como motivaci\u00f3n la recuperaci\u00f3n del cobro de regal\u00edas que paga la empresa Ternium por la explotaci\u00f3n de la mina \u201cLos Encinos\u201d.<\/p>\n<p>Anoche se ten\u00eda previsto en Tepalcatepec una reuni\u00f3n con los l\u00edderes de autodefensa que operan en las regiones de Tierra Caliente y Sierra Occidental de Michoac\u00e1n con autoridades militares y funcionarios del gobierno estatal para buscar una salida que permita la desintegraci\u00f3n de las polic\u00edas comunitarias, inform\u00f3 el secretario de gobierno estatal, Jaime Mares Camarena.<\/p>\n","protected":false},"excerpt":{"rendered":"<p>A los integrantes de la polic\u00eda comunitaria de Aquila que fueron detenidos anteayer por las fuerzas federales destacadas en Michoac\u00e1n fueron trasladados al Distrito Federal para que rindieran declaraci\u00f3n en la Procuradur\u00eda General de la Rep\u00fablica en calidad de indiciados, puesto que se les encontr\u00f3 en posesi\u00f3n de armas de fuego de uso exclusivo de las fuerzas armadas.<\/p>\n","protected":false},"author":1,"featured_media":144169,"comment_status":"open","ping_status":"open","sticky":false,"template":"","format":"standard","meta":{"_monsterinsights_skip_tracking":false,"_monsterinsights_sitenote_active":false,"_monsterinsights_sitenote_note":"","_monsterinsights_sitenote_category":0,"footnotes":""},"categories":[17,7],"tags":[27952,27954,43673,232,43677,25065],"class_list":["post-144168","post","type-post","status-publish","format-standard","has-post-thumbnail","hentry","category-especiales","category-seguridad","tag-aquila","tag-autodefensas","tag-nacional","tag-pgr","tag-seguridad","tag-seido"],"_links":{"self":[{"href":"https:\/\/www.diarioimagen.net\/index.php?rest_route=\/wp\/v2\/posts\/144168","targetHints":{"allow":["GET"]}}],"collection":[{"href":"https:\/\/www.diarioimagen.net\/index.php?rest_route=\/wp\/v2\/posts"}],"about":[{"href":"https:\/\/www.diarioimagen.net\/index.php?rest_route=\/wp\/v2\/types\/post"}],"author":[{"embeddable":true,"href":"https:\/\/www.diarioimagen.net\/index.php?rest_route=\/wp\/v2\/users\/1"}],"replies":[{"embeddable":true,"href":"https:\/\/www.diarioimagen.net\/index.php?rest_route=%2Fwp%2Fv2%2Fcomments&post=144168"}],"version-history":[{"count":0,"href":"https:\/\/www.diarioimagen.net\/index.php?rest_route=\/wp\/v2\/posts\/144168\/revisions"}],"wp:featuredmedia":[{"embeddable":true,"href":"https:\/\/www.diarioimagen.net\/index.php?rest_route=\/wp\/v2\/media\/144169"}],"wp:attachment":[{"href":"https:\/\/www.diarioimagen.net\/index.php?rest_route=%2Fwp%2Fv2%2Fmedia&parent=144168"}],"wp:term":[{"taxonomy":"category","embeddable":true,"href":"https:\/\/www.diarioimagen.net\/index.php?rest_route=%2Fwp%2Fv2%2Fcategories&post=144168"},{"taxonomy":"post_tag","embeddable":true,"href":"https:\/\/www.diarioimagen.net\/index.php?rest_route=%2Fwp%2Fv2%2Ftags&post=144168"}],"curies":[{"name":"wp","href":"https:\/\/api.w.org\/{rel}","templated":true}]}}