{"id":144227,"date":"2013-08-16T00:06:50","date_gmt":"2013-08-16T05:06:50","guid":{"rendered":"http:\/\/www.diarioimagen.net\/?p=144227"},"modified":"2013-08-19T04:21:47","modified_gmt":"2013-08-19T09:21:47","slug":"culiacan-tendra-el-primer-sleep-inn-en-tres-rios-la-zona-de-mayor-crecimiento-corporativo-de-esa-ciudad","status":"publish","type":"post","link":"https:\/\/www.diarioimagen.net\/?p=144227","title":{"rendered":"Culiac\u00e1n tendr\u00e1 el primer <i>Sleep Inn<\/i> en Tres R\u00edos, la zona de mayor crecimiento corporativo de esa ciudad"},"content":{"rendered":"<h2>De cinco estrellas<\/h2>\n<h5>Victoria Gonz\u00e1lez Prado<\/h5>\n<p>&nbsp;<\/p>\n<ul>\n<li><em><strong>Vul\u00e1 Spa ofrece tratamientos exclusivos como su l\u00e1ser Erbio, \u00fanico en la ciudad de M\u00e9xico<\/strong><\/em><\/li>\n<li><em><strong>Impulsa la Sectur una industria tur\u00edstica limpia con criterios sustentabilidad y promueve la certificaci\u00f3n mediante la norma NMX 133<\/strong><\/em><\/li>\n<li><em><strong>Aerol\u00ednea internacional anunci\u00f3 la expansi\u00f3n de su servicio desde Los \u00c1ngeles, a tres destinos en M\u00e9xico<\/strong><\/em><\/li>\n<\/ul>\n<p>&nbsp;<\/p>\n<div id=\"attachment_144228\" style=\"width: 250px\" class=\"wp-caption alignleft\"><a href=\"http:\/\/www.diarioimagen.net\/wp-content\/uploads\/2013\/08\/turismo-2165.jpg\"><img loading=\"lazy\" decoding=\"async\" aria-describedby=\"caption-attachment-144228\" class=\"size-medium wp-image-144228\" alt=\"Los Spas de ciudad tienen un \u00e9xito inusitado.\" src=\"http:\/\/www.diarioimagen.net\/wp-content\/uploads\/2013\/08\/turismo-2165-240x135.jpg\" width=\"240\" height=\"135\" srcset=\"https:\/\/www.diarioimagen.net\/wp-content\/uploads\/2013\/08\/turismo-2165-240x135.jpg 240w, https:\/\/www.diarioimagen.net\/wp-content\/uploads\/2013\/08\/turismo-2165-420x236.jpg 420w, https:\/\/www.diarioimagen.net\/wp-content\/uploads\/2013\/08\/turismo-2165-235x132.jpg 235w, https:\/\/www.diarioimagen.net\/wp-content\/uploads\/2013\/08\/turismo-2165-202x114.jpg 202w, https:\/\/www.diarioimagen.net\/wp-content\/uploads\/2013\/08\/turismo-2165-350x196.jpg 350w, https:\/\/www.diarioimagen.net\/wp-content\/uploads\/2013\/08\/turismo-2165-220x123.jpg 220w, https:\/\/www.diarioimagen.net\/wp-content\/uploads\/2013\/08\/turismo-2165-237x132.jpg 237w, https:\/\/www.diarioimagen.net\/wp-content\/uploads\/2013\/08\/turismo-2165.jpg 480w\" sizes=\"auto, (max-width: 240px) 100vw, 240px\" \/><\/a><p id=\"caption-attachment-144228\" class=\"wp-caption-text\">Los Spas de ciudad tienen un \u00e9xito inusitado.<\/p><\/div>\n<p>Culiac\u00e1n tendr\u00e1 el primer <i>Sleep Inn<\/i> de <i>Choice Hotels M\u00e9xico<\/i> y estar\u00e1 ubicado en la zona de Tres R\u00edos. Con este hotel la empresa propietaria de cinco marcas en M\u00e9xico incrementa su presencia en la Rep\u00fablica mexicana con m\u00e1s de 20 hoteles. La marca <i>Sleep Inn <\/i>ofrece al viajero de negocios un hotel confortable y pensado para quien quiere descansar en un viaje de trabajo. El director general de <i>Choice Hotels M\u00e9xico<\/i>, <b>Germ\u00e1n Fern\u00e1ndez del Busto<\/b> declar\u00f3 que este hotel ser\u00e1 un gran escaparate para lanzar la marca en M\u00e9xico y asegur\u00f3 que el mercado mexicano es de especial inter\u00e9s por lo que se ampliar\u00e1 la oferta de hoteles en el pa\u00eds. <i>Sleep Inn<\/i> es la marca tres estrellas de <i>Choice Hotels International.<\/i> La empresa cuenta con m\u00e1s de 380 hoteles de la marca abiertos en Estados Unidos y es uno de los ejes sobre los que planea ingresar al mercado de construcciones nuevas en M\u00e9xico. El hotel abrir\u00e1 sus puertas a finales del 2013 y contar\u00e1 con 65 habitaciones, <i>Business Center<\/i> y \u00e1rea de desayuno. Su privilegiada ubicaci\u00f3n le permite al viajero estar cerca de restaurantes, centros de esparcimiento y todo dentro de la zona de mayor crecimiento corporativo en Culiac\u00e1n. Esta apertura confirma la confianza de los inversionistas del sector hotelero en M\u00e9xico.<\/p>\n<p>\u2730\u2730\u2730\u2730\u2730\u00a0No es nuevo que los Spas de ciudad hayan tenido un \u00e9xito inusitado por los diversos tratamientos que ofrecen. En esta ocasi\u00f3n les hablar\u00e9 del l\u00e1ser <i>Erbio,<\/i> \u00fanico en la ciudad de M\u00e9xico que ayuda a disminuir las l\u00edneas de expresi\u00f3n. Es de tecnolog\u00eda alemana y permite que las arrugas disminuyan con resultados inmediatos. Imagina nada m\u00e1s que incentiva la producci\u00f3n de col\u00e1geno y elastina, con lo cual se logra recuperar la expresi\u00f3n juvenil del rostro, que se ha visto afectado por la luz solar, el paso del tiempo y los radicales libres. En la ciudad de M\u00e9xico este moderno tratamiento s\u00f3lo se puede encontrar en <i>Vul\u00e1 Spa. <\/i>\u201cEsta tecnolog\u00eda es completamente segura y a pesar de tratarse de un l\u00e1ser los pacientes no tienen de que preocuparse, porque no produce quemaduras e incluso se utiliza en el contorno de los ojos. Asimismo, nuestro personal se encuentra perfectamente capacitado para su uso\u201d, coment\u00f3 <b>Claudia N\u00e1jera<\/b>, directora del Spa. El l\u00e1ser adem\u00e1s cuenta con la funci\u00f3n de tensado de la piel, por lo que se puede utilizar en todo el cuerpo con resultados asombrosos como el levantamiento de gl\u00fateos y busto. \u201cEn el tiempo que llevamos trabajando con este proceso nuestros hu\u00e9spedes siempre se han sentido satisfechos. Preferimos llamarlos hu\u00e9spedes porque nuestro objetivo es que se sientan a gusto, como en casa\u201d, detall\u00f3 la directiva. El n\u00famero de sesiones necesarias para cada paciente se determina mediante una evaluaci\u00f3n m\u00e9dica y depende de su tipo de piel, pigmentaci\u00f3n y da\u00f1os causados por el medio ambiente. Sin embargo, en promedio se realizan 10 sesiones, una cada 21 d\u00edas para poder trabajar con c\u00e9lulas nuevas. Se trata de un procedimiento que no es invasivo, es mucho m\u00e1s econ\u00f3mico que una cirug\u00eda y no necesita de recuperaci\u00f3n. La sesi\u00f3n tiene una duraci\u00f3n cercana a una hora y s\u00f3lo se necesita aplicar un gel anest\u00e9sico para que el calor del l\u00e1ser no incomode al hu\u00e9sped. Asimismo, el tratamiento con l\u00e1ser es progresivo y regenerativo por lo que en cada sesi\u00f3n se ven m\u00e1s resultados. Una vez terminado el tratamiento s\u00f3lo se necesitan una o dos visitas de mantenimiento al a\u00f1o ya que la piel rejuvenecida nuevamente se expone al medio ambiente. La mayor\u00eda de los hu\u00e9spedes en que se tratan con l\u00e1ser <i>Erbio<\/i> est\u00e1n en un rango entre los 40 a 55 a\u00f1os de edad. <i>Vul\u00e1 Spa<\/i> cumple este verano dos a\u00f1os trabajando despu\u00e9s de un largo proceso de planeaci\u00f3n en el que se eligieron los mejores productos para la piel; tecnolog\u00eda de punta y personal altamente calificado y con vocaci\u00f3n de servicio, dijo Claudia.<\/p>\n<p>\u2730\u2730\u2730\u2730\u2730\u00a0Con el prop\u00f3sito de que el turismo se mantenga como una industria limpia, basada en criterios de sustentabilidad social, econ\u00f3mica y ambiental, la Secretar\u00eda de Turismo federal impulsa la certificaci\u00f3n del turismo sustentable mediante la Norma Mexicana NMX 133, que establece los requisitos y especificaciones de sustentabilidad para las personas f\u00edsicas o morales y n\u00facleos agrarios prestadores de servicios tur\u00edsticos de ecoturismo y toma en cuenta tres dimensiones: ambiental, sociocultural y econ\u00f3mica. La titular de la Sectur, <b>Claudia Ruiz Massieu<\/b>, se\u00f1al\u00f3 que actualmente est\u00e1n certificadas en esta norma, 53 empresas que prestan servicios ecotur\u00edsticos en Baja California, Baja California Sur, Campeche, Chiapas, Hidalgo, Oaxaca, Quintana Roo, Veracruz, Yucat\u00e1n y el Distrito Federal. Asimismo, se\u00f1al\u00f3, 88 empresas est\u00e1n en proceso de certificaci\u00f3n, a las cuales se apoya en asistencia t\u00e9cnica, capacitaci\u00f3n y financiamiento, en colaboraci\u00f3n estrecha con la Comisi\u00f3n Nacional de \u00c1reas Naturales Protegidas, la Comisi\u00f3n Nacional para el Desarrollo de los Pueblos Ind\u00edgenas y la Organizaci\u00f3n Internacional\u00a0<i>Rainforest\u00a0 Alliance.<\/i> Al participar en la Feria de Turismo de Aventura M\u00e9xico-Veracruz, ATMEX 2013, que se realiza en Boca del R\u00edo, <b>Ruiz Massieu<\/b> explic\u00f3 que el prop\u00f3sito es dar garant\u00eda de calidad y buen servicio a los turistas nacionales e internacionales, y por ello se cre\u00f3 tambi\u00e9n, indic\u00f3, la marca ecoturismo para las empresas tur\u00edsticas que cuenten con el certificado vigente. Extern\u00f3 que ya se registr\u00f3 la marca Ecoturismo Certificado en el Instituto Mexicano de la Propiedad Industrial (IMPI) y se implementa una estrategia de posicionamiento de la misma. La secretaria de Turismo manifest\u00f3 que en la dependencia se da un impulso renovado para promover y fomentar el turismo en el pa\u00eds, y anot\u00f3 que un segmento importante en este quehacer es el desarrollo del Turismo de Naturaleza, el cual ser\u00e1 apuntalado, en el corto y mediano plazos, con acciones concretas. Mencion\u00f3 que la Sectur ha sostenido reuniones con representantes de cinco dependencias, siete entidades y la Confederaci\u00f3n Nacional de Alcaldes de M\u00e9xico (CONAM), para fomentar, desarrollar, difundir y promover el turismo de naturaleza en un marco de sustentabilidad y competitividad. En este contexto, expuso que de enero a junio de 2013, la Secretar\u00eda de Turismo suscribi\u00f3 Convenios de Coordinaci\u00f3n para el Otorgamiento de subsidios en materia de desarrollo tur\u00edstico con 20 estados de la Rep\u00fablica, mediante los cuales, se apoyar\u00e1n 35 proyectos de inversi\u00f3n que contribuir\u00e1n a la consolidaci\u00f3n de los destinos del pa\u00eds.<\/p>\n<p><i>\u2730\u2730\u2730\u2730\u2730\u00a0Delta Air Lines<\/i> anunci\u00f3 la expansi\u00f3n de su servicio desde Los \u00c1ngeles, CA, a tres populares destinos en M\u00e9xico, reforzando la posici\u00f3n del Aeropuerto Internacional de Los \u00c1ngeles como puerta clave para M\u00e9xico y la regi\u00f3n de Centroam\u00e9rica. La nueva programaci\u00f3n incluye servicios diarios a Canc\u00fan y la expansi\u00f3n de los servicios a Guadalajara y Puerto Vallarta. \u201cLa expansi\u00f3n del servicio desde Los \u00c1ngeles a estos tres populares destinos en nuestro mercado Busca ofrecer conexiones m\u00e1s convenientes para nuestros clientes en M\u00e9xico y a trav\u00e9s de Los \u00c1ngeles ellos pueden acceder a m\u00e1s de 176 salidas en d\u00edas pico a 63 destinos alrededor del mundo, operados por Delta y sus asociados\u201d, dijo <b>Carlos E. Hern\u00e1ndez<\/b>, director de Delta para M\u00e9xico.\u00a0 En la puerta internacional de <i>Delta<\/i>\u00a0 en Los \u00c1ngeles, la aerol\u00ednea ofrece a los clientes mexicanos un cronograma preferencial para conexiones a los destinos de mayor demanda en Asia-Pac\u00edfico como Sidney en Australia, y Haneda y Narita en Jap\u00f3n. La programaci\u00f3n var\u00eda de acuerdo a la temporada. As\u00ed, la aerol\u00ednea contin\u00faa invirtiendo para mejorar la experiencia del cliente, tanto en vuelo como en tierra. Los viajeros de M\u00e9xico disfrutar\u00e1n los beneficios de la expansi\u00f3n y mejora por\u00a0 229 millones de la Terminal 5 en el Aeropuerto Internacional de Los \u00c1ngeles. El proyecto actual duplicar\u00e1 el tama\u00f1o de la recepci\u00f3n de registro y puntos de control de seguridad, abrir\u00e1 una exclusiva recepci\u00f3n separada y puntos de registro para <i>Sky Priority<\/i> e incluir\u00e1 renovaciones al <i>Delta Sky Club<\/i> y nuevos carruseles de equipaje. El proyecto ya est\u00e1 en marcha y est\u00e1 programado para llevarse a cabo en varias fases hasta ser completado totalmente en el 2015.\u00a0 La expansi\u00f3n del servicio de Los \u00c1ngeles a M\u00e9xico incluye:\u00a0Servicio expandido entre Los \u00c1ngeles y Canc\u00fan\u00a0 vuelo diario todo el a\u00f1o; Servicio expandido entre Los \u00c1ngeles y\u00a0 Guadalajara\u00a0 vuelo diario todo el a\u00f1o (dos veces al d\u00eda en temporada alta de verano). Y, servicio expandido entre Los \u00c1ngeles y Puerto Vallarta vuelo diario todo el a\u00f1o.<\/p>\n<p><i><em><a href=\"mailto:victoriagprado@gmail.com\" target=\"_blank\">victoriagprado@gmail.com<\/a><\/em><\/i><\/p>\n","protected":false},"excerpt":{"rendered":"<p>Culiac\u00e1n tendr\u00e1 el primer Sleep Inn de Choice Hotels M\u00e9xico y estar\u00e1 ubicado en la zona de Tres R\u00edos. Con este hotel la empresa propietaria de cinco marcas en M\u00e9xico incrementa su presencia en la Rep\u00fablica mexicana con m\u00e1s de 20 hoteles. <\/p>\n","protected":false},"author":1,"featured_media":144228,"comment_status":"open","ping_status":"open","sticky":false,"template":"","format":"standard","meta":{"_monsterinsights_skip_tracking":false,"_monsterinsights_sitenote_active":false,"_monsterinsights_sitenote_note":"","_monsterinsights_sitenote_category":0,"footnotes":""},"categories":[11],"tags":[107,43681,106],"class_list":["post-144227","post","type-post","status-publish","format-standard","has-post-thumbnail","hentry","category-turismo","tag-de-cinco-estrellas","tag-turismo","tag-victoria-gonzalez-prado"],"_links":{"self":[{"href":"https:\/\/www.diarioimagen.net\/index.php?rest_route=\/wp\/v2\/posts\/144227","targetHints":{"allow":["GET"]}}],"collection":[{"href":"https:\/\/www.diarioimagen.net\/index.php?rest_route=\/wp\/v2\/posts"}],"about":[{"href":"https:\/\/www.diarioimagen.net\/index.php?rest_route=\/wp\/v2\/types\/post"}],"author":[{"embeddable":true,"href":"https:\/\/www.diarioimagen.net\/index.php?rest_route=\/wp\/v2\/users\/1"}],"replies":[{"embeddable":true,"href":"https:\/\/www.diarioimagen.net\/index.php?rest_route=%2Fwp%2Fv2%2Fcomments&post=144227"}],"version-history":[{"count":0,"href":"https:\/\/www.diarioimagen.net\/index.php?rest_route=\/wp\/v2\/posts\/144227\/revisions"}],"wp:featuredmedia":[{"embeddable":true,"href":"https:\/\/www.diarioimagen.net\/index.php?rest_route=\/wp\/v2\/media\/144228"}],"wp:attachment":[{"href":"https:\/\/www.diarioimagen.net\/index.php?rest_route=%2Fwp%2Fv2%2Fmedia&parent=144227"}],"wp:term":[{"taxonomy":"category","embeddable":true,"href":"https:\/\/www.diarioimagen.net\/index.php?rest_route=%2Fwp%2Fv2%2Fcategories&post=144227"},{"taxonomy":"post_tag","embeddable":true,"href":"https:\/\/www.diarioimagen.net\/index.php?rest_route=%2Fwp%2Fv2%2Ftags&post=144227"}],"curies":[{"name":"wp","href":"https:\/\/api.w.org\/{rel}","templated":true}]}}