{"id":144230,"date":"2013-08-16T00:07:44","date_gmt":"2013-08-16T05:07:44","guid":{"rendered":"http:\/\/www.diarioimagen.net\/?p=144230"},"modified":"2013-08-16T04:47:22","modified_gmt":"2013-08-16T09:47:22","slug":"femat-y-martin-a-gobernacion-y-sagarpa","status":"publish","type":"post","link":"https:\/\/www.diarioimagen.net\/?p=144230","title":{"rendered":"Femat y Mart\u00edn, a Gobernaci\u00f3n y Sagarpa"},"content":{"rendered":"<h2>Tras la puerta del poder<\/h2>\n<h5>Roberto Vizca\u00edno<\/h5>\n<p>&nbsp;<\/p>\n<ul>\n<li><em><strong>Surgidos de un mismo tronco period\u00edstico, Femat y Mart\u00edn coinciden hoy en dos dependencias vitales<\/strong><\/em><\/li>\n<li><em><strong>Los senadores Gamboa y Cordero advirtieron ayer que \u201cno se vale secuestrar al Senado\u201d<\/strong><\/em><\/li>\n<li><em><strong>Francisco N. Gonz\u00e1lez de ProM\u00e9xico y Valent\u00edn D\u00edez Morodo, firmaron ayer un convenio<\/strong><\/em><\/li>\n<\/ul>\n<p>&nbsp;<\/p>\n<div id=\"attachment_144233\" style=\"width: 250px\" class=\"wp-caption alignleft\"><a href=\"http:\/\/www.diarioimagen.net\/wp-content\/uploads\/2013\/08\/MARAL-2165.jpg\"><img loading=\"lazy\" decoding=\"async\" aria-describedby=\"caption-attachment-144233\" class=\"size-medium wp-image-144233\" alt=\"Maral\" src=\"http:\/\/www.diarioimagen.net\/wp-content\/uploads\/2013\/08\/MARAL-2165-240x174.jpg\" width=\"240\" height=\"174\" srcset=\"https:\/\/www.diarioimagen.net\/wp-content\/uploads\/2013\/08\/MARAL-2165-240x174.jpg 240w, https:\/\/www.diarioimagen.net\/wp-content\/uploads\/2013\/08\/MARAL-2165-420x305.jpg 420w, https:\/\/www.diarioimagen.net\/wp-content\/uploads\/2013\/08\/MARAL-2165-90x65.jpg 90w, https:\/\/www.diarioimagen.net\/wp-content\/uploads\/2013\/08\/MARAL-2165.jpg 700w\" sizes=\"auto, (max-width: 240px) 100vw, 240px\" \/><\/a><p id=\"caption-attachment-144233\" class=\"wp-caption-text\">Maral<\/p><\/div>\n<p>Los periodistas <b>Roberto Femat <\/b>y <b>Abelardo Mart\u00edn<\/b>, contempor\u00e1neos de aquella gloriosa redacci\u00f3n del inicio de los 70 en el ya desaparecido <b>\u201cHeraldo de M\u00e9xico\u201d<\/b>, fueron ayer noticia en el periodismo nacional.<\/p>\n<p>Femat pas\u00f3 de ser el titular en Comunicaci\u00f3n Social de la Sagarpa a serlo en la ahora de nuevo muy poderosa y compleja Secretar\u00eda de Gobernaci\u00f3n, mientras que Abelardo llega al relevo en Sagarpa.<\/p>\n<p>Ambos tienen ahora jefes \u2014Miguel \u00c1ngel Osorio Chong y Enrique Mart\u00ednez y Mart\u00ednez- con gran experiencia y capacidad de trabajo y tareas impresionantes.<\/p>\n<p>Las de Femat y Mart\u00edn no son menores, por eso fueron promovidos a donde ahora est\u00e1n. Sus responsabilidades al lado Osorio Chong y de Mart\u00ednez y Mart\u00ednez en este proceso del surgimiento de un M\u00e9xico distinto ser\u00e1n para Roberto y Abelardo, sin duda, fundamentales en cada dependencia.<\/p>\n<p>No queda m\u00e1s que desearles el mayor los \u00e9xitos.<\/p>\n<p style=\"text-align: center;\"><b>SENADO Y UNAM BECAR\u00c1N A J\u00d3VENES<\/b><\/p>\n<p>A propuesta de la senadora perredista Alejandra Barrales y con la aprobaci\u00f3n por unanimidad del Pleno del Senado de la Rep\u00fablica, esta c\u00e1mara suscribi\u00f3 ayer un convenio de colaboraci\u00f3n con la UNAM.<\/p>\n<p>El convenio fue firmado por el rector Jos\u00e9 Narro Robles; Ernesto Cordero, presidente del Senado; Emilio Gamboa, presidente de la Junta de Coordinaci\u00f3n Pol\u00edtica, y Miguel Barbosa, presidente de la fundaci\u00f3n Belisario Dom\u00ednguez en presencia de la senadora Barrales.<\/p>\n<p>Este acuerdo permitir\u00e1: elaborar investigaciones, an\u00e1lisis y encuestas en las diversas materias relacionadas con la actividad legislativa y dem\u00e1s atribuciones competencia del Senado; desarrollar estudios\u00a0 con una perspectiva jur\u00eddica con el fin de presentar propuestas que apoyen\u00a0 a las instancias competentes en la elaboraci\u00f3n de iniciativas de leyes y decretos;\u00a0 apoyar la canalizaci\u00f3n y el reclutamiento de estudiantes que permitan el establecimiento del programa de servicio social.<\/p>\n<p>De igual manera: apoyar en el otorgamiento de becas para estudiantes de bachillerato\u00a0 de alto rendimiento de bajos recursos econ\u00f3micos y el otorgamiento de becas para el intercambio nacional e internacional; celebrar conferencias,\u00a0 coloquios, simposios, talleres, cursos, diplomados, y actividades similares; as\u00ed como la difusi\u00f3n de estos eventos; intercambiar informaci\u00f3n sobre diferentes temas y\u00a0 facilitar la consulta de material bibliogr\u00e1fico y base de datos.<\/p>\n<p>Y adem\u00e1s: realizar la publicaci\u00f3n de art\u00edculos en medios de difusi\u00f3n de cada una de las partes; editar y difundir, cuando se considere pertinente,\u00a0 los resultados de las investigaciones, estudios y an\u00e1lisis desarrollados por las partes, mediante la ejecuci\u00f3n del programa de coediciones que al respeto se establezcan y asesorar y capacitar para el desarrollo de sistemas informativos.<\/p>\n<p>Este convenio es por todo esto muy distinto a los que se han suscrito a la fecha.<\/p>\n<p>Todos los firmantes coincidieron en que se deben privilegiar e impulsar los mecanismo que eleven la educaci\u00f3n de los mexicanos y que beneficien a los j\u00f3venes.<\/p>\n<p style=\"text-align: center;\"><b>DE FUGAS A FUGAS<\/b><\/p>\n<p>Como p\u00e1jaro (de cuenta) que es, Caro Quintero apenas lo dejaron libre\u2026 y huy\u00f3. Ahora lo interesante ser\u00e1 ver si lo encuentran ya que el gobierno de EU pidi\u00f3 su detenci\u00f3n con fines de extradici\u00f3n.<\/p>\n<p>Mientras no logren su recaptura, Quintero ser\u00e1 de nuevo un pr\u00f3fugo\u2026 como lo es desde hace m\u00e1s de una d\u00e9cada Joaqu\u00edn \u201cEl Chapo\u201d Guzm\u00e1n y m\u00e1s de una cincuentena de delincuentes y narcos buscados por el gobierno estadounidense.<\/p>\n<p>Es sin duda un espacio de fuga\u2026 en otro, el Banco de M\u00e9xico \u2014que se ha vuelto de repente muy informativo y claridoso-, revel\u00f3 hace poco que entre mayo y junio de este a\u00f1o, se dio la mayor fuga de capitales de M\u00e9xico hacia el exterior de los \u00faltimos 20 a\u00f1os<\/p>\n<p>La instituci\u00f3n dirigida por el ex secretario de Hacienda Agust\u00edn Carstens, explic\u00f3 que esta salida de dineros fue una consecuencia de la inestabilidad financiera internacional.<\/p>\n<p>As\u00ed inversionistas extranjeros se llevaron en esos meses 13 mil 800 millones de d\u00f3lares que estaban colocados como bonos del gobierno federal.<\/p>\n<p style=\"text-align: center;\"><b>NO SE VALE<\/b><\/p>\n<p>Los senadores Emilio Gamboa y Ernesto Cordero, el primero presidente de la Junta de Coordinaci\u00f3n Pol\u00edtica y coordinador de la bancada de los tricolores en la C\u00e1mara alta y el segundo presidente del Senado, advirtieron que no es posible dejar que grupos de inconformes puedan cercar este recinto y secuestrar durante horas a todos quienes se encuentran dentro.<\/p>\n<p>Ese fue el caso anteayer cuando maestros de la coordinadora cerraron calles y puertas del Senado y no dejaron ni entrar ni salir a nadie, a pesar de que la mesa directiva le pidi\u00f3 garant\u00eda de libre paso.<\/p>\n<p>Por lo dem\u00e1s se\u00f1alaron que los senadores siempre han tenido una actitud y decisi\u00f3n para recibir a todos los manifestantes y recibir sus sugerencias, propuestas y quejas.<\/p>\n<p>\u201cSe vale realizar marchas sin alterar el orden\u2026 lo que no se vale es que secuestren a madres de familia, a empleados, a reporteras y reporteros, a senadores, y que no los dejen salir\u2026 tambi\u00e9n les pedimos \u00a0paz,\u00a0 tranquilidad y respeto para los habitantes del Distrito Federal\u201d, indic\u00f3 Emilio Gamboa.<\/p>\n<p>El presidente del Senado, el panista Ernesto Cordero, indic\u00f3 por su parte que es incomprensible la actitud tanto de los maestros, como de las autoridades capitalinas, ya que los senadores siempre han recibido y escuchado a todos.<\/p>\n<p>Y les record\u00f3 a ambos que pese a las circunstancias, los senadores cumplir\u00e1n siempre con su responsabilidad\u2026 \u201cnosotros vamos a hacer nuestro trabajo, independientemente de las manifestaciones que se hagan. Por supuesto que los vamos a escuchar pero el trabajo legislativo no se va a detener\u201d, indic\u00f3.<\/p>\n<p style=\"text-align: center;\"><b>PLENARIA EN\u00a0<\/b><b>EL TR\u00c1FAGO<\/b><\/p>\n<p>Como nunca antes, senadores y diputados de todas las fracciones celebrar\u00e1n en las siguientes dos semanas sus respectivas reuniones plenarias para delinear sus respectivas agendas para ir al siguiente per\u00edodo legislativo que inicia el 1 de septiembre y tambi\u00e9n y conjuntamente realizar dos per\u00edodos extraordinarios.<\/p>\n<p>En este contexto nunca antes visto, en medio de un tr\u00e1fago sin precedente, los 213 diputados pri\u00edstas y los 28 legisladores del Partido Verde Ecologista de M\u00e9xico celebrar\u00e1n su Tercera Reuni\u00f3n Plenaria los d\u00edas 19 y 20.<\/p>\n<p>Cuando abran los trabajos el domingo 1 de septiembre, a todos ellos les estar\u00e1 esperando la iniciativa de reforma energ\u00e9tica y apenas llegue el presidente Enrique Pe\u00f1a Nieto les entregar\u00e1 la iniciativa hacendaria y fiscal, adem\u00e1s de los proyectos de Presupuesto de Ingresos y el de Egresos. De locos. Como para no dormir dos meses.<\/p>\n<p style=\"text-align: center;\"><b>ACUERDO PROM\u00c9XICO-COMCE<\/b><\/p>\n<p>Francisco N. Gonz\u00e1lez D\u00edaz y Valent\u00edn Diez Morodo, respectivos titulares de ProM\u00e9xico y del Consejo Empresarial Mexicano de Comercio Exterior, Inversi\u00f3n y Tecnolog\u00eda firmaron ayer un acuerdo de cooperaci\u00f3n a fin de impulsar las actividades de las empresas mexicanas que buscan su internacionalizaci\u00f3n.<\/p>\n<p>Gonz\u00e1lez D\u00edaz \u2014quien sin duda con estas y otras acciones le inyecta un dinamismo que faltaba en este sector-, indic\u00f3 que con estos acuerdos se fortalecer\u00e1n las cadenas de producci\u00f3n, y se relanzar\u00e1 la promoci\u00f3n y desarrollo de la oferta de bienes mexicanos de exportaci\u00f3n con un efecto directo a la inversi\u00f3n en M\u00e9xico.<\/p>\n<p>Junto con Diez Morodo, el director de ProM\u00e9xico ya inici\u00f3 la organizaci\u00f3n de misiones comerciales al extranjero, brindando apoyos como bolsas de viaje que aligeren los costos a realizar en este tipo de proyectos.<\/p>\n<p>Gonz\u00e1lez D\u00edaz indic\u00f3 que ProM\u00e9xico aplicar\u00e1 de inmediato un \u201cPrograma de Actualizaci\u00f3n Internacional\u201d con seminarios de expertos en varias regiones del pa\u00eds para iniciar un registro de empresas interesadas en ir con sus productos al mercado internacional.<\/p>\n<p><em><a href=\"mailto:rvizcaino@gmail.com\" target=\"_blank\">rvizcaino@gmail.com<\/a><\/em><\/p>\n","protected":false},"excerpt":{"rendered":"<p><span style=\"color: #005497;\"><strong>Roberto Vizca\u00edno<\/strong><\/span><br \/>\n<br \/>\nLos periodistas Roberto Femat y Abelardo Mart\u00edn, contempor\u00e1neos de aquella gloriosa redacci\u00f3n del inicio de los 70 en el ya desaparecido \u201cHeraldo de M\u00e9xico\u201d, fueron ayer noticia en el periodismo nacional.<\/p>\n","protected":false},"author":1,"featured_media":144233,"comment_status":"open","ping_status":"open","sticky":false,"template":"","format":"standard","meta":{"_monsterinsights_skip_tracking":false,"_monsterinsights_sitenote_active":false,"_monsterinsights_sitenote_note":"","_monsterinsights_sitenote_category":0,"footnotes":""},"categories":[136],"tags":[43674,93,94],"class_list":["post-144230","post","type-post","status-publish","format-standard","has-post-thumbnail","hentry","category-roberto-vizcaino-opinion","tag-opinion","tag-roberto-vizcaino","tag-tras-la-puerta-del-poder"],"_links":{"self":[{"href":"https:\/\/www.diarioimagen.net\/index.php?rest_route=\/wp\/v2\/posts\/144230","targetHints":{"allow":["GET"]}}],"collection":[{"href":"https:\/\/www.diarioimagen.net\/index.php?rest_route=\/wp\/v2\/posts"}],"about":[{"href":"https:\/\/www.diarioimagen.net\/index.php?rest_route=\/wp\/v2\/types\/post"}],"author":[{"embeddable":true,"href":"https:\/\/www.diarioimagen.net\/index.php?rest_route=\/wp\/v2\/users\/1"}],"replies":[{"embeddable":true,"href":"https:\/\/www.diarioimagen.net\/index.php?rest_route=%2Fwp%2Fv2%2Fcomments&post=144230"}],"version-history":[{"count":0,"href":"https:\/\/www.diarioimagen.net\/index.php?rest_route=\/wp\/v2\/posts\/144230\/revisions"}],"wp:featuredmedia":[{"embeddable":true,"href":"https:\/\/www.diarioimagen.net\/index.php?rest_route=\/wp\/v2\/media\/144233"}],"wp:attachment":[{"href":"https:\/\/www.diarioimagen.net\/index.php?rest_route=%2Fwp%2Fv2%2Fmedia&parent=144230"}],"wp:term":[{"taxonomy":"category","embeddable":true,"href":"https:\/\/www.diarioimagen.net\/index.php?rest_route=%2Fwp%2Fv2%2Fcategories&post=144230"},{"taxonomy":"post_tag","embeddable":true,"href":"https:\/\/www.diarioimagen.net\/index.php?rest_route=%2Fwp%2Fv2%2Ftags&post=144230"}],"curies":[{"name":"wp","href":"https:\/\/api.w.org\/{rel}","templated":true}]}}