{"id":144468,"date":"2013-08-20T00:09:51","date_gmt":"2013-08-20T05:09:51","guid":{"rendered":"http:\/\/www.diarioimagen.net\/?p=144468"},"modified":"2013-08-20T04:13:45","modified_gmt":"2013-08-20T09:13:45","slug":"reporta-la-sspdf-saldo-blanco-en-regreso-a-clases","status":"publish","type":"post","link":"https:\/\/www.diarioimagen.net\/?p=144468","title":{"rendered":"Reporta la SSPDF saldo blanco en regreso a clases"},"content":{"rendered":"<ul>\n<li><strong><em>Jes\u00fas Rodr\u00edguez Almeida confirma que el jefe del gobierno capitalino supervis\u00f3 personalmente las acciones<\/em><\/strong><\/li>\n<\/ul>\n<div id=\"attachment_144529\" style=\"width: 250px\" class=\"wp-caption alignleft\"><a href=\"http:\/\/www.diarioimagen.net\/wp-content\/uploads\/2013\/08\/mancera-2167.jpg\"><img loading=\"lazy\" decoding=\"async\" aria-describedby=\"caption-attachment-144529\" class=\"size-medium wp-image-144529\" alt=\"Miguel \u00c1ngel Mancera Espinosa supervis\u00f3 el regreso a clases a bordo de un helic\u00f3ptero.\" src=\"http:\/\/www.diarioimagen.net\/wp-content\/uploads\/2013\/08\/mancera-2167-240x174.jpg\" width=\"240\" height=\"174\" srcset=\"https:\/\/www.diarioimagen.net\/wp-content\/uploads\/2013\/08\/mancera-2167-240x174.jpg 240w, https:\/\/www.diarioimagen.net\/wp-content\/uploads\/2013\/08\/mancera-2167-420x304.jpg 420w, https:\/\/www.diarioimagen.net\/wp-content\/uploads\/2013\/08\/mancera-2167-90x65.jpg 90w, https:\/\/www.diarioimagen.net\/wp-content\/uploads\/2013\/08\/mancera-2167.jpg 500w\" sizes=\"auto, (max-width: 240px) 100vw, 240px\" \/><\/a><p id=\"caption-attachment-144529\" class=\"wp-caption-text\">Miguel \u00c1ngel Mancera Espinosa supervis\u00f3 el regreso a clases a bordo de un helic\u00f3ptero.<\/p><\/div>\n<p>El operativo Regreso a Clases 2013 fue un \u00e9xito al reportar saldo blanco, se\u00f1al\u00f3 el titular de la Secretar\u00eda de Seguridad P\u00fablica del Distrito Federal (SSPDF), Jes\u00fas Rodr\u00edguez Almeida, quien indic\u00f3 que al mismo tiempo se atendi\u00f3 a las movilizaciones magisteriales en la capital del pa\u00eds.<\/p>\n<p>Desde las 5:30 horas de ayer, un total de 26 mil 400 elementos de la Secretar\u00eda de Seguridad P\u00fablica del Distrito Federal y 2 mil 500 de tr\u00e1nsito fueron distribuidos en las 16 delegaciones para agilizar el ingreso de un mill\u00f3n 773 mil alumnos de preescolar, primaria y secundaria.<\/p>\n<p>\u201cTodos llegaron en tiempo pr\u00e1cticamente, s\u00f3lo hubo algunos retrasos, pero nada complicado\u201d y agreg\u00f3, que \u201cel jefe de gobierno estuvo supervisando personalmente este operativo\u201d.<\/p>\n<p>Por otra parte, durante el arranque de la segunda fase del programa de canje de armas, en la delegaci\u00f3n Iztapalapa se\u00f1al\u00f3 que se estar\u00e1 al pendiente de las salidas de las escuelas, y aclar\u00f3 que m\u00e1s de 8 mil de ellas est\u00e1n cubiertas con este operativo que incluir\u00e1 el turno vespertino y nocturno.<\/p>\n<p>Acompa\u00f1ado de la secretar\u00eda de Desarrollo Social, Rosa Isela Rodr\u00edguez, el jefe delegacional de Iztapalapa, Jes\u00fas Valencia, explic\u00f3 que toda esta semana trabajar\u00e1n fuerte en los centros escolares para evitar incidencias negativas.<\/p>\n<p>Agreg\u00f3 que la gente se ha acostumbrado al carril confinado en las escuelas para ascenso y descenso por lo que se ha agilizado el tr\u00e1nsito en zonas escolares.<\/p>\n<p>Mencion\u00f3 que se trabaja en Chalco con alrededor de 30 a 45 autobuses que van hacia San L\u00e1zaro para evitar confrontaciones.<\/p>\n<p>\u201cTenemos claro que la libertad de expresi\u00f3n y de ideas en la ciudad es muy importante, sin embargo, vamos a buscar evitar algunas situaciones que sean negativas y generar vialidad para la poblaci\u00f3n, a quien le pedimos checar el orientador vial del la SSP para las alternativas viales y, por supuesto, un poco de paciencia, por el gran c\u00famulo de personas que tendremos por las movilizaciones\u201d.<\/p>\n<p>Manifest\u00f3 que se han buscado condiciones de seguridad para que no haya problemas ni confrontaci\u00f3n y es en lo que seguir\u00e1n trabajando para generar alternativas viales y seguridad en las avenidas, porque la violencia a nadie beneficia.<\/p>\n<p>&nbsp;<\/p>\n","protected":false},"excerpt":{"rendered":"<p>El operativo Regreso a Clases 2013 fue un \u00e9xito al reportar saldo blanco, se\u00f1al\u00f3 el titular de la Secretar\u00eda de Seguridad P\u00fablica del Distrito Federal (SSPDF), Jes\u00fas Rodr\u00edguez Almeida, quien indic\u00f3 que al mismo tiempo se atendi\u00f3 a las movilizaciones magisteriales en la capital del pa\u00eds.<\/p>\n","protected":false},"author":3,"featured_media":144529,"comment_status":"open","ping_status":"open","sticky":false,"template":"","format":"standard","meta":{"_monsterinsights_skip_tracking":false,"_monsterinsights_sitenote_active":false,"_monsterinsights_sitenote_note":"","_monsterinsights_sitenote_category":0,"footnotes":""},"categories":[6],"tags":[204,5314,393],"class_list":["post-144468","post","type-post","status-publish","format-standard","has-post-thumbnail","hentry","category-cd-de-mexico","tag-ciudad-de-mexico","tag-miguel-angel-mancera-espinosa","tag-regreso-a-clases"],"_links":{"self":[{"href":"https:\/\/www.diarioimagen.net\/index.php?rest_route=\/wp\/v2\/posts\/144468","targetHints":{"allow":["GET"]}}],"collection":[{"href":"https:\/\/www.diarioimagen.net\/index.php?rest_route=\/wp\/v2\/posts"}],"about":[{"href":"https:\/\/www.diarioimagen.net\/index.php?rest_route=\/wp\/v2\/types\/post"}],"author":[{"embeddable":true,"href":"https:\/\/www.diarioimagen.net\/index.php?rest_route=\/wp\/v2\/users\/3"}],"replies":[{"embeddable":true,"href":"https:\/\/www.diarioimagen.net\/index.php?rest_route=%2Fwp%2Fv2%2Fcomments&post=144468"}],"version-history":[{"count":0,"href":"https:\/\/www.diarioimagen.net\/index.php?rest_route=\/wp\/v2\/posts\/144468\/revisions"}],"wp:featuredmedia":[{"embeddable":true,"href":"https:\/\/www.diarioimagen.net\/index.php?rest_route=\/wp\/v2\/media\/144529"}],"wp:attachment":[{"href":"https:\/\/www.diarioimagen.net\/index.php?rest_route=%2Fwp%2Fv2%2Fmedia&parent=144468"}],"wp:term":[{"taxonomy":"category","embeddable":true,"href":"https:\/\/www.diarioimagen.net\/index.php?rest_route=%2Fwp%2Fv2%2Fcategories&post=144468"},{"taxonomy":"post_tag","embeddable":true,"href":"https:\/\/www.diarioimagen.net\/index.php?rest_route=%2Fwp%2Fv2%2Ftags&post=144468"}],"curies":[{"name":"wp","href":"https:\/\/api.w.org\/{rel}","templated":true}]}}