{"id":144545,"date":"2013-08-20T00:01:06","date_gmt":"2013-08-20T05:01:06","guid":{"rendered":"http:\/\/www.diarioimagen.net\/?p=144545"},"modified":"2013-08-21T03:33:18","modified_gmt":"2013-08-21T08:33:18","slug":"barcelo-puerto-vallarta-recibe-certificacion-como-refugio-para-huracanes-otorgado-por-proteccion-civil-bomberos-y-el-dif","status":"publish","type":"post","link":"https:\/\/www.diarioimagen.net\/?p=144545","title":{"rendered":"Barcel\u00f3 Puerto Vallarta recibe certificaci\u00f3n como refugio para huracanes, otorgado por Protecci\u00f3n Civil, Bomberos y el DIF"},"content":{"rendered":"<h2>De cinco estrellas<\/h2>\n<h5>Victoria Gonz\u00e1lez Prado<\/h5>\n<p>&nbsp;<\/p>\n<ul>\n<li><strong><em>El premio a la excelencia por parte de\u00a0Wine Spectator para J&amp;G Grill M\u00e9xico<\/em><\/strong><\/li>\n<li><strong><em>La Sant\u00edsima Trinidad en Dolores Hidalgo, anfitri\u00f3n de la segunda fiesta de la vendimia\u00a0<\/em><\/strong><\/li>\n<li><strong><em>Turismo, poderoso instrumento para generar crecimiento y desarrollo econ\u00f3mico<\/em><\/strong><\/li>\n<\/ul>\n<div id=\"attachment_144561\" style=\"width: 250px\" class=\"wp-caption alignleft\"><a href=\"http:\/\/www.diarioimagen.net\/wp-content\/uploads\/2013\/08\/turismo-2167.jpg\"><img loading=\"lazy\" decoding=\"async\" aria-describedby=\"caption-attachment-144561\" class=\"size-medium wp-image-144561\" alt=\"El hotel Barcel\u00f3 Puerto Vallarta.\" src=\"http:\/\/www.diarioimagen.net\/wp-content\/uploads\/2013\/08\/turismo-2167-240x135.jpg\" width=\"240\" height=\"135\" srcset=\"https:\/\/www.diarioimagen.net\/wp-content\/uploads\/2013\/08\/turismo-2167-240x135.jpg 240w, https:\/\/www.diarioimagen.net\/wp-content\/uploads\/2013\/08\/turismo-2167-420x236.jpg 420w, https:\/\/www.diarioimagen.net\/wp-content\/uploads\/2013\/08\/turismo-2167-235x132.jpg 235w, https:\/\/www.diarioimagen.net\/wp-content\/uploads\/2013\/08\/turismo-2167-202x114.jpg 202w, https:\/\/www.diarioimagen.net\/wp-content\/uploads\/2013\/08\/turismo-2167-350x196.jpg 350w, https:\/\/www.diarioimagen.net\/wp-content\/uploads\/2013\/08\/turismo-2167-220x123.jpg 220w, https:\/\/www.diarioimagen.net\/wp-content\/uploads\/2013\/08\/turismo-2167-237x132.jpg 237w, https:\/\/www.diarioimagen.net\/wp-content\/uploads\/2013\/08\/turismo-2167.jpg 480w\" sizes=\"auto, (max-width: 240px) 100vw, 240px\" \/><\/a><p id=\"caption-attachment-144561\" class=\"wp-caption-text\">El hotel Barcel\u00f3 Puerto Vallarta.<\/p><\/div>\n<p>Recientemente, Barcel\u00f3 Puerto Vallarta recibi\u00f3 la certificaci\u00f3n como refugio para huracanes, otorgado por la Direcci\u00f3n de Protecci\u00f3n Civil,\u00a0 Bomberos y el Sistema para el Desarrollo Integral de la Familia (DIF) de Puerto Vallarta, siendo el primer hotel del municipio en conseguirlo y as\u00ed apoyar alrededor de 200 personas en caso de desastre. En conferencia de prensa, la presidenta del Sistema DIF, <b>Magaly Fregoso Ortiz<\/b>, felicit\u00f3 a los directivos del hotel, por ser el primer establecimiento en su tipo en contar con su propio refugio temporal, asignado en el sal\u00f3n La Jolla del hotel, con capacidad para atender a 184 familias y cuenta con el personal capacitado por las dependencias involucradas. <b>Luis Conde<\/b>, subdirector de Sistemas, coment\u00f3 que adem\u00e1s de la capacitaci\u00f3n, se realizaron simulacros y detall\u00f3 que dentro de la organizaci\u00f3n cuentan con cinco \u00e1reas b\u00e1sicas: cocina, salud e higiene; limpieza; orden; vigilancia y actividades educativas y recreativas. <b>Sergio Ram\u00edrez<\/b>, titular de la unidad municipal de Protecci\u00f3n Civil y Bomberos, coment\u00f3 que con refugios como el que habilit\u00f3 el hotel Barcel\u00f3 Puerto Vallarta, se pueden mitigar los efectos de un fen\u00f3meno perturbador, como un hurac\u00e1n. \u201cEstamos apostando a disminuir todas las posibilidades de que pueda suceder algo y, si se presenta, que cada uno tenga la capacidad para dar una respuesta inmediata\u201d. El subdirector de Turismo municipal, <b>Enrique Tovar<\/b>, reconoci\u00f3 el esfuerzo que realizan los directivos del hotel en Puerto Vallarta por brindar a sus hu\u00e9spedes espacios seguros y contar con el personal capacitado para atenderlos. Dijo que este tipo de proyectos abonan a la seguridad de los turistas que visitan el hotel y el destino. A principios de este a\u00f1o, Barcel\u00f3 Puerto Vallarta fue acreedor tambi\u00e9n al Premio Regional <i>Winner <\/i>por parte de <i>Check Safety First,<\/i> al recibir la recertificaci\u00f3n de <i>Four Diamonds Award 2013,<\/i> otorgado por la Triple A. Cuenta con Distintivo H y Distintivo S otorgados por la Sectur, y el Certificado de Excelencia 2013 por <i>Tripadvisor<\/i>. En la actualidad, se encuentran en proceso de la certificaci\u00f3n ISO 9001:2008, la cual esperan concluir antes de finalizar el a\u00f1o.<\/p>\n<p>\u2730\u2730\u2730\u2730\u2730 Ubicado dentro de <i>The St. Regis Mexico City,<\/i> J<i>&amp;G Grill M\u00e9xico<\/i> combina una selecci\u00f3n de los mejores aperitivos y guarniciones del afamado chef internacional <b>Jean-Georges Vongerichten<\/b>, perfeccionados y seleccionados personalmente por el renombrado chef de tres estrellas Michelin. Con deslumbrantes vistas al Paseo de la Reforma, <i>J&amp;G Grill M\u00e9xico<\/i>, fue galardonado con el premio a la excelencia por parte de\u00a0<i>Wine Spectator,<\/i> l\u00edder en opini\u00f3n del vinos a nivel internacional. El restaurante cuenta con una de las mejores cavas de vinos en el pa\u00eds, con m\u00e1s de 300 etiquetas, convirti\u00e9ndolo en un vibrante\u00a0<i>hot-spot<\/i>\u00a0de la capital mexicana. Bajo el liderazgo del chef ejecutivo <b>Maycoll Calder\u00f3n<\/b>, el restaurante ha demostrado que su magnifica selecci\u00f3n de vinos es el maridaje perfecto para su oferta gastron\u00f3mica. La cava no s\u00f3lo demuestra el alto conocimiento del arte del vino, tambi\u00e9n act\u00faa como una imponente estructura dentro del elegante restaurante contempor\u00e1neo.<i> Wine Spectator<\/i> concede el Premio de la Excelencia a aquellos establecimientos que ofrecen una cava con la m\u00e1s grande selecci\u00f3n de vinos selectos, los cuales maridan perfectamente con el men\u00fa y logran satisfacer los paladares de los m\u00e1s exigentes conocedores del vino. Para poder ser galardonado con este Premio de la Excelencia, los candidatos deben contar con un men\u00fa detallado y actualizado de todos sus vinos. El men\u00fa debe incluir la informaci\u00f3n m\u00e1s relevante del vino y la casa productora, contar con una gran variedad de productos vin\u00edcolas y ofrecerlas por copa o botella.\u00a0<i>\u201c<\/i>Estamos muy orgullosos de recibir el Premio de la Excelencia por parte de <i>Wine Spectator<\/i>. Tenemos el compromiso de ofrecer una de las mejores ofertas gastron\u00f3micas de la ciudad, y la mejor selecci\u00f3n de vinos para todos los gustos; seguiremos en el intento de seguir impresionando a nuestros comensales con experiencias culinarias sin precedentes:, dijo <b>Maycoll Calder\u00f3n<\/b>\u201d. El restaurante<i> <\/i>est\u00e1 catalogado como uno de los mejores de la ciudad de M\u00e9xico, abierto de lunes a domingo de las 13:00 a las 00:00 horas. El men\u00fa se inspira en la gastron\u00f3mica americana contempor\u00e1nea con toques locales, que ofrece una experiencia culinaria, c\u00f3moda y elegante. Combina una perfecta selecci\u00f3n de los mejores aperitivos, guarniciones y acompa\u00f1amientos que maridan perfectamente con la gran selecci\u00f3n de vinos, presentando la m\u00e1s alta calidad en carnes y lo m\u00e1s fresco en mariscos.<\/p>\n<p>\u2730\u2730\u2730\u2730\u2730\u00a0El secretario de Turismo de Guanajuato, <b>Fernando Olivera Rocha<\/b>, indic\u00f3 que hasta el momento, el p\u00fabico guanajuatense y for\u00e1neo ha dado muy buena respuesta a las actividades marcadas dentro del programa del 1er. Festival de las Vendimias 2013.\u00a0 As\u00ed, el pasado s\u00e1bado 17, toc\u00f3 turno al Desarrollo Inmobiliario La Sant\u00edsima Trinidad en el municipio de Dolores Hidalgo, de ser el anfitri\u00f3n de la segunda fiesta de la vendimia de este a\u00f1o y se cont\u00f3 con ocho eventos entre catas, cenas maridaje, cocteles, recorridos, presentaciones y concierto, adem\u00e1s de las tres fiestas de vendimia. <b>Olivera Rocha<\/b> adelant\u00f3 que la primera edici\u00f3n de \u201cLa Fiesta de la Vendimia en La Sant\u00edsima Trinidad\u201d, mostr\u00f3 a\u00a0\u00a0 este proyecto vitivin\u00edcola, ecuestre y residencial. El evento comenz\u00f3 con una degustaci\u00f3n de alimentos y vinos locales, la tradicional pisa de uvas, paseos en carretas por el desarrollo y el cierre con un show de baile flamenco. No falt\u00f3 la degustaci\u00f3n de paella y vinos locales. La Sant\u00edsima Trinidad es un desarrollo inmobiliario, \u00fanico en su tipo en el pa\u00eds, que ofrece a sus copropietarios la posibilidad de vivir y disfrutar la magia de tener una finca en el campo, pero sin tener que destinar la inversi\u00f3n, el esfuerzo y la atenci\u00f3n que esto requiere.<\/p>\n<p>\u2730\u2730\u2730\u2730\u2730\u00a0El turismo es un poderoso instrumento para generar crecimiento y desarrollo econ\u00f3mico en las regiones del pa\u00eds, dijo el subsecretario de Planeaci\u00f3n Tur\u00edstica de la Secretar\u00eda de Turismo, <b>Salvador S\u00e1nchez Estrada<\/b>, al inaugurar<b> <\/b>el\u00a0Foro Regional de Consultas del Programa Sectorial de Turismo 2013-2018<i>,<\/i>\u00a0en Guadalajara, Jalisco. Destac\u00f3 que el sector representa una herramienta eficaz para generar m\u00e1s y mejores oportunidades de vida para millones de mexicanos y sus familias. En representaci\u00f3n de la secretaria de Turismo, <b>Claudia Ruiz Massieu<\/b>, se\u00f1al\u00f3 que esta actividad tambi\u00e9n contribuye a valorar y preservar nuestra riqueza natural y cultural, pues genera arraigo y sentido de pertenencia.\u00a0 Agreg\u00f3 que el turismo fomenta el esp\u00edritu emprendedor de las micro, peque\u00f1as y medianas empresas, las cuales, de acuerdo con el INEGI, representan el 78.5% de los empleos en el pa\u00eds.\u00a0 El presidente <b>Enrique Pe\u00f1a Nieto<\/b>, al presentar la Pol\u00edtica Nacional Tur\u00edstica en febrero pasado, record\u00f3 <b>S\u00e1nchez Estrada<\/b>, instruy\u00f3 a implementar medidas para lograr un turismo sustentable y competitivo, que genere empleos, impulse el desarrollo regional, reduzca la pobreza, y asegure un mayor flujo de inversiones y divisas. En su mensaje, <b>Salvador S\u00e1nchez<\/b> extern\u00f3 que la iniciativa de reforma energ\u00e9tica planteada por <b>Enrique Pe\u00f1a Nieto<\/b>, no es s\u00f3lo una de\u00a0 las m\u00e1s esperadas, sino una reforma necesaria para potenciar el desarrollo econ\u00f3mico de M\u00e9xico. Esta reforma, subray\u00f3, har\u00e1 m\u00e1s productivo y competitivo al pa\u00eds, e impactar\u00e1 de manera positiva en el turismo al abatir las tarifas de electricidad y gas, as\u00ed como los costos de operaci\u00f3n en los servicios. Dijo que las reformas en materia educativa y de telecomunicaciones, entre otras, han precedido este esfuerzo, y vendr\u00e1n otras reformas que permitir\u00e1n mejorar la calidad de vida de los mexicanos. A este\u00a0Foro Regional de Consultas del Programa Sectorial de Turismo 2013-2018\u00a0asistieron el subsecretario de Innovaci\u00f3n y Calidad de la Sectur, <b>Francisco Maass Pe\u00f1a<\/b>; los secretarios de Turismo de Jalisco, <b>Jes\u00fas Enrique Ramos Flores<\/b>; de Colima, <b>H\u00e9ctor Sandoval Fierros<\/b>; de Nayarit, <b>Ra\u00fal Rodrigo P\u00e9rez Hern\u00e1ndez<\/b>; de Zacatecas, <b>Pedro Inguanzo Gonz\u00e1lez<\/b>, y el encargado de despacho de la Secretar\u00eda de Turismo de Aguascalientes, <b>Alejandro Ponce Larrin\u00faa<\/b>; el presidente municipal de Guadalajara, <b>Ramiro Hern\u00e1ndez Garc\u00eda<\/b>; el presidente del Consejo Coordinador Empresarial Aguascalientes, <b>Miguel \u00c1ngel God\u00ednez Antill\u00f3n<\/b>, y el director de la Facultad de Turismo de la Universidad de Colima. Durante el Foro se realizaron cinco paneles tem\u00e1ticos:\u00a0Impulsar la transformaci\u00f3n y transversalidad del sector tur\u00edstico; Impulsar la innovaci\u00f3n de la oferta tur\u00edstica; Fomentar un mayor flujo de inversiones y financiamiento en el sector turismo y la promoci\u00f3n eficaz de los destinos tur\u00edsticos; Impulsar la sustentabilidad y que los ingresos generados por el turismo sean fuente de bienestar social y, elevar la competitividad y conectividad del sector tur\u00edstico. Con sede en Expo Guadalajara participaron funcionarios de los tres niveles de gobierno, legisladores, c\u00e1maras y asociaciones del sector tur\u00edstico, prestadores de servicios tur\u00edsticos, empresarios, instituciones educativas, acad\u00e9micos e investigadores, sociedad civil, organismos no gubernamentales y agrupaciones sindicales. Los Foros Regionales de Consulta iniciaron el pasado 26 de julio y concluir\u00e1n el pr\u00f3ximo 9 de octubre. Se realizar\u00e1n un total de nueve.<\/p>\n<p><i><em><a href=\"mailto:victoriagprado@gmail.com\" target=\"_blank\">victoriagprado@gmail.com<\/a><\/em><\/i><\/p>\n","protected":false},"excerpt":{"rendered":"<p>Recientemente, Barcel\u00f3 Puerto Vallarta recibi\u00f3 la certificaci\u00f3n como refugio para huracanes, otorgado por la Direcci\u00f3n de Protecci\u00f3n Civil,  Bomberos y el Sistema para el Desarrollo Integral de la Familia (DIF) de Puerto Vallarta, siendo el primer hotel del municipio en conseguirlo y as\u00ed apoyar alrededor de 200 personas en caso de desastre. <\/p>\n","protected":false},"author":3,"featured_media":144561,"comment_status":"open","ping_status":"open","sticky":false,"template":"","format":"standard","meta":{"_monsterinsights_skip_tracking":false,"_monsterinsights_sitenote_active":false,"_monsterinsights_sitenote_note":"","_monsterinsights_sitenote_category":0,"footnotes":""},"categories":[11],"tags":[107,3037,43681,106],"class_list":["post-144545","post","type-post","status-publish","format-standard","has-post-thumbnail","hentry","category-turismo","tag-de-cinco-estrellas","tag-dolores-hidalgo","tag-turismo","tag-victoria-gonzalez-prado"],"_links":{"self":[{"href":"https:\/\/www.diarioimagen.net\/index.php?rest_route=\/wp\/v2\/posts\/144545","targetHints":{"allow":["GET"]}}],"collection":[{"href":"https:\/\/www.diarioimagen.net\/index.php?rest_route=\/wp\/v2\/posts"}],"about":[{"href":"https:\/\/www.diarioimagen.net\/index.php?rest_route=\/wp\/v2\/types\/post"}],"author":[{"embeddable":true,"href":"https:\/\/www.diarioimagen.net\/index.php?rest_route=\/wp\/v2\/users\/3"}],"replies":[{"embeddable":true,"href":"https:\/\/www.diarioimagen.net\/index.php?rest_route=%2Fwp%2Fv2%2Fcomments&post=144545"}],"version-history":[{"count":0,"href":"https:\/\/www.diarioimagen.net\/index.php?rest_route=\/wp\/v2\/posts\/144545\/revisions"}],"wp:featuredmedia":[{"embeddable":true,"href":"https:\/\/www.diarioimagen.net\/index.php?rest_route=\/wp\/v2\/media\/144561"}],"wp:attachment":[{"href":"https:\/\/www.diarioimagen.net\/index.php?rest_route=%2Fwp%2Fv2%2Fmedia&parent=144545"}],"wp:term":[{"taxonomy":"category","embeddable":true,"href":"https:\/\/www.diarioimagen.net\/index.php?rest_route=%2Fwp%2Fv2%2Fcategories&post=144545"},{"taxonomy":"post_tag","embeddable":true,"href":"https:\/\/www.diarioimagen.net\/index.php?rest_route=%2Fwp%2Fv2%2Ftags&post=144545"}],"curies":[{"name":"wp","href":"https:\/\/api.w.org\/{rel}","templated":true}]}}