{"id":144563,"date":"2013-08-20T00:08:23","date_gmt":"2013-08-20T05:08:23","guid":{"rendered":"http:\/\/www.diarioimagen.net\/?p=144563"},"modified":"2013-08-21T03:33:36","modified_gmt":"2013-08-21T08:33:36","slug":"se-revisara-el-financiamiento-a-la-educacion-pena-nieto","status":"publish","type":"post","link":"https:\/\/www.diarioimagen.net\/?p=144563","title":{"rendered":"Se revisar\u00e1 el financiamiento a la educaci\u00f3n: Pe\u00f1a Nieto"},"content":{"rendered":"<ul>\n<li><em><strong>El Presidente de la Rep\u00fablica inaugur\u00f3 el ciclo escolar 2013-2014 en una primaria de Xochitepec, Morelos<\/strong><\/em><\/li>\n<\/ul>\n<p>&nbsp;<\/p>\n<div id=\"attachment_144564\" style=\"width: 250px\" class=\"wp-caption alignleft\"><a href=\"http:\/\/www.diarioimagen.net\/wp-content\/uploads\/2013\/08\/ABANDERAMIENTO-2167.jpg\"><img loading=\"lazy\" decoding=\"async\" aria-describedby=\"caption-attachment-144564\" class=\"size-medium wp-image-144564\" alt=\"El presidente Enrique Pe\u00f1a Nieto arranc\u00f3 los cursos del Calendario Escolar 2013-2014, en Xochitepec, Morelos, donde plante\u00f3 el refinanciamiento a la ense\u00f1anza.\" src=\"http:\/\/www.diarioimagen.net\/wp-content\/uploads\/2013\/08\/ABANDERAMIENTO-2167-240x135.jpg\" width=\"240\" height=\"135\" srcset=\"https:\/\/www.diarioimagen.net\/wp-content\/uploads\/2013\/08\/ABANDERAMIENTO-2167-240x135.jpg 240w, https:\/\/www.diarioimagen.net\/wp-content\/uploads\/2013\/08\/ABANDERAMIENTO-2167-420x236.jpg 420w, https:\/\/www.diarioimagen.net\/wp-content\/uploads\/2013\/08\/ABANDERAMIENTO-2167-235x132.jpg 235w, https:\/\/www.diarioimagen.net\/wp-content\/uploads\/2013\/08\/ABANDERAMIENTO-2167-202x114.jpg 202w, https:\/\/www.diarioimagen.net\/wp-content\/uploads\/2013\/08\/ABANDERAMIENTO-2167-350x196.jpg 350w, https:\/\/www.diarioimagen.net\/wp-content\/uploads\/2013\/08\/ABANDERAMIENTO-2167-220x123.jpg 220w, https:\/\/www.diarioimagen.net\/wp-content\/uploads\/2013\/08\/ABANDERAMIENTO-2167-237x132.jpg 237w, https:\/\/www.diarioimagen.net\/wp-content\/uploads\/2013\/08\/ABANDERAMIENTO-2167.jpg 480w\" sizes=\"auto, (max-width: 240px) 100vw, 240px\" \/><\/a><p id=\"caption-attachment-144564\" class=\"wp-caption-text\">El presidente Enrique Pe\u00f1a Nieto arranc\u00f3 los cursos del Calendario Escolar 2013-2014, en Xochitepec, Morelos, donde plante\u00f3 el refinanciamiento a la ense\u00f1anza.<\/p><\/div>\n<p><strong>Xochitepec, Morelos.-<\/strong> El presidente Enrique Pe\u00f1a Nieto anunci\u00f3 que su gobierno har\u00e1 una revisi\u00f3n a fondo del financiamiento de la educaci\u00f3n p\u00fablica y que en las pr\u00f3ximas semanas, en el marco de la reforma hacendaria, presentar\u00e1 un conjunto de iniciativas para corregir \u201cinequidades\u201d.<\/p>\n<p>Al inaugurar el Ciclo Escolar 2013-2014 en Xochitepec, Morelos, el jefe del Ejecutivo federal, anunci\u00f3 que su gobierno emprender\u00e1 la revisi\u00f3n a fondo del financiamiento de la educaci\u00f3n p\u00fablica derivado de la descentralizaci\u00f3n educativa de 1993.<\/p>\n<p>\u201cA 20 a\u00f1os de distancia, la federalizaci\u00f3n del pago de los maestros y las insuficientes transferencias de recursos federales, han debilitado las finanzas estatales y acentuado importantes inequidades entre las entidades federativas\u201d, reconoci\u00f3.<\/p>\n<p>Por ello, anunci\u00f3 que en las pr\u00f3ximas semanas, en el marco de la reforma hacendaria, presentar\u00e1 un conjunto de iniciativas de reforma a la Ley de Coordinaci\u00f3n Fiscal a la Ley General de Educaci\u00f3n para corregir esta situaci\u00f3n.<\/p>\n<p>Pe\u00f1a Nieto inform\u00f3 tambi\u00e9n que en este ciclo escolar 2013-2014, en coordinaci\u00f3n con las autoridades estatales educativas, se duplicar\u00e1 el n\u00famero de escuelas de tiempo completo y de escuelas dignas, como ofreci\u00f3 en su campa\u00f1a electoral.<\/p>\n<p>\u201cCon este incremento, en este ciclo escolar habr\u00e1n de operar en el pa\u00eds 15 mil 349 escuelas de tiempo completo en beneficio de m\u00e1s de dos millones de alumnos de nuestro pa\u00eds\u201d, detall\u00f3 el primer mandatario.<\/p>\n<p>Hoy inicia, dijo, una nueva etapa del Programa de Escuelas de Tiempo completo en beneficio de ni\u00f1os que viven en zonas de alta marginaci\u00f3n, especialmente en municipios donde ya se aplica la Cruzada Nacional Contra el Hambre y el Programa Nacional para la Prevenci\u00f3n del Delito.<\/p>\n<p>En el marco del regreso a clases de aproximadamente 26 millones de estudiantes, Enrique Pe\u00f1a Nieto destac\u00f3 que la educaci\u00f3n es el instrumento m\u00e1s poderoso para que los mexicanos accedan a nuevas y mejores oportunidades de vida.<\/p>\n<p>En su discurso ante el gobernador de la entidad, el perredista Graco Ram\u00edrez, y el secretario de Educaci\u00f3n P\u00fablica, Emilio Chuayffet, el Presidente dese\u00f3 \u00e9xito a los m\u00e1s de 26 millones de alumnos y 1.2 millones de maestros de educaci\u00f3n b\u00e1sica que iniciaron ayer el ciclo escolar.<\/p>\n<p>Refrend\u00f3 que desde el inicio de su gobierno, se propuso la meta de alcanzar un M\u00e9xico con educaci\u00f3n de calidad y al respecto mencion\u00f3 que la semana pasada env\u00edo al Congreso de la Uni\u00f3n tres iniciativas en materia educativa.<\/p>\n<p>Pe\u00f1a Nieto afirm\u00f3 que estas iniciativas \u201cbenefician directamente a los alumnos, pero tambi\u00e9n benefician a los maestros, porque establecen todo un sistema para darles certeza laboral, igualdad de oportunidades y todo el respaldo del Estado para que sean mejores maestros y sus alumnos puedan ser mejores mexicanos\u201d.<\/p>\n<p>En este marco, refrend\u00f3 a los docentes que con estas modificaciones se respetar\u00e1n plenamente sus derechos y su estabilidad laboral, y se establecen nuevas reglas para quienes se incorporen a la educaci\u00f3n de los ni\u00f1os.<\/p>\n<p>Indic\u00f3 que su gobierno impulsa estas reformas transformadoras, que buscan cambiar y mejorar lo que hoy tenemos, \u201cporque, sin duda, esa es la constante de la historia de la humanidad: no permanecer est\u00e1ticos, sino cambiar\u201d.<\/p>\n","protected":false},"excerpt":{"rendered":"<p>El presidente Enrique Pe\u00f1a Nieto anunci\u00f3 que su gobierno har\u00e1 una revisi\u00f3n a fondo del financiamiento de la educaci\u00f3n p\u00fablica y que en las pr\u00f3ximas semanas, en el marco de la reforma hacendaria, presentar\u00e1 un conjunto de iniciativas para corregir \u201cinequidades\u201d.<\/p>\n","protected":false},"author":1,"featured_media":144564,"comment_status":"open","ping_status":"open","sticky":false,"template":"","format":"standard","meta":{"_monsterinsights_skip_tracking":false,"_monsterinsights_sitenote_active":false,"_monsterinsights_sitenote_note":"","_monsterinsights_sitenote_category":0,"footnotes":""},"categories":[17,3],"tags":[18,43673],"class_list":["post-144563","post","type-post","status-publish","format-standard","has-post-thumbnail","hentry","category-especiales","category-nacional","tag-enrique-pena-nieto","tag-nacional"],"_links":{"self":[{"href":"https:\/\/www.diarioimagen.net\/index.php?rest_route=\/wp\/v2\/posts\/144563","targetHints":{"allow":["GET"]}}],"collection":[{"href":"https:\/\/www.diarioimagen.net\/index.php?rest_route=\/wp\/v2\/posts"}],"about":[{"href":"https:\/\/www.diarioimagen.net\/index.php?rest_route=\/wp\/v2\/types\/post"}],"author":[{"embeddable":true,"href":"https:\/\/www.diarioimagen.net\/index.php?rest_route=\/wp\/v2\/users\/1"}],"replies":[{"embeddable":true,"href":"https:\/\/www.diarioimagen.net\/index.php?rest_route=%2Fwp%2Fv2%2Fcomments&post=144563"}],"version-history":[{"count":0,"href":"https:\/\/www.diarioimagen.net\/index.php?rest_route=\/wp\/v2\/posts\/144563\/revisions"}],"wp:featuredmedia":[{"embeddable":true,"href":"https:\/\/www.diarioimagen.net\/index.php?rest_route=\/wp\/v2\/media\/144564"}],"wp:attachment":[{"href":"https:\/\/www.diarioimagen.net\/index.php?rest_route=%2Fwp%2Fv2%2Fmedia&parent=144563"}],"wp:term":[{"taxonomy":"category","embeddable":true,"href":"https:\/\/www.diarioimagen.net\/index.php?rest_route=%2Fwp%2Fv2%2Fcategories&post=144563"},{"taxonomy":"post_tag","embeddable":true,"href":"https:\/\/www.diarioimagen.net\/index.php?rest_route=%2Fwp%2Fv2%2Ftags&post=144563"}],"curies":[{"name":"wp","href":"https:\/\/api.w.org\/{rel}","templated":true}]}}