{"id":144573,"date":"2013-08-20T13:27:30","date_gmt":"2013-08-20T18:27:30","guid":{"rendered":"http:\/\/www.diarioimagen.net\/?p=144573"},"modified":"2013-08-22T03:11:04","modified_gmt":"2013-08-22T08:11:04","slug":"llevan-ante-juez-de-jalisco-a-la-reina-del-pacifico","status":"publish","type":"post","link":"https:\/\/www.diarioimagen.net\/?p=144573","title":{"rendered":"<em>Reina del Pac\u00edfico,<\/em> deportada al DF y enviada a Nayarit"},"content":{"rendered":"<ul>\n<li><em><strong>Fue exonerada en Estados Unidos del delito de delincuencia organizada<\/strong><\/em><\/li>\n<\/ul>\n<div id=\"attachment_144608\" style=\"width: 250px\" class=\"wp-caption alignleft\"><a href=\"http:\/\/www.diarioimagen.net\/wp-content\/uploads\/2013\/08\/reina-2168.jpg\"><img loading=\"lazy\" decoding=\"async\" aria-describedby=\"caption-attachment-144608\" class=\"size-medium wp-image-144608\" alt=\"Sandra \u00c1vila, \u201cLa Reina del Pac\u00edfico\u201d fue deportada por autoridades estadounidenses.\" src=\"http:\/\/www.diarioimagen.net\/wp-content\/uploads\/2013\/08\/reina-2168-240x135.jpg\" width=\"240\" height=\"135\" srcset=\"https:\/\/www.diarioimagen.net\/wp-content\/uploads\/2013\/08\/reina-2168-240x135.jpg 240w, https:\/\/www.diarioimagen.net\/wp-content\/uploads\/2013\/08\/reina-2168-420x236.jpg 420w, https:\/\/www.diarioimagen.net\/wp-content\/uploads\/2013\/08\/reina-2168-235x132.jpg 235w, https:\/\/www.diarioimagen.net\/wp-content\/uploads\/2013\/08\/reina-2168-202x114.jpg 202w, https:\/\/www.diarioimagen.net\/wp-content\/uploads\/2013\/08\/reina-2168-350x196.jpg 350w, https:\/\/www.diarioimagen.net\/wp-content\/uploads\/2013\/08\/reina-2168-220x123.jpg 220w, https:\/\/www.diarioimagen.net\/wp-content\/uploads\/2013\/08\/reina-2168-237x132.jpg 237w, https:\/\/www.diarioimagen.net\/wp-content\/uploads\/2013\/08\/reina-2168.jpg 480w\" sizes=\"auto, (max-width: 240px) 100vw, 240px\" \/><\/a><p id=\"caption-attachment-144608\" class=\"wp-caption-text\">Sandra \u00c1vila, \u201cLa Reina del Pac\u00edfico\u201d fue deportada por autoridades estadounidenses.<\/p><\/div>\n<p>Sandra \u00c1vila Beltr\u00e1n, <i>La Reina del Pac\u00edfico<\/i>, fue trasladada por la Procuradur\u00eda General de la Rep\u00fablica al Centro Federal de Readaptaci\u00f3n Social femenil en Tepic, Nayarit, para que espere la sentencia que le ser\u00e1 dictada en el juicio que se le sigue por el presunto delito de operaciones con recursos de procedencia il\u00edcita.<\/p>\n<p>Autoridades ministeriales se\u00f1alaron que <i>La Reina del Pac\u00edfico<\/i> ya fue exonerada del delito de delincuencia organizada, por lo que no hay raz\u00f3n para que sea ingresada a una prisi\u00f3n federal, sino a una c\u00e1rcel estatal.<\/p>\n<p>De acuerdo con el juicio que emprendi\u00f3 la PGR en el sexenio pasado, Sandra \u00c1vila aport\u00f3 dinero il\u00edcito a dos seguros de vida, los cuales suman una cantidad aproximada de 4 millones de pesos cada uno.<\/p>\n<p>Ella lleg\u00f3 ayer al hangar de la PGR en el Aeropuerto Internacional de la Ciudad de M\u00e9xico, alrededor de las 11:20 horas, tras ser deportada de Estados Unidos. Ah\u00ed fue recibida por personal del Instituto Nacional de Migraci\u00f3n (INM) y despu\u00e9s qued\u00f3 a disposici\u00f3n de la Polic\u00eda Federal Ministerial.<\/p>\n<p>En principio no se quiso revelar el lugar a donde ser\u00eda llevada \u00c1vila Beltr\u00e1n, pues se argumentaron razones de seguridad. Simplemente fue notificada de que tiene una orden de presentaci\u00f3n, por el presunto delito de operaciones con recursos de procedencia il\u00edcita, causa penal que se desahoga en el juzgado S\u00e9ptimo de Distrito de Jalisco.<\/p>\n<p>Ven\u00eda de El Paso, Texas, en un vuelo comercial que cada semana se utiliza para la repatriaci\u00f3n voluntaria de mexicanos.<\/p>\n<p>&nbsp;<\/p>\n","protected":false},"excerpt":{"rendered":"<p>Sandra \u00c1vila, mejor conocida como \u00abLa reina del Pac\u00edfico\u00bb, fue trasladada a Jalisco, donde ser\u00e1 puesta a disposici\u00f3n del juez de Procesos Penales Federales que la requiere por su presunta responsabilidad en el delito de operaciones con recursos de procedencia il\u00edcita, informaron autoridades federales.<\/p>\n","protected":false},"author":5,"featured_media":144608,"comment_status":"open","ping_status":"open","sticky":false,"template":"","format":"standard","meta":{"_monsterinsights_skip_tracking":false,"_monsterinsights_sitenote_active":false,"_monsterinsights_sitenote_note":"","_monsterinsights_sitenote_category":0,"footnotes":""},"categories":[17,7],"tags":[19407],"class_list":["post-144573","post","type-post","status-publish","format-standard","has-post-thumbnail","hentry","category-especiales","category-seguridad","tag-la-reina-del-pacifico"],"_links":{"self":[{"href":"https:\/\/www.diarioimagen.net\/index.php?rest_route=\/wp\/v2\/posts\/144573","targetHints":{"allow":["GET"]}}],"collection":[{"href":"https:\/\/www.diarioimagen.net\/index.php?rest_route=\/wp\/v2\/posts"}],"about":[{"href":"https:\/\/www.diarioimagen.net\/index.php?rest_route=\/wp\/v2\/types\/post"}],"author":[{"embeddable":true,"href":"https:\/\/www.diarioimagen.net\/index.php?rest_route=\/wp\/v2\/users\/5"}],"replies":[{"embeddable":true,"href":"https:\/\/www.diarioimagen.net\/index.php?rest_route=%2Fwp%2Fv2%2Fcomments&post=144573"}],"version-history":[{"count":0,"href":"https:\/\/www.diarioimagen.net\/index.php?rest_route=\/wp\/v2\/posts\/144573\/revisions"}],"wp:featuredmedia":[{"embeddable":true,"href":"https:\/\/www.diarioimagen.net\/index.php?rest_route=\/wp\/v2\/media\/144608"}],"wp:attachment":[{"href":"https:\/\/www.diarioimagen.net\/index.php?rest_route=%2Fwp%2Fv2%2Fmedia&parent=144573"}],"wp:term":[{"taxonomy":"category","embeddable":true,"href":"https:\/\/www.diarioimagen.net\/index.php?rest_route=%2Fwp%2Fv2%2Fcategories&post=144573"},{"taxonomy":"post_tag","embeddable":true,"href":"https:\/\/www.diarioimagen.net\/index.php?rest_route=%2Fwp%2Fv2%2Ftags&post=144573"}],"curies":[{"name":"wp","href":"https:\/\/api.w.org\/{rel}","templated":true}]}}