{"id":144599,"date":"2013-08-21T00:06:18","date_gmt":"2013-08-21T05:06:18","guid":{"rendered":"http:\/\/www.diarioimagen.net\/?p=144599"},"modified":"2013-08-22T03:11:46","modified_gmt":"2013-08-22T08:11:46","slug":"reprueban-epn-y-conago-agresion-a-marinos-mexicanos-en-polonia","status":"publish","type":"post","link":"https:\/\/www.diarioimagen.net\/?p=144599","title":{"rendered":"Reprueban EPN y Conago agresi\u00f3n a marinos mexicanos en Polonia"},"content":{"rendered":"<h2>Arco Norte<\/h2>\n<h5>Jos\u00e9 Luis Monta\u00f1ez Aguilar<\/h5>\n<p><span>\u00a0<\/span><\/p>\n<div id=\"attachment_144620\" style=\"width: 250px\" class=\"wp-caption alignleft\"><a href=\"http:\/\/www.diarioimagen.net\/wp-content\/uploads\/2013\/08\/arco-2168.jpg\"><img loading=\"lazy\" decoding=\"async\" aria-describedby=\"caption-attachment-144620\" class=\"size-medium wp-image-144620\" alt=\"Eruviel \u00c1vila Villegas, gobernador del Estado de M\u00e9xico.\" src=\"http:\/\/www.diarioimagen.net\/wp-content\/uploads\/2013\/08\/arco-2168-240x135.jpg\" width=\"240\" height=\"135\" srcset=\"https:\/\/www.diarioimagen.net\/wp-content\/uploads\/2013\/08\/arco-2168-240x135.jpg 240w, https:\/\/www.diarioimagen.net\/wp-content\/uploads\/2013\/08\/arco-2168-420x236.jpg 420w, https:\/\/www.diarioimagen.net\/wp-content\/uploads\/2013\/08\/arco-2168-235x132.jpg 235w, https:\/\/www.diarioimagen.net\/wp-content\/uploads\/2013\/08\/arco-2168-202x114.jpg 202w, https:\/\/www.diarioimagen.net\/wp-content\/uploads\/2013\/08\/arco-2168-350x196.jpg 350w, https:\/\/www.diarioimagen.net\/wp-content\/uploads\/2013\/08\/arco-2168-220x123.jpg 220w, https:\/\/www.diarioimagen.net\/wp-content\/uploads\/2013\/08\/arco-2168-237x132.jpg 237w, https:\/\/www.diarioimagen.net\/wp-content\/uploads\/2013\/08\/arco-2168.jpg 480w\" sizes=\"auto, (max-width: 240px) 100vw, 240px\" \/><\/a><p id=\"caption-attachment-144620\" class=\"wp-caption-text\">Eruviel \u00c1vila Villegas, gobernador del Estado de M\u00e9xico, durante la reuni\u00f3n de la Conago en Sinaloa.<\/p><\/div>\n<p><span>Al participar en la XLV Reuni\u00f3n Ordinaria de la Conferencia Nacional de Gobernadores (Conago), realizada en Mazatl\u00e1n, Sinaloa, y ante el presidente de la Rep\u00fablica, Enrique Pe\u00f1a Nieto, el gobernador del Estado de M\u00e9xico, Eruviel \u00c1vila Villegas, reprob\u00f3 a nombre de este organismo y en su calidad de coordinador de la Comisi\u00f3n de Asuntos Internacionales, las agresiones a marinos mexicanos en Polonia, e hizo votos para que se aplique la ley y se castigue a los responsables en ese pa\u00eds, en respaldo adem\u00e1s de la posici\u00f3n fijada por el Gobierno de la Rep\u00fablica. \u201cReconocemos la oportuna intervenci\u00f3n que tuvo la canciller\u00eda de M\u00e9xico para protestar por estos hechos y, tambi\u00e9n, hemos decidido los integrantes de la Conago, expresar nuestra cr\u00edtica y lamentar estos hechos por tratarse de un acto de agresi\u00f3n a mexicanos. Nuestra solidaridad a la Secretar\u00eda de Marina, a los marinos que resultaron afectados y hacemos votos para que se aplique la ley con determinaci\u00f3n en el pa\u00eds ya referido y se haga justicia en la materia\u201d, asever\u00f3. De igual forma, el presidente de la Rep\u00fablica, Enrique Pe\u00f1a Nieto lament\u00f3 y reprob\u00f3 los hechos ocurridos el pasado domingo 18 de agosto en el pa\u00eds europeo, y expres\u00f3 su solidaridad hacia los marinos agraviados.<\/span><\/p>\n<p align=\"center\"><b>Analizan temas nacionales<\/b><\/p>\n<p>En otro orden de ideas, durante la XLV Reuni\u00f3n Ordinaria, los gobernadores mexicanos expresaron la postura de este organismo ante la reforma energ\u00e9tica, convocando a analizar todas las iniciativas presentadas; sobre las modificaciones a las leyes secundarias de la reforma educativa; en materia de seguridad p\u00fablica y el combate al cambio clim\u00e1tico, adem\u00e1s de que Rafael Moreno Valle, gobernador de Puebla, asumi\u00f3 la presidencia de la Conago, que estuvo encabezada durante los \u00faltimos seis meses por el mandatario de Sinaloa, Mario L\u00f3pez Valdez. Al evento acudieron Miguel \u00c1ngel Osorio Chong, Luis Videgaray Caso y Enrique Mart\u00ednez y Mart\u00ednez, secretarios de Gobernaci\u00f3n, de Hacienda y Cr\u00e9dito P\u00fablico, y de la Secretar\u00eda de Agricultura, Ganader\u00eda, Desarrollo Rural, Pesca y Alimentaci\u00f3n (Sagarpa), respectivamente.<\/p>\n<p><em><\/em><em><a href=\"mailto:montanezaguilar@gmail.com\" target=\"_blank\">montanezaguilar@gmail.com<\/a><\/em><\/p>\n","protected":false},"excerpt":{"rendered":"<p><span style=\"color: #005497;\"><strong>Jos\u00e9 Luis Monta\u00f1ez Aguilar<\/strong><\/span><br \/>\n<br \/>\nAl participar en la XLV Reuni\u00f3n Ordinaria de la Conferencia Nacional de Gobernadores (Conago), realizada en Mazatl\u00e1n, Sinaloa, y ante el presidente de la Rep\u00fablica, Enrique Pe\u00f1a Nieto, el gobernador del Estado de M\u00e9xico, Eruviel \u00c1vila Villegas, reprob\u00f3 a nombre de este organismo y en su calidad de coordinador de la Comisi\u00f3n de Asuntos Internacionales, las agresiones a marinos mexicanos en Polonia, e hizo votos para que se aplique la ley y se castigue a los responsables en ese pa\u00eds, en respaldo adem\u00e1s de la posici\u00f3n fijada por el Gobierno de la Rep\u00fablica.<\/p>\n","protected":false},"author":3,"featured_media":144620,"comment_status":"open","ping_status":"open","sticky":false,"template":"","format":"standard","meta":{"_monsterinsights_skip_tracking":false,"_monsterinsights_sitenote_active":false,"_monsterinsights_sitenote_note":"","_monsterinsights_sitenote_category":0,"footnotes":""},"categories":[17,3],"tags":[13284,4276,18,43704,43674],"class_list":["post-144599","post","type-post","status-publish","format-standard","has-post-thumbnail","hentry","category-especiales","category-nacional","tag-arco-norte","tag-conferencia-nacional-de-gobernadores","tag-enrique-pena-nieto","tag-jose-luis-montanez-aguilar","tag-opinion"],"_links":{"self":[{"href":"https:\/\/www.diarioimagen.net\/index.php?rest_route=\/wp\/v2\/posts\/144599","targetHints":{"allow":["GET"]}}],"collection":[{"href":"https:\/\/www.diarioimagen.net\/index.php?rest_route=\/wp\/v2\/posts"}],"about":[{"href":"https:\/\/www.diarioimagen.net\/index.php?rest_route=\/wp\/v2\/types\/post"}],"author":[{"embeddable":true,"href":"https:\/\/www.diarioimagen.net\/index.php?rest_route=\/wp\/v2\/users\/3"}],"replies":[{"embeddable":true,"href":"https:\/\/www.diarioimagen.net\/index.php?rest_route=%2Fwp%2Fv2%2Fcomments&post=144599"}],"version-history":[{"count":0,"href":"https:\/\/www.diarioimagen.net\/index.php?rest_route=\/wp\/v2\/posts\/144599\/revisions"}],"wp:featuredmedia":[{"embeddable":true,"href":"https:\/\/www.diarioimagen.net\/index.php?rest_route=\/wp\/v2\/media\/144620"}],"wp:attachment":[{"href":"https:\/\/www.diarioimagen.net\/index.php?rest_route=%2Fwp%2Fv2%2Fmedia&parent=144599"}],"wp:term":[{"taxonomy":"category","embeddable":true,"href":"https:\/\/www.diarioimagen.net\/index.php?rest_route=%2Fwp%2Fv2%2Fcategories&post=144599"},{"taxonomy":"post_tag","embeddable":true,"href":"https:\/\/www.diarioimagen.net\/index.php?rest_route=%2Fwp%2Fv2%2Ftags&post=144599"}],"curies":[{"name":"wp","href":"https:\/\/api.w.org\/{rel}","templated":true}]}}