{"id":144607,"date":"2013-08-21T00:05:41","date_gmt":"2013-08-21T05:05:41","guid":{"rendered":"http:\/\/www.diarioimagen.net\/?p=144607"},"modified":"2013-08-22T03:11:40","modified_gmt":"2013-08-22T08:11:40","slug":"la-mesa-ya-esta-puesta-para-debate-energetico-serio","status":"publish","type":"post","link":"https:\/\/www.diarioimagen.net\/?p=144607","title":{"rendered":"La mesa ya est\u00e1 puesta para debate energ\u00e9tico serio"},"content":{"rendered":"<ul>\n<li><strong><em>Videgaray: hay coincidencias y diferencias<\/em><\/strong><\/li>\n<\/ul>\n<div id=\"attachment_144627\" style=\"width: 250px\" class=\"wp-caption alignleft\"><a href=\"http:\/\/www.diarioimagen.net\/wp-content\/uploads\/2013\/08\/videgaray-2168.jpg\"><img loading=\"lazy\" decoding=\"async\" aria-describedby=\"caption-attachment-144627\" class=\"size-medium wp-image-144627\" alt=\"El secretario de Hacienda, Luis Videgaray Caso, se declar\u00f3 listo para sostener debate sobre la iniciativa energ\u00e9tica.\" src=\"http:\/\/www.diarioimagen.net\/wp-content\/uploads\/2013\/08\/videgaray-2168-240x135.jpg\" width=\"240\" height=\"135\" srcset=\"https:\/\/www.diarioimagen.net\/wp-content\/uploads\/2013\/08\/videgaray-2168-240x135.jpg 240w, https:\/\/www.diarioimagen.net\/wp-content\/uploads\/2013\/08\/videgaray-2168-420x236.jpg 420w, https:\/\/www.diarioimagen.net\/wp-content\/uploads\/2013\/08\/videgaray-2168-235x132.jpg 235w, https:\/\/www.diarioimagen.net\/wp-content\/uploads\/2013\/08\/videgaray-2168-202x114.jpg 202w, https:\/\/www.diarioimagen.net\/wp-content\/uploads\/2013\/08\/videgaray-2168-350x196.jpg 350w, https:\/\/www.diarioimagen.net\/wp-content\/uploads\/2013\/08\/videgaray-2168-220x123.jpg 220w, https:\/\/www.diarioimagen.net\/wp-content\/uploads\/2013\/08\/videgaray-2168-237x132.jpg 237w, https:\/\/www.diarioimagen.net\/wp-content\/uploads\/2013\/08\/videgaray-2168.jpg 480w\" sizes=\"auto, (max-width: 240px) 100vw, 240px\" \/><\/a><p id=\"caption-attachment-144627\" class=\"wp-caption-text\">El secretario de Hacienda, Luis Videgaray Caso, se declar\u00f3 listo para sostener debate sobre la iniciativa energ\u00e9tica.<\/p><\/div>\n<p>En un encuentro con senadores perredistas, el secretario de Hacienda, Luis Videgaray, afirm\u00f3 que hay coincidencias, pero tambi\u00e9n diferencias, entre la propuesta presidencial de reforma energ\u00e9tica y la que el PRD present\u00f3 el pasado lunes a trav\u00e9s de Cuauht\u00e9moc C\u00e1rdenas. Ahora, dijo, \u201cla mesa est\u00e1 puesta\u201d para un debate serio en esta materia.<\/p>\n<p>Consider\u00f3 que la idea es enriquecer las iniciativas y buscar, mediante el di\u00e1logo y el debate, encontrar una que realmente satisfaga los intereses nacional y nos permita avanzar como pa\u00eds.<\/p>\n<p>Entrevistado brevemente, luego de reunirse con toda la bancada senatorial del PRD, que celebra su plenaria, Videgaray expres\u00f3: \u201chablamos de la necesidad de tener un nuevo r\u00e9gimen fiscal para Petr\u00f3leos Mexicanos, y creo que los m\u00e1s importante es que continuamos un di\u00e1logo con respeto, un di\u00e1logo donde nos escuchamos y a partir de las diferencias y de las muchas coincidencias, se construye en este M\u00e9xico democr\u00e1tico los acuerdos que necesitamos para transformar al pa\u00eds\u201d.<\/p>\n<p>El secretario expuso que ante un serie de dudas de los legisladores de izquierda, a\u00fan no est\u00e1 definida la propuesta de reforma fiscal y por lo mismo, no se sabe si habr\u00e1 un aumento del IVA o un alza generalizada de este impuesto para compensar los efectos tributarios que acarrear\u00eda la reforma energ\u00e9tica.<\/p>\n<p>Por su parte, el coordinador de senadores perredistas, Miguel Barbosa sostuvo que dentro de las coincidencias que tiene el gobierno con su bancada sobre este mismo tema, est\u00e1n cambiar el r\u00e9gimen fiscal a Pemex, darle autonom\u00eda de gesti\u00f3n y sacar a la propia SHCP del Consejo de Administraci\u00f3n de la paraestatal.<\/p>\n<p>Barbosa subray\u00f3 que sus correligionarios no est\u00e1n dispuestos a ceder en forma alguna la renta petrolera a empresas privadas, nacionales o extranjeras, como lo plantea la iniciativa del Ejecutivo.<\/p>\n","protected":false},"excerpt":{"rendered":"<p>En un encuentro con senadores perredistas, el secretario de Hacienda, Luis Videgaray, afirm\u00f3 que hay coincidencias, pero tambi\u00e9n diferencias, entre la propuesta presidencial de reforma energ\u00e9tica y la que el PRD present\u00f3 el pasado lunes a trav\u00e9s de Cuauht\u00e9moc C\u00e1rdenas. Ahora, dijo, \u201cla mesa est\u00e1 puesta\u201d para un debate serio en esta materia.<\/p>\n","protected":false},"author":3,"featured_media":144627,"comment_status":"open","ping_status":"open","sticky":false,"template":"","format":"standard","meta":{"_monsterinsights_skip_tracking":false,"_monsterinsights_sitenote_active":false,"_monsterinsights_sitenote_note":"","_monsterinsights_sitenote_category":0,"footnotes":""},"categories":[17,3],"tags":[267,7517,43673,26447],"class_list":["post-144607","post","type-post","status-publish","format-standard","has-post-thumbnail","hentry","category-especiales","category-nacional","tag-cuauhtemoc-cardenas-solorzano","tag-luis-videgaray-caso","tag-nacional","tag-reforma-energetica"],"_links":{"self":[{"href":"https:\/\/www.diarioimagen.net\/index.php?rest_route=\/wp\/v2\/posts\/144607","targetHints":{"allow":["GET"]}}],"collection":[{"href":"https:\/\/www.diarioimagen.net\/index.php?rest_route=\/wp\/v2\/posts"}],"about":[{"href":"https:\/\/www.diarioimagen.net\/index.php?rest_route=\/wp\/v2\/types\/post"}],"author":[{"embeddable":true,"href":"https:\/\/www.diarioimagen.net\/index.php?rest_route=\/wp\/v2\/users\/3"}],"replies":[{"embeddable":true,"href":"https:\/\/www.diarioimagen.net\/index.php?rest_route=%2Fwp%2Fv2%2Fcomments&post=144607"}],"version-history":[{"count":0,"href":"https:\/\/www.diarioimagen.net\/index.php?rest_route=\/wp\/v2\/posts\/144607\/revisions"}],"wp:featuredmedia":[{"embeddable":true,"href":"https:\/\/www.diarioimagen.net\/index.php?rest_route=\/wp\/v2\/media\/144627"}],"wp:attachment":[{"href":"https:\/\/www.diarioimagen.net\/index.php?rest_route=%2Fwp%2Fv2%2Fmedia&parent=144607"}],"wp:term":[{"taxonomy":"category","embeddable":true,"href":"https:\/\/www.diarioimagen.net\/index.php?rest_route=%2Fwp%2Fv2%2Fcategories&post=144607"},{"taxonomy":"post_tag","embeddable":true,"href":"https:\/\/www.diarioimagen.net\/index.php?rest_route=%2Fwp%2Fv2%2Ftags&post=144607"}],"curies":[{"name":"wp","href":"https:\/\/api.w.org\/{rel}","templated":true}]}}