{"id":144756,"date":"2013-08-22T00:07:06","date_gmt":"2013-08-22T05:07:06","guid":{"rendered":"http:\/\/www.diarioimagen.net\/?p=144756"},"modified":"2013-08-23T03:31:03","modified_gmt":"2013-08-23T08:31:03","slug":"fracaso-la-provocacion-el-congreso-sesiona","status":"publish","type":"post","link":"https:\/\/www.diarioimagen.net\/?p=144756","title":{"rendered":"Fracas\u00f3 la provocaci\u00f3n; el Congreso sesiona"},"content":{"rendered":"<h2>De frente y de perfil<\/h2>\n<h5>Roberto Vizca\u00edno<\/h5>\n<p><span><\/p>\n<ul>\n<li><strong><i>Los maestros de la Coordinadora se quedaron plantados, mientras los diputados se fueron al Centro Banamex<\/i><\/strong><\/li>\n<li><strong><i>Cordero y Barbosa tampoco pudieron reventar la sesi\u00f3n del Congreso General<\/i><\/strong><\/li>\n<li><strong><i>La secretaria de Turismo, Claudia Ruiz Massieu Salinas, feliz con los resultados en su sector<\/i><\/strong><\/li>\n<\/ul>\n<div id=\"attachment_144830\" style=\"width: 250px\" class=\"wp-caption alignleft\"><a href=\"http:\/\/www.diarioimagen.net\/wp-content\/uploads\/2013\/08\/ENTONCES-SI-SE-PUEDE-trizas-2169.jpg\"><img loading=\"lazy\" decoding=\"async\" aria-describedby=\"caption-attachment-144830\" class=\"size-medium wp-image-144830\" alt=\"Entonces s\u00ed se puede... | Trizas\" src=\"http:\/\/www.diarioimagen.net\/wp-content\/uploads\/2013\/08\/ENTONCES-SI-SE-PUEDE-trizas-2169-240x184.jpg\" width=\"240\" height=\"184\" srcset=\"https:\/\/www.diarioimagen.net\/wp-content\/uploads\/2013\/08\/ENTONCES-SI-SE-PUEDE-trizas-2169-240x184.jpg 240w, https:\/\/www.diarioimagen.net\/wp-content\/uploads\/2013\/08\/ENTONCES-SI-SE-PUEDE-trizas-2169-420x322.jpg 420w, https:\/\/www.diarioimagen.net\/wp-content\/uploads\/2013\/08\/ENTONCES-SI-SE-PUEDE-trizas-2169.jpg 500w\" sizes=\"auto, (max-width: 240px) 100vw, 240px\" \/><\/a><p id=\"caption-attachment-144830\" class=\"wp-caption-text\">Entonces s\u00ed se puede&#8230; | Trizas<\/p><\/div>\n<p>Luego de casi 10 horas de mantener sitiado al Palacio Legislativo de San L\u00e1zaro y de negarse a levantar el cerco, unos 5 mil maestros de la llamada Coordinadora fueron burlados por diputados y senadores quienes al filo de las 18:40 tuvieron Sesi\u00f3n de Congreso en\u00a0 la sede del Senado de la Rep\u00fablica y as\u00ed arrancaron el per\u00edodo extraordinario previsto para aprobar las Leyes secundarias de la reforma educativa, incluida la del Servicio Profesional Docente que les impondr\u00e1 a los maestros del pa\u00eds un sistema de evaluaci\u00f3n que podr\u00eda llevar a miles al despido.<\/p>\n<p>Rodeado por granaderos, polic\u00eda montada y agentes de la polic\u00eda capitalina, el nuevo edificio del Senado se convirti\u00f3 as\u00ed en la sede del Congreso.<\/p>\n<p>Una vez cumplido el tr\u00e1mite constitucional de la Sesi\u00f3n de Congreso General, los diputados montaron en c\u00f3modos autobuses de turismo y se fueron a sesionar al Centro Banamex, que fue declarado sede alterna de San L\u00e1zaro.<\/p>\n<p>A unos pasos del Campo Militar N\u00famero Uno, considerado como el principal destacamento castrense del pa\u00eds y a otros de la sede de la Secretar\u00eda de la Defensa Nacional, el centro de convenciones quiz\u00e1 m\u00e1s grande del pa\u00eds ya estaba para entonces resguardado por agentes federales y por la polic\u00eda capitalina en previsi\u00f3n de que los de la coordinadora decidieran seguirlos hasta ese lugar.<\/p>\n<p>Sin duda todos estos elementos ser\u00e1n un fuerte disuasivo para los violentos de la Coordinadora, quienes deber\u00e1n pensar dos veces antes de adentrarse a un terreno que es pr\u00e1cticamente zona militar.<\/p>\n<p>Ah\u00ed los diputados tramitar\u00e1n hoy y ma\u00f1ana las leyes secundarias de la reforma educativa a contrapelo de las exigencias y alborotos de los miembros de la llamada Coordinadora que concentra a la mayor\u00eda de los maestros de Chiapas, Oaxaca, Guerrero, Michoac\u00e1n y Zacatecas, y algunos de la capital del pa\u00eds.<\/p>\n<p>Con esta jugada, ideada y coordinada por el sonorense Manlio Fabio Beltrones, se anul\u00f3 la evidente provocaci\u00f3n orquestada por los dirigentes de la Coordinadora quienes no s\u00f3lo pretend\u00edan someter al Congreso &#8211;diputados y senadores&#8211; a sus intereses, sino doblar al gobierno de Enrique Pe\u00f1a Nieto o llevarlo a la represi\u00f3n.<\/p>\n<p>No hubo al final ni una ni otra cosa. Los maestros que sitiaban San L\u00e1zaro se quedaron como hace casi un a\u00f1o les ocurri\u00f3 a los perredistas que asaltaron la tribuna en un intento por sabotear otra sesi\u00f3n de Congreso, y el entonces presidente de la mesa de los Diputados, Jes\u00fas Murillo Karam, se apareci\u00f3 en un balc\u00f3n de San L\u00e1zaro para desde ah\u00ed dirigir el protocolo.<\/p>\n<p>Aquella jugada anul\u00f3 a los legisladores revoltosos quienes luego de ver c\u00f3mo Murillo se los brincaba e invalidaba, bajaron uno a uno de la tribuna renegando de su fracaso.<\/p>\n<p>As\u00ed se quedaron ayer los de la Coordinadora dentro de una jornada con saldo blanco.<\/p>\n<p align=\"center\">\u00a0<b>SE LES CEB\u00d3<\/b><\/p>\n<p>Quienes corrieron una historia paralela al sitio magisterial a San L\u00e1zaro, furon los senadores Ernesto Cordero, Miguel Barbosa, Alejandro Encinas y Manuel Camacho.<\/p>\n<p>Los 4 ven\u00edan fraguando desde hace d\u00edas la posibilidad de reventar el per\u00edodo extraordinario bajo el argumento de que no hab\u00eda dict\u00e1menes qu\u00e9 discutir.<\/p>\n<p>Durante el mediod\u00eda Cordero y Barbosa citaron a una larga conferencia de prensa en la que adelantaron su intenci\u00f3n y arguyeron que los diputados hab\u00edan decidido \u00a0meter los temas de la Ley General del Servicio Profesional Docente y las reformas acotadas para darle autonom\u00eda al IFAI sin que hubiera consensos.<\/p>\n<p>Ayer, en medio del jaloneo en San L\u00e1zaro, ellos se fueron a comer al restaurante \u201cCuchilleros\u201d, junto con Camacho y Encinas y Cordero se neg\u00f3 a responder una llamada del diputado Francisco Arroyo Vieyra, presidente de la C\u00e1mara de Diputados. Por ello, a las 18:50 horas que se dio la votaci\u00f3n de asistencia, ninguno de los cuatro apareci\u00f3 en el tablero electr\u00f3nico del Senado.<\/p>\n<p>Tuvo luego que ir Arroyo Vieyra a la oficina de Cordero para llevarlo a la plenaria de Congreso.<\/p>\n<p>Ante la actitud de Cordero y Barbosa, se consult\u00f3 al senador constitucionalista Ra\u00fal Cervantes quien indic\u00f3 que su el ex coordinador de la bancada panista decid\u00eda encabezar una obstrucci\u00f3n legislativa el pleno podr\u00eda destituirlo de inmediato.<\/p>\n<p>Enterado de eso Cordero decidi\u00f3 dar marcha atr\u00e1s y presentarse a ocupar su lugar en la sesi\u00f3n. Y ah\u00ed acab\u00f3 el intento de reventar el periodo extraordinario desde dentro.<\/p>\n<p align=\"center\">\u00a0<b>H\u00c1BIL Y FELIZ<\/b><\/p>\n<p>Quien aprovech\u00f3 bien todo el sainete interno y externo en el Congreso, fue la diputada M\u00f3nica Arriola Gordillo, hija de la profesora Elba Esther y \u00fanica senadora de Nueva Alianza.<\/p>\n<p>Con s\u00f3lo un voto entre los 128 senadores, M\u00f3nica emiti\u00f3 un comunicado en el que advierte que \u201cante la incertidumbre generada por la falta de acuerdos para llevar a cabo el\u00a0 periodo extraordinario de sesiones en el Congreso de la Uni\u00f3n\u201d, ella exhorta al resto de sus compa\u00f1eros a buscar la normalizaci\u00f3n del trabajo legislativo con pleno apego a derecho.<\/p>\n<p>Y adelanta la posici\u00f3n del partido ideado, financiado y registrado por la profesora Elba Esther Gordillo, el Partido Nueva Alianza el cual \u201ccomo instituto pol\u00edtico, est\u00e1 trabajando en el an\u00e1lisis de las leyes secundarias de Educaci\u00f3n, del Instituto Nacional para la Evaluaci\u00f3n de la Educaci\u00f3n y la Reforma al Instituto Federal de Acceso a la Informaci\u00f3n, con el fin de plantear las reservas pertinentes ante el pleno del Senado y enriquecer la discusi\u00f3n con propuestas responsables, serias y a la altura de la responsabilidad otorgada por la sociedad mexicana\u201d.<\/p>\n<p>En pocas palabras: el Panal de Elba Esther no act\u00faa por rencores ni por las condiciones penales que enfrenta su creadora.<\/p>\n<p>Mensajes sutiles, pero mensajes de poder.<\/p>\n<p align=\"center\">\u00a0<b>EL TURISMO, ADELANTE<\/b><\/p>\n<p>Sin grandes encabezados ni espectaculares anuncios, la Secretar\u00eda de Turismo que encabeza Claudia Ruiz Massieu Salinas, ha logrado importantes avances para llevar al sector a un despunte que por primera vez se coloca como una de las \u00e1reas econ\u00f3micas fundamentales en el desarrollo econ\u00f3mico de M\u00e9xico.<\/p>\n<p>Al menos as\u00ed lo demuestran, no s\u00f3lo las inversiones sin precedente que suman ya m\u00e1s de 112 mil millones de pesos para la industria tur\u00edstica, cifra anunciada por el presidente Enrique Pe\u00f1a Nieto\u00a0 y, por otro lado, la instalaci\u00f3n ayer mismo del \u201cGabinete Tur\u00edstico\u201d, encabezado por la titular del ramo.<\/p>\n<p>En este Gabinete participar\u00e1n otros siete secretarios de Estado, lo que dar\u00e1 un rumbo y certeza a la Pol\u00edtica Nacional Tur\u00edstica del gobierno de la Rep\u00fablica.<\/p>\n<p align=\"center\">\u00a0<b>OSORIO, EN MICHOAC\u00c1N<\/b><\/p>\n<p>Durante las duras horas del sitio de maestros de la Coordinadora al Palacio Legislativo de San L\u00e1zaro y su incierto desarrollo, hubo quienes pensaron que la negociaci\u00f3n para liberar al Congreso deb\u00eda ser encabezada por el secretario de Gobernaci\u00f3n.<\/p>\n<p>Luego se enteraron que \u00e9ste estaba al pendiente del desarrollo de este asunto, pero desde Morelia, donde el hidalguense Miguel \u00c1ngel Osorio Chong encabez\u00f3 tres reuniones de trabajo. Por la tarde noche, una vez resuelto el conflicto e instalado el per\u00edodo extraordinario, ya nadie cuestion\u00f3 el que Osorio se hubiera ido a arreglar las cosas en el agobiado Michoac\u00e1n.<\/p>\n<p>All\u00e1, en un primer encuentro, acompa\u00f1ado por el secretario de Desarrollo Agrario, Territorial y Urbano, Jorge Carlos Ram\u00edrez Mar\u00edn, del gobernador Jes\u00fas Reyna y rodeado de diputados locales y alcaldes, Osorio Chong avanz\u00f3 en la revisi\u00f3n de los programas y acciones de desarrollo estatal.<\/p>\n<p>Ah\u00ed el titular de Gobernaci\u00f3n recogi\u00f3 las propuestas y observaciones de los presidentes municipales y diputados locales a quienes reiter\u00f3 que el \u201cAcuerdo por Michoac\u00e1n\u201d, tiene como objetivo central generar bienestar en todos y cada uno de los 113 municipios de esta entidad.<\/p>\n<p>Durante la tarde el secretario de Gobernaci\u00f3n encabez\u00f3 una reuni\u00f3n de seguridad en la que participaron el gobernador Reyna Garc\u00eda as\u00ed como los secretarios de la Defensa Nacional, General Salvador Cienfuegos Zepeda; de Marina, Almirante Vidal Sober\u00f3n Sanz; el Procurador General de la Rep\u00fablica, Jes\u00fas Murillo Karam; el Comisionado Nacional de Seguridad, Manuel Mondrag\u00f3n y Kalb; el director general del CISEN, Eugenio Imaz Gispert, y el vocero del Gabinete de Seguridad del Gobierno de la Rep\u00fablica, Eduardo S\u00e1nchez Hern\u00e1ndez.<\/p>\n<p>En ese encuentro se evalu\u00f3 la estrategia de seguridad que se sigue en Michoac\u00e1n y que busca proteger a los ciudadanos y dar garant\u00edas para que la actividad econ\u00f3mica de la regi\u00f3n se desarrolle en la normalidad.<\/p>\n<p>Osorio Chong ratific\u00f3 que luego del compromiso de las fuerzas federales para permanecer en Michoac\u00e1n y continuar trabajando en coordinaci\u00f3n con el gobierno del estado para lograr el objetivo prioritario de alcanzar un Michoac\u00e1n en paz y tranquilidad.<\/p>\n<p><em><a href=\"mailto:rvizcaino@gmail.com\" target=\"_blank\">rvizcaino@gmail.com<\/a><\/em><\/span><\/p>\n","protected":false},"excerpt":{"rendered":"<p><span style=\"color: #005497;\"><strong>Roberto Vizca\u00edno<\/strong><\/span><br \/>\n<br \/>\nLuego de casi 10 horas de mantener sitiado al Palacio Legislativo de San L\u00e1zaro y de negarse a levantar el cerco, unos 5 mil maestros de la llamada Coordinadora fueron burlados por diputados y senadores quienes al filo de las 18:40 tuvieron Sesi\u00f3n de Congreso en  la sede del Senado de la Rep\u00fablica y as\u00ed arrancaron el per\u00edodo extraordinario previsto para aprobar las Leyes secundarias de la reforma educativa, incluida la del Servicio Profesional Docente que les impondr\u00e1 a los maestros del pa\u00eds un sistema de evaluaci\u00f3n que podr\u00eda llevar a miles al despido.<\/p>\n","protected":false},"author":3,"featured_media":144830,"comment_status":"open","ping_status":"open","sticky":false,"template":"","format":"standard","meta":{"_monsterinsights_skip_tracking":false,"_monsterinsights_sitenote_active":false,"_monsterinsights_sitenote_note":"","_monsterinsights_sitenote_category":0,"footnotes":""},"categories":[136],"tags":[304,43674,93,115],"class_list":["post-144756","post","type-post","status-publish","format-standard","has-post-thumbnail","hentry","category-roberto-vizcaino-opinion","tag-de-frente-y-de-perfil","tag-opinion","tag-roberto-vizcaino","tag-san-lazaro"],"_links":{"self":[{"href":"https:\/\/www.diarioimagen.net\/index.php?rest_route=\/wp\/v2\/posts\/144756","targetHints":{"allow":["GET"]}}],"collection":[{"href":"https:\/\/www.diarioimagen.net\/index.php?rest_route=\/wp\/v2\/posts"}],"about":[{"href":"https:\/\/www.diarioimagen.net\/index.php?rest_route=\/wp\/v2\/types\/post"}],"author":[{"embeddable":true,"href":"https:\/\/www.diarioimagen.net\/index.php?rest_route=\/wp\/v2\/users\/3"}],"replies":[{"embeddable":true,"href":"https:\/\/www.diarioimagen.net\/index.php?rest_route=%2Fwp%2Fv2%2Fcomments&post=144756"}],"version-history":[{"count":0,"href":"https:\/\/www.diarioimagen.net\/index.php?rest_route=\/wp\/v2\/posts\/144756\/revisions"}],"wp:featuredmedia":[{"embeddable":true,"href":"https:\/\/www.diarioimagen.net\/index.php?rest_route=\/wp\/v2\/media\/144830"}],"wp:attachment":[{"href":"https:\/\/www.diarioimagen.net\/index.php?rest_route=%2Fwp%2Fv2%2Fmedia&parent=144756"}],"wp:term":[{"taxonomy":"category","embeddable":true,"href":"https:\/\/www.diarioimagen.net\/index.php?rest_route=%2Fwp%2Fv2%2Fcategories&post=144756"},{"taxonomy":"post_tag","embeddable":true,"href":"https:\/\/www.diarioimagen.net\/index.php?rest_route=%2Fwp%2Fv2%2Ftags&post=144756"}],"curies":[{"name":"wp","href":"https:\/\/api.w.org\/{rel}","templated":true}]}}