{"id":144763,"date":"2013-08-22T00:04:30","date_gmt":"2013-08-22T05:04:30","guid":{"rendered":"http:\/\/www.diarioimagen.net\/?p=144763"},"modified":"2013-08-23T03:54:09","modified_gmt":"2013-08-23T08:54:09","slug":"la-agresion-a-marinos","status":"publish","type":"post","link":"https:\/\/www.diarioimagen.net\/?p=144763","title":{"rendered":"La agresi\u00f3n a marinos"},"content":{"rendered":"<h2>Punto por punto<\/h2>\n<h5>Augusto Corro<\/h5>\n<p><span><br \/>\nCon un \u201custedes disculpen\u201den el gobierno polaco cerrar\u00e1 el caso de la agresi\u00f3n contra cadetes de la naval.\u00a0 As\u00ed se entiende, luego de que decenas de salvajes golpearon a los marinos mexicanos que descansaban en la playa y s\u00f3lo hay dos detenidos que participaron en la trifulca.<\/span><\/p>\n<p>Los dem\u00e1s agresores disfrutaron de las atenciones de la polic\u00eda polaca y no fueron detenidos. Los representantes de la ley llegaron tarde al llamado de auxilio.<\/p>\n<p>Como saben, el barco-escuela Cuauht\u00e9moc realiza sus pr\u00e1cticas alrededor del mundo con cadetes navales.\u00a0 El domingo pasado, en Gydnia, Polonia, los marinos tuvieron un d\u00eda de asueto y se les ocurri\u00f3 ir a descansar a la playa.<\/p>\n<p>Lo anterior, coincidi\u00f3 con la euforia de los kiboli, una especie de hooligans amantes de la barbarie que arrasan con lo que encuentran a su paso.<\/p>\n<p>Seg\u00fan las informaciones, los kiboli citados desde el s\u00e1bado iniciaron sus desmanes durante un partido de futbol. El domingo continuaron con la agresi\u00f3n a los mexicanos. Aunque no se ha esclarecido bien a bien qui\u00e9n o qui\u00e9nes son los responsables de los disturbios, la culpabilidad recae en los polacos.<\/p>\n<p>El historial de los fan\u00e1ticos futboleros incluye toda clase de desmanes, incluidas las golpizas a los enemigos deportivos. En este caso, los cadetes no fueron la excepci\u00f3n. Basta ver en los videos el n\u00famero exagerado de polacos en franca persecuci\u00f3n agresora contra los mexicanos.<\/p>\n<p>Por cierto,\u00a0 algunos testigos afirman que la ri\u00f1a fue porque un cadete le toc\u00f3 los gl\u00fateos a una polaca.\u00a0 Tambi\u00e9n se tiene conocimiento de que un marino se encuentra en el barco a disposici\u00f3n de las autoridades.\u00a0 Los videos sobre el asunto mostraron a decenas de polacos en plena acci\u00f3n violenta contra los j\u00f3venes mexicanos. Testimonio suficiente para confirmar que lo cadetes fueron las v\u00edctimas.<\/p>\n<p align=\"center\"><b>LAS MUJERES SE ARMAN<\/b><\/p>\n<p>En el estado de Guerrero todos los d\u00edas se despiertan con problemas graves relacionados con la delincuencia organizada.<\/p>\n<p>Los \u00faltimos hechos se refieren a m\u00e1s de 2 mil desplazados guerrerenses entre julio y agosto del presente a\u00f1o.\u00a0 Los miembros de varias comunidades optaron por huir de la violencia desatada por el crimen organizado que disputa rutas para el trasiego de drogas.<\/p>\n<p>As\u00ed, habitantes de los municipios de Apaxtla de Castrej\u00f3n, San Miguel Totolapan y Heliodoro Castillo abandonaron sus tierras para refugiarse en Acapulco, Tlacotepec y Tecpan.<\/p>\n<p>El gobernador de Guerrero, \u00c1ngel Aguirre, no ha podido brindar paz y tranquilidad al pueblo. Los problemas son tantos y variados que los propios guerrerenses optaron por autodefenderse.<\/p>\n<p>Miguel \u00c1ngel Jim\u00e9nez, comandante de la polic\u00eda comunitaria de Xaltianguis, confirm\u00f3 que en la \u00faltima semana \u201cm\u00e1s de cien mujeres decidieron sumarse a la Uni\u00f3n de Pueblos Organizados del Estado de Guerrero\u201d.<\/p>\n<p>Y efectivamente, en la fotograf\u00eda se ve las amas de casa que empu\u00f1an fusiles y lucen sus uniformes azules. Guerrero, igual que Michoac\u00e1n vive d\u00edas dif\u00edciles ante la falta de un gobierno capaz. La espiral de violencia en ambas entidades crece cada d\u00eda.<\/p>\n<p align=\"center\"><b>CONTRA SECUESTROS Y EXTORSIONES<\/b><\/p>\n<p>Por otra parte, en Chilpancingo, Guerrero, representantes de la industria de la masa y la tortilla anunciaron que tomar\u00e1n medidas radicales para ahuyentar a secuestradores y extorsionadores. Los molineros de Tlapa de Comonfort dijeron que no van a pagar impuestos si las autoridades guerrerenses no revierten los \u201c\u00edndices delincuenciales y la extorsiones en contra del sector productivo\u201d.<\/p>\n<p align=\"center\"><b>LOS SISMOS<\/b><\/p>\n<p>Como si no fuera suficiente el n\u00famero de plagas que da\u00f1an a Guerrero, ayer los sismos se encargaron de afectar a la poblaci\u00f3n escolar.<\/p>\n<p>Dijo \u00c1ngel Aguirre que se orden\u00f3 la suspensi\u00f3n de clases para comprobar que los inmuebles no representaban alg\u00fan peligro.<\/p>\n<p>Las labores educativas se suspendieron en Acapulco, Chilpancingo y Costa Chica.\u00a0 Los temblores ocurrieron ayer en la mana\u00f1a y fueron de 6.0 y 5.6 grados en la escala de Richter.<\/p>\n<p><em><a href=\"mailto:aco2742@hotmail.com\" target=\"_blank\">aco2742@hotmail.com<\/a><\/em><\/p>\n","protected":false},"excerpt":{"rendered":"<p><span style=\"color: #005497;\"><strong>Augusto Corro<\/strong><\/span><\/p>\n","protected":false},"author":3,"featured_media":0,"comment_status":"open","ping_status":"open","sticky":false,"template":"","format":"standard","meta":{"_monsterinsights_skip_tracking":false,"_monsterinsights_sitenote_active":false,"_monsterinsights_sitenote_note":"","_monsterinsights_sitenote_category":0,"footnotes":""},"categories":[157],"tags":[21619,43686,43674,4910,11515],"class_list":["post-144763","post","type-post","status-publish","format-standard","hentry","category-augusto-corro","tag-agresion","tag-augusto-corro","tag-opinion","tag-polonia","tag-punto-por-punto"],"_links":{"self":[{"href":"https:\/\/www.diarioimagen.net\/index.php?rest_route=\/wp\/v2\/posts\/144763","targetHints":{"allow":["GET"]}}],"collection":[{"href":"https:\/\/www.diarioimagen.net\/index.php?rest_route=\/wp\/v2\/posts"}],"about":[{"href":"https:\/\/www.diarioimagen.net\/index.php?rest_route=\/wp\/v2\/types\/post"}],"author":[{"embeddable":true,"href":"https:\/\/www.diarioimagen.net\/index.php?rest_route=\/wp\/v2\/users\/3"}],"replies":[{"embeddable":true,"href":"https:\/\/www.diarioimagen.net\/index.php?rest_route=%2Fwp%2Fv2%2Fcomments&post=144763"}],"version-history":[{"count":0,"href":"https:\/\/www.diarioimagen.net\/index.php?rest_route=\/wp\/v2\/posts\/144763\/revisions"}],"wp:attachment":[{"href":"https:\/\/www.diarioimagen.net\/index.php?rest_route=%2Fwp%2Fv2%2Fmedia&parent=144763"}],"wp:term":[{"taxonomy":"category","embeddable":true,"href":"https:\/\/www.diarioimagen.net\/index.php?rest_route=%2Fwp%2Fv2%2Fcategories&post=144763"},{"taxonomy":"post_tag","embeddable":true,"href":"https:\/\/www.diarioimagen.net\/index.php?rest_route=%2Fwp%2Fv2%2Ftags&post=144763"}],"curies":[{"name":"wp","href":"https:\/\/api.w.org\/{rel}","templated":true}]}}