{"id":144916,"date":"2013-08-23T00:08:45","date_gmt":"2013-08-23T05:08:45","guid":{"rendered":"http:\/\/www.diarioimagen.net\/?p=144916"},"modified":"2013-08-23T04:41:18","modified_gmt":"2013-08-23T09:41:18","slug":"la-pobreza-vulnera-derechos-de-jovenes-rosario-robles-b","status":"publish","type":"post","link":"https:\/\/www.diarioimagen.net\/?p=144916","title":{"rendered":"La pobreza vulnera derechos de j\u00f3venes: Rosario Robles B."},"content":{"rendered":"<ul>\n<li><strong><em>Al asistir a la presentaci\u00f3n de la Primer Encuesta Iberoamericana de Juventudes de la ONU, se\u00f1al\u00f3 que el reto es convertirlos en factor de desarrollo<\/em><\/strong><\/li>\n<\/ul>\n<div id=\"attachment_144944\" style=\"width: 250px\" class=\"wp-caption alignleft\"><a href=\"http:\/\/www.diarioimagen.net\/wp-content\/uploads\/2013\/08\/SEDESOL-2170.jpg\"><img loading=\"lazy\" decoding=\"async\" aria-describedby=\"caption-attachment-144944\" class=\"size-medium wp-image-144944\" alt=\"La secretaria de Desarrollo Social, Rosario Robles, abord\u00f3 el tema de los j\u00f3venes, que deben ser factor fundamental de desarrollo.\" src=\"http:\/\/www.diarioimagen.net\/wp-content\/uploads\/2013\/08\/SEDESOL-2170-240x135.jpg\" width=\"240\" height=\"135\" srcset=\"https:\/\/www.diarioimagen.net\/wp-content\/uploads\/2013\/08\/SEDESOL-2170-240x135.jpg 240w, https:\/\/www.diarioimagen.net\/wp-content\/uploads\/2013\/08\/SEDESOL-2170-420x236.jpg 420w, https:\/\/www.diarioimagen.net\/wp-content\/uploads\/2013\/08\/SEDESOL-2170-235x132.jpg 235w, https:\/\/www.diarioimagen.net\/wp-content\/uploads\/2013\/08\/SEDESOL-2170-202x114.jpg 202w, https:\/\/www.diarioimagen.net\/wp-content\/uploads\/2013\/08\/SEDESOL-2170-350x196.jpg 350w, https:\/\/www.diarioimagen.net\/wp-content\/uploads\/2013\/08\/SEDESOL-2170-220x123.jpg 220w, https:\/\/www.diarioimagen.net\/wp-content\/uploads\/2013\/08\/SEDESOL-2170-237x132.jpg 237w, https:\/\/www.diarioimagen.net\/wp-content\/uploads\/2013\/08\/SEDESOL-2170.jpg 480w\" sizes=\"auto, (max-width: 240px) 100vw, 240px\" \/><\/a><p id=\"caption-attachment-144944\" class=\"wp-caption-text\">La secretaria de Desarrollo Social, Rosario Robles, abord\u00f3 el tema de los j\u00f3venes, que deben ser factor fundamental de desarrollo.<\/p><\/div>\n<p>Los derechos de los j\u00f3venes mexicanos se encuentran vulnerados por la pobreza, falta de empleos y exclusi\u00f3n de las oportunidades educativas, y los dejan fuera del proyecto nacional, afirm\u00f3 la secretaria de Desarrollo Social, Rosario Robles Berlanga, durante la presentaci\u00f3n de la Primera Encuesta Iberoamericana de Juventudes, realizada por la Organizaci\u00f3n de las Naciones Unidas y el Instituto Mexicano de la Juventud (Imjuve).<\/p>\n<p>En el auditorio de la sede mexicana del Programa de las Naciones Unidas para el Desarrollo (PNUD), la titular de la Sedesol dijo que en un pa\u00eds con 20.2 millones de j\u00f3venes (la cuarta parte de la poblaci\u00f3n), el reto consiste en convertir el bono demogr\u00e1fico en factor de desarrollo econ\u00f3mico y social, y evitar que se convierta en desaf\u00edo o pesadilla.<\/p>\n<p>Acompa\u00f1ada por Marcia de Castro, coordinadora residente en M\u00e9xico del Sistema de las Naciones Unidas, y por el titular del Imjuve,\u00a0 Jos\u00e9 Manuel Romero Coello, la funcionaria federal se pronunci\u00f3 por impulsar acciones concretas a favor de los j\u00f3venes, en un marco incluyente, de igualdad y de ejercicio pleno de sus derechos, tanto en el medio rural como urbano, para insertarlos en el desarrollo social y econ\u00f3mico del pa\u00eds.<\/p>\n<p>Explic\u00f3 que de acuerdo al Consejo Nacional de Evaluaci\u00f3n de la Pol\u00edtica Social (Coneval) hoy 21.2 millones de ni\u00f1os y j\u00f3venes viven en pobreza, y 4.7 millones se encuentran en pobreza extrema.<\/p>\n<p>Aunado a esto, mencion\u00f3 que 6 de 10 j\u00f3venes de entre 15 y 24 a\u00f1os de edad no asisten a la escuela, lo que los coloca en una condici\u00f3n de alta vulnerabilidad, y a ello hay que agregar a los millones de ni\u00f1os que hoy est\u00e1n sin clases porque sus maestros se niegan a ser evaluados.<\/p>\n<p>\u201cHoy, 12.4 millones de j\u00f3venes no van a la escuela y no formar\u00e1n parte del bono demogr\u00e1fico, pero posiblemente estar\u00e1n en la econom\u00eda informal y la delincuencia\u201d, advirti\u00f3.<\/p>\n<p>Ante ello, la secretaria Robles Berlanga urgi\u00f3 a tener educaci\u00f3n de calidad para formar capital humano y con opciones de trabajo, para que el fin \u00faltimo de los j\u00f3venes sea la migraci\u00f3n hacia los Estados Unidos. Hoy\u00a0 7 de 10 migrantes que van al otro lado de la frontera tienen entre 15 y 24 a\u00f1os.<\/p>\n<p>Explic\u00f3 que 36 por ciento de los delitos reportados en M\u00e9xico son cometidos por personas de entre 12 y 25 a\u00f1os, en un entorno de v\u00edctimas y victimarios, donde persiste un ambiente de desigualdad que genera encono y fractura del tejido social, debido a la falta de oportunidades.<\/p>\n<p>Ante esta realidad, la titular de la Sedesol se pronunci\u00f3 por \u201chacer efectivos los derechos de la juventud, indispensables para que ejerzan su ciudadan\u00eda: a la educaci\u00f3n, la salud, el empleo, a formar una familia y a participar en la vida pol\u00edtica cultural\u201d.<\/p>\n<p>Afirm\u00f3 que se deben dise\u00f1ar pol\u00edticas p\u00fablicas incluyentes, destinadas a fortalecer los alcances y potencial de este sector, como es el prop\u00f3sito y compromiso del presidente Enrique Pe\u00f1a Nieto, a trav\u00e9s de las diferentes dependencias, programas y estrategias, como la Cruzada Nacional Contra el Hambre.<\/p>\n<p>&nbsp;<\/p>\n","protected":false},"excerpt":{"rendered":"<p>Los derechos de los j\u00f3venes mexicanos se encuentran vulnerados por la pobreza, falta de empleos y exclusi\u00f3n de las oportunidades educativas, y los dejan fuera del proyecto nacional, afirm\u00f3 la secretaria de Desarrollo Social, Rosario Robles Berlanga, durante la presentaci\u00f3n de la Primera Encuesta Iberoamericana de Juventudes, realizada por la Organizaci\u00f3n de las Naciones Unidas y el Instituto Mexicano de la Juventud (Imjuve).<\/p>\n","protected":false},"author":3,"featured_media":144944,"comment_status":"open","ping_status":"open","sticky":false,"template":"","format":"standard","meta":{"_monsterinsights_skip_tracking":false,"_monsterinsights_sitenote_active":false,"_monsterinsights_sitenote_note":"","_monsterinsights_sitenote_category":0,"footnotes":""},"categories":[3],"tags":[43673,2421,9562,1998],"class_list":["post-144916","post","type-post","status-publish","format-standard","has-post-thumbnail","hentry","category-nacional","tag-nacional","tag-pobreza","tag-rosario-robles-berlanga","tag-sedesol"],"_links":{"self":[{"href":"https:\/\/www.diarioimagen.net\/index.php?rest_route=\/wp\/v2\/posts\/144916","targetHints":{"allow":["GET"]}}],"collection":[{"href":"https:\/\/www.diarioimagen.net\/index.php?rest_route=\/wp\/v2\/posts"}],"about":[{"href":"https:\/\/www.diarioimagen.net\/index.php?rest_route=\/wp\/v2\/types\/post"}],"author":[{"embeddable":true,"href":"https:\/\/www.diarioimagen.net\/index.php?rest_route=\/wp\/v2\/users\/3"}],"replies":[{"embeddable":true,"href":"https:\/\/www.diarioimagen.net\/index.php?rest_route=%2Fwp%2Fv2%2Fcomments&post=144916"}],"version-history":[{"count":0,"href":"https:\/\/www.diarioimagen.net\/index.php?rest_route=\/wp\/v2\/posts\/144916\/revisions"}],"wp:featuredmedia":[{"embeddable":true,"href":"https:\/\/www.diarioimagen.net\/index.php?rest_route=\/wp\/v2\/media\/144944"}],"wp:attachment":[{"href":"https:\/\/www.diarioimagen.net\/index.php?rest_route=%2Fwp%2Fv2%2Fmedia&parent=144916"}],"wp:term":[{"taxonomy":"category","embeddable":true,"href":"https:\/\/www.diarioimagen.net\/index.php?rest_route=%2Fwp%2Fv2%2Fcategories&post=144916"},{"taxonomy":"post_tag","embeddable":true,"href":"https:\/\/www.diarioimagen.net\/index.php?rest_route=%2Fwp%2Fv2%2Ftags&post=144916"}],"curies":[{"name":"wp","href":"https:\/\/api.w.org\/{rel}","templated":true}]}}