{"id":145102,"date":"2013-08-26T00:06:21","date_gmt":"2013-08-26T05:06:21","guid":{"rendered":"http:\/\/www.diarioimagen.net\/?p=145102"},"modified":"2013-08-26T03:15:29","modified_gmt":"2013-08-26T08:15:29","slug":"joaquin-coldwell-considera-vital-la-reforma-energetica","status":"publish","type":"post","link":"https:\/\/www.diarioimagen.net\/?p=145102","title":{"rendered":"Joaqu\u00edn Coldwell considera vital la reforma energ\u00e9tica"},"content":{"rendered":"<ul>\n<li><strong><em>Adem\u00e1s, ayudar\u00e1 a que el pa\u00eds no se atrase de 20 a 30 a\u00f1os y se convierta en un importador neto<\/em><\/strong><\/li>\n<\/ul>\n<div id=\"attachment_145123\" style=\"width: 250px\" class=\"wp-caption alignleft\"><a href=\"http:\/\/www.diarioimagen.net\/wp-content\/uploads\/2013\/08\/Coldwell-2171.jpg\"><img loading=\"lazy\" decoding=\"async\" aria-describedby=\"caption-attachment-145123\" class=\"size-medium wp-image-145123\" alt=\"Pedro Joaqu\u00edn Coldwell, secretario de Energ\u00eda.\" src=\"http:\/\/www.diarioimagen.net\/wp-content\/uploads\/2013\/08\/Coldwell-2171-240x135.jpg\" width=\"240\" height=\"135\" srcset=\"https:\/\/www.diarioimagen.net\/wp-content\/uploads\/2013\/08\/Coldwell-2171-240x135.jpg 240w, https:\/\/www.diarioimagen.net\/wp-content\/uploads\/2013\/08\/Coldwell-2171-420x236.jpg 420w, https:\/\/www.diarioimagen.net\/wp-content\/uploads\/2013\/08\/Coldwell-2171-235x132.jpg 235w, https:\/\/www.diarioimagen.net\/wp-content\/uploads\/2013\/08\/Coldwell-2171-202x114.jpg 202w, https:\/\/www.diarioimagen.net\/wp-content\/uploads\/2013\/08\/Coldwell-2171-350x196.jpg 350w, https:\/\/www.diarioimagen.net\/wp-content\/uploads\/2013\/08\/Coldwell-2171-220x123.jpg 220w, https:\/\/www.diarioimagen.net\/wp-content\/uploads\/2013\/08\/Coldwell-2171-237x132.jpg 237w, https:\/\/www.diarioimagen.net\/wp-content\/uploads\/2013\/08\/Coldwell-2171.jpg 480w\" sizes=\"auto, (max-width: 240px) 100vw, 240px\" \/><\/a><p id=\"caption-attachment-145123\" class=\"wp-caption-text\">Pedro Joaqu\u00edn Coldwell, secretario de Energ\u00eda.<\/p><\/div>\n<p>El secretario de Energ\u00eda, Pedro Joaqu\u00edn Coldwell, afirm\u00f3 que la reforma energ\u00e9tica representa una propuesta vital para que M\u00e9xico no llegue tarde al siglo XXI y para que no se atrase de 20 a 30 a\u00f1os, convirti\u00e9ndose en un pa\u00eds importador neto de energ\u00eda primaria.<\/p>\n<p>Al participar en el seminario \u201cAlineaci\u00f3n Estrat\u00e9gica y Gobernanza Eficaz\u201d, organizado por la Fundaci\u00f3n Colosio y el Instituto de Capacitaci\u00f3n y Desarrollo Pol\u00edtico del PRI, el funcionario federal dijo que el rezago afectar\u00eda las tarifas de luz y de gas, as\u00ed como la competitividad de las empresas nacionales y la econom\u00eda de las familias.<\/p>\n<p>\u201cLa reforma del Presidente Enrique Pe\u00f1a Nieto es una iniciativa para que M\u00e9xico gane el siglo XXI, por eso requerimos su apoyo y su respaldo para conseguir su aprobaci\u00f3n\u201d, expres\u00f3 Joaqu\u00edn Coldwell ante alcaldes y diputados locales electos del PRI.<\/p>\n<p>Acompa\u00f1ado por el l\u00edder nacional del tricolor, C\u00e9sar Camacho y la secretaria general, Ivonne Ortega, inform\u00f3 que del periodo de 2004 al 2012 se dejaron de producir 800 mil barriles de crudo diario.<\/p>\n<p>\u201cSi continuamos con estas tendencias, si el gobierno se queda cruzado de brazos y no toma decisiones de fondo, como implementar la reforma energ\u00e9tica, en tres a\u00f1os m\u00e1s M\u00e9xico se va a convertir en un pa\u00eds importador neto de energ\u00eda primaria\u201d, reiter\u00f3 ante quienes gobernar\u00e1n y legislar\u00e1n en 14 estados del pa\u00eds.<\/p>\n<p>Tras rechazar que las versiones de que la reforma energ\u00e9tica tiene el objeto de privatizar a Petr\u00f3leos Mexicanos, el secretario Joaqu\u00edn Coldwell, reiter\u00f3 que dichos comentarios son falsos, \u201cse trata de repotenciar a Pemex y hacerla una empresa moderna y m\u00e1s eficiente\u201d.<\/p>\n<p>Entre los objetivos de la reforma energ\u00e9tica, el funcionario resalt\u00f3 que se busca alcanzar tasas de restituci\u00f3n de reservas probadas de petr\u00f3leo y gas superiores al cien por ciento, lo que significa que el incremento de la producci\u00f3n tendr\u00eda que venir acompa\u00f1ado del descubrimiento de igual o mayor n\u00famero de reservas.<\/p>\n<p>\u201cOtro objetivo es incrementar la producci\u00f3n de petr\u00f3leo de los 2.5 millones de barriles diarios que actualmente se extraen a 3 millones en 2018, para\u00a0 llegar en el 2025 a 3.5 millones de barriles. En el caso del gas natural se aumentar\u00eda la producci\u00f3n de 5 mil 700 millones de pies c\u00fabicos a 8 mil millones en 2008 y a 10 mil 400 millones en 2005.<b><\/b><\/p>\n<p>&nbsp;<\/p>\n","protected":false},"excerpt":{"rendered":"<p>El secretario de Energ\u00eda, Pedro Joaqu\u00edn Coldwell, afirm\u00f3 que la reforma energ\u00e9tica representa una propuesta vital para que M\u00e9xico no llegue tarde al siglo XXI y para que no se atrase de 20 a 30 a\u00f1os, convirti\u00e9ndose en un pa\u00eds importador neto de energ\u00eda primaria.<\/p>\n","protected":false},"author":3,"featured_media":145123,"comment_status":"open","ping_status":"open","sticky":false,"template":"","format":"standard","meta":{"_monsterinsights_skip_tracking":false,"_monsterinsights_sitenote_active":false,"_monsterinsights_sitenote_note":"","_monsterinsights_sitenote_category":0,"footnotes":""},"categories":[3],"tags":[18,1012,292,26447],"class_list":["post-145102","post","type-post","status-publish","format-standard","has-post-thumbnail","hentry","category-nacional","tag-enrique-pena-nieto","tag-pedro-joaquin-coldwell","tag-pemex","tag-reforma-energetica"],"_links":{"self":[{"href":"https:\/\/www.diarioimagen.net\/index.php?rest_route=\/wp\/v2\/posts\/145102","targetHints":{"allow":["GET"]}}],"collection":[{"href":"https:\/\/www.diarioimagen.net\/index.php?rest_route=\/wp\/v2\/posts"}],"about":[{"href":"https:\/\/www.diarioimagen.net\/index.php?rest_route=\/wp\/v2\/types\/post"}],"author":[{"embeddable":true,"href":"https:\/\/www.diarioimagen.net\/index.php?rest_route=\/wp\/v2\/users\/3"}],"replies":[{"embeddable":true,"href":"https:\/\/www.diarioimagen.net\/index.php?rest_route=%2Fwp%2Fv2%2Fcomments&post=145102"}],"version-history":[{"count":0,"href":"https:\/\/www.diarioimagen.net\/index.php?rest_route=\/wp\/v2\/posts\/145102\/revisions"}],"wp:featuredmedia":[{"embeddable":true,"href":"https:\/\/www.diarioimagen.net\/index.php?rest_route=\/wp\/v2\/media\/145123"}],"wp:attachment":[{"href":"https:\/\/www.diarioimagen.net\/index.php?rest_route=%2Fwp%2Fv2%2Fmedia&parent=145102"}],"wp:term":[{"taxonomy":"category","embeddable":true,"href":"https:\/\/www.diarioimagen.net\/index.php?rest_route=%2Fwp%2Fv2%2Fcategories&post=145102"},{"taxonomy":"post_tag","embeddable":true,"href":"https:\/\/www.diarioimagen.net\/index.php?rest_route=%2Fwp%2Fv2%2Ftags&post=145102"}],"curies":[{"name":"wp","href":"https:\/\/api.w.org\/{rel}","templated":true}]}}