{"id":145153,"date":"2013-08-27T00:07:35","date_gmt":"2013-08-27T05:07:35","guid":{"rendered":"http:\/\/www.diarioimagen.net\/?p=145153"},"modified":"2013-08-29T04:25:41","modified_gmt":"2013-08-29T09:25:41","slug":"el-estado-de-derecho-se-aplicara-si-hay-afectaciones-a-terceros-gobernacion","status":"publish","type":"post","link":"https:\/\/www.diarioimagen.net\/?p=145153","title":{"rendered":"Osorio: sin acuerdo con maestros, aplicaremos estado de Derecho"},"content":{"rendered":"<ul>\n<li><em><strong>\u201cSi el magisterio disidente convence con razones se har\u00e1n modificaciones a la ley reglamentaria que falta\u201d<\/strong><\/em><\/li>\n<\/ul>\n<div id=\"attachment_145202\" style=\"width: 250px\" class=\"wp-caption alignleft\"><a href=\"http:\/\/www.diarioimagen.net\/wp-content\/uploads\/2013\/08\/osorio-2172.jpg\"><img loading=\"lazy\" decoding=\"async\" aria-describedby=\"caption-attachment-145202\" class=\"size-medium wp-image-145202\" alt=\"El secretario de Gobernaci\u00f3n, Miguel \u00c1ngel Osorio Chong, estuvo en la reuni\u00f3n plenaria de los senadores pri\u00edstas, donde precis\u00f3 que su obligaci\u00f3n es escuchar a los profesores.\" src=\"http:\/\/www.diarioimagen.net\/wp-content\/uploads\/2013\/08\/osorio-2172-240x135.jpg\" width=\"240\" height=\"135\" srcset=\"https:\/\/www.diarioimagen.net\/wp-content\/uploads\/2013\/08\/osorio-2172-240x135.jpg 240w, https:\/\/www.diarioimagen.net\/wp-content\/uploads\/2013\/08\/osorio-2172-420x236.jpg 420w, https:\/\/www.diarioimagen.net\/wp-content\/uploads\/2013\/08\/osorio-2172-235x132.jpg 235w, https:\/\/www.diarioimagen.net\/wp-content\/uploads\/2013\/08\/osorio-2172-202x114.jpg 202w, https:\/\/www.diarioimagen.net\/wp-content\/uploads\/2013\/08\/osorio-2172-350x196.jpg 350w, https:\/\/www.diarioimagen.net\/wp-content\/uploads\/2013\/08\/osorio-2172-220x123.jpg 220w, https:\/\/www.diarioimagen.net\/wp-content\/uploads\/2013\/08\/osorio-2172-237x132.jpg 237w, https:\/\/www.diarioimagen.net\/wp-content\/uploads\/2013\/08\/osorio-2172.jpg 480w\" sizes=\"auto, (max-width: 240px) 100vw, 240px\" \/><\/a><p id=\"caption-attachment-145202\" class=\"wp-caption-text\">El secretario de Gobernaci\u00f3n, Miguel \u00c1ngel Osorio Chong, estuvo en la reuni\u00f3n plenaria de los senadores pri\u00edstas, donde precis\u00f3 que su obligaci\u00f3n es escuchar a los profesores.<\/p><\/div>\n<p>El secretario de Gobernaci\u00f3n, Miguel \u00c1ngel Osorio Chong, dijo que el \u00fanico compromiso con el magisterio disidente es escucharlos y aunque se seguir\u00e1 buscando el acuerdo, de no alcanzarse y a fin de evitar que se lastime a terceros, se aplicar\u00e1 \u201cel imperio del estado de Derecho\u201d.<\/p>\n<p>Asistente a la reuni\u00f3n plenaria de senadores del PRI, el funcionario advirti\u00f3 que el gobierno no va aceptar amenazas, sobre todo porque la reforma educativa \u201cya ha venido transitando de la mejor manera con los maestros, pero hay quien no ha entendido el fondo o quieren mayor precisi\u00f3n respecto al contenido de las tres leyes reglamentarias\u201d.<\/p>\n<p>Osorio precis\u00f3 a los priistas que el gobierno no adquiri\u00f3 mayor compromiso con la disidencia magisterial que el que fueran escuchados por las juntas de Coordinaci\u00f3n de ambas c\u00e1maras.<\/p>\n<p>Agreg\u00f3 que si el magisterio disidente puede convencer con razones se har\u00e1n las modificaciones a la ley reglamentaria que falta por aprobar.<\/p>\n<p>No hay intenci\u00f3n de dar marcha atr\u00e1s, advirti\u00f3. \u201cLo que es cierto y es claro es que la voluntad de ir a la reforma reglamentaria de la educaci\u00f3n no tiene vuelta. Vamos por la reforma porque M\u00e9xico la necesita porque en \u00e9sta y las dem\u00e1s no podemos seguir esperando\u201d.<\/p>\n<p>Osorio Chong explic\u00f3 que la decisi\u00f3n del presidente Enrique Pe\u00f1a Nieto \u201ces que vayamos en todos los frentes al mismo tiempo\u201d, porque \u201cpara qu\u00e9 queremos una reforma educativa si no tenemos la reorganizaci\u00f3n del sector energ\u00e9tico, financiero y telecomunicaciones. Porque entonces nada m\u00e1s jalar\u00edamos un poco en la educaci\u00f3n\u201d.<\/p>\n<p>Reconoci\u00f3 que es complejo y muy dif\u00edcil, pero \u201cseguiremos buscando el acuerdo pero si \u00e9ste no se alcanza a entender y lastiman a terceros, a la mayor\u00eda de los mexicanos, el imperio del Estado de derecho es cuando tiene que actuar\u201d.<\/p>\n<p>Agreg\u00f3 que \u201cno es a partir de amenazas, es a partir de que cada quien tiene una responsabilidad y la nuestra es que el pa\u00eds vaya para adelante, que se pueda actuar\u201d.<\/p>\n<p>&nbsp;<\/p>\n","protected":false},"excerpt":{"rendered":"<p>El secretario de Gobernaci\u00f3n, Miguel \u00c1ngel Osorio Chong, dijo que el \u00fanico compromiso con el magisterio disidente es escucharlos y aunque se seguir\u00e1 buscando el acuerdo, de no alcanzarse y a fin de evitar que se lastime a terceros, se aplicar\u00e1 \u201cel imperio del estado de Derecho\u201d.<\/p>\n","protected":false},"author":5,"featured_media":145202,"comment_status":"open","ping_status":"open","sticky":false,"template":"","format":"standard","meta":{"_monsterinsights_skip_tracking":false,"_monsterinsights_sitenote_active":false,"_monsterinsights_sitenote_note":"","_monsterinsights_sitenote_category":0,"footnotes":""},"categories":[17,3],"tags":[7473,11482,3676,362],"class_list":["post-145153","post","type-post","status-publish","format-standard","has-post-thumbnail","hentry","category-especiales","category-nacional","tag-cnte","tag-estado-de-derecho","tag-miguel-angel-osorio-chong","tag-pri"],"_links":{"self":[{"href":"https:\/\/www.diarioimagen.net\/index.php?rest_route=\/wp\/v2\/posts\/145153","targetHints":{"allow":["GET"]}}],"collection":[{"href":"https:\/\/www.diarioimagen.net\/index.php?rest_route=\/wp\/v2\/posts"}],"about":[{"href":"https:\/\/www.diarioimagen.net\/index.php?rest_route=\/wp\/v2\/types\/post"}],"author":[{"embeddable":true,"href":"https:\/\/www.diarioimagen.net\/index.php?rest_route=\/wp\/v2\/users\/5"}],"replies":[{"embeddable":true,"href":"https:\/\/www.diarioimagen.net\/index.php?rest_route=%2Fwp%2Fv2%2Fcomments&post=145153"}],"version-history":[{"count":0,"href":"https:\/\/www.diarioimagen.net\/index.php?rest_route=\/wp\/v2\/posts\/145153\/revisions"}],"wp:featuredmedia":[{"embeddable":true,"href":"https:\/\/www.diarioimagen.net\/index.php?rest_route=\/wp\/v2\/media\/145202"}],"wp:attachment":[{"href":"https:\/\/www.diarioimagen.net\/index.php?rest_route=%2Fwp%2Fv2%2Fmedia&parent=145153"}],"wp:term":[{"taxonomy":"category","embeddable":true,"href":"https:\/\/www.diarioimagen.net\/index.php?rest_route=%2Fwp%2Fv2%2Fcategories&post=145153"},{"taxonomy":"post_tag","embeddable":true,"href":"https:\/\/www.diarioimagen.net\/index.php?rest_route=%2Fwp%2Fv2%2Ftags&post=145153"}],"curies":[{"name":"wp","href":"https:\/\/api.w.org\/{rel}","templated":true}]}}