{"id":145185,"date":"2013-08-27T00:05:54","date_gmt":"2013-08-27T05:05:54","guid":{"rendered":"http:\/\/www.diarioimagen.net\/?p=145185"},"modified":"2013-08-28T04:10:48","modified_gmt":"2013-08-28T09:10:48","slug":"eav-entrega-tabletas-electronicas-a-alumnos-de-quinto-y-sexto-ano","status":"publish","type":"post","link":"https:\/\/www.diarioimagen.net\/?p=145185","title":{"rendered":"EAV entrega tabletas electr\u00f3nicas a alumnos de quinto y sexto a\u00f1o"},"content":{"rendered":"<ul>\n<li><strong><em>Son para el plan Red Escolar de Colaboraci\u00f3n y Reforzamineto Educativo Oportuno, que se aplicar\u00e1 durante este ciclo escolar<\/em><\/strong><\/li>\n<\/ul>\n<div id=\"attachment_145205\" style=\"width: 250px\" class=\"wp-caption alignleft\"><a href=\"http:\/\/www.diarioimagen.net\/wp-content\/uploads\/2013\/08\/eruviel-2172.jpg\"><img loading=\"lazy\" decoding=\"async\" aria-describedby=\"caption-attachment-145205\" class=\"size-medium wp-image-145205\" alt=\"El gobernador Eruviel \u00c1vila Villegas entreg\u00f3 4 mil tabletas electr\u00f3nicas para alumnos de primaria, como parte del programa piloto Red Escolar de Colaboraci\u00f3n y Reforzamiento Educativo Oportuno, equipo donado por la Fundaci\u00f3n Ingeniero Alejo Peralta y D\u00edaz de Ceballos.\" src=\"http:\/\/www.diarioimagen.net\/wp-content\/uploads\/2013\/08\/eruviel-2172-240x135.jpg\" width=\"240\" height=\"135\" srcset=\"https:\/\/www.diarioimagen.net\/wp-content\/uploads\/2013\/08\/eruviel-2172-240x135.jpg 240w, https:\/\/www.diarioimagen.net\/wp-content\/uploads\/2013\/08\/eruviel-2172-420x236.jpg 420w, https:\/\/www.diarioimagen.net\/wp-content\/uploads\/2013\/08\/eruviel-2172-235x132.jpg 235w, https:\/\/www.diarioimagen.net\/wp-content\/uploads\/2013\/08\/eruviel-2172-202x114.jpg 202w, https:\/\/www.diarioimagen.net\/wp-content\/uploads\/2013\/08\/eruviel-2172-350x196.jpg 350w, https:\/\/www.diarioimagen.net\/wp-content\/uploads\/2013\/08\/eruviel-2172-220x123.jpg 220w, https:\/\/www.diarioimagen.net\/wp-content\/uploads\/2013\/08\/eruviel-2172-237x132.jpg 237w, https:\/\/www.diarioimagen.net\/wp-content\/uploads\/2013\/08\/eruviel-2172.jpg 480w\" sizes=\"auto, (max-width: 240px) 100vw, 240px\" \/><\/a><p id=\"caption-attachment-145205\" class=\"wp-caption-text\">El gobernador Eruviel \u00c1vila Villegas entreg\u00f3 4 mil tabletas electr\u00f3nicas para alumnos de primaria, como parte del programa piloto Red Escolar de Colaboraci\u00f3n y Reforzamiento Educativo Oportuno, equipo donado por la Fundaci\u00f3n Ingeniero Alejo Peralta y D\u00edaz de Ceballos.<\/p><\/div>\n<p><strong>Jocotitl\u00e1n, Estado de M\u00e9xico<\/strong>.- El gobernador Eruviel \u00c1vila Villegas entreg\u00f3 4 mil tabletas electr\u00f3nicas para alumnos de primaria, como parte del programa piloto de la Red Escolar de Colaboraci\u00f3n y Reforzamiento Educativo Oportuno (RECREO), las cuales emplean tecnolog\u00eda de vanguardia, que permitir\u00e1 a los maestros monitorear y conocer d\u00eda a d\u00eda las necesidades generales e individuales de los estudiantes, por medio de una red social educativa en la que participan tambi\u00e9n directivos, autoridades del sector y padres de familia, con el objetivo de tener mexiquenses mejor preparados.<\/p>\n<p>Al iniciar el segundo d\u00eda de actividades de su gira con pernocta en la Regi\u00f3n Norte de la entidad, el titular del Ejecutivo estatal destac\u00f3 la colaboraci\u00f3n de Carlos Peralta Quintero, presidente de la Fundaci\u00f3n Ingeniero Alejo Peralta y D\u00edaz de Ceballos y al programa RECREO, por la donaci\u00f3n de estos equipos para el proyecto que ser\u00e1 puesto a prueba durante el ciclo escolar 2013-2014, con alumnos de quinto y sexto de primaria, y evaluado por instituciones como el Banco Mundial.<\/p>\n<p>\u201cEstamos arrancando formalmente con un programa piloto, es la Red Escolar de Colaboraci\u00f3n y Reforzamiento Educativo Oportuno (RECREO) que el se\u00f1or ingeniero Carlos Peralta amablemente nos est\u00e1 donando, apoyando con 4 mil tabletas electr\u00f3nicas, estos aparatitos aparentemente muy sencillos, pero con mucha tecnolog\u00eda. Este es un plan piloto que se va a implementar en este ciclo escolar 2013-2014 y es una herramienta de apoyo para los profesores, que monitorea todos los d\u00edas el proceso ense\u00f1anza-aprendizaje, permiti\u00e9ndole conocer las necesidades educativas de cada alumno\u201d, manifest\u00f3.<\/p>\n<p>Eruviel \u00c1vila detall\u00f3 que las tabletas fueron creadas por una empresa inglesa, de las cuales se generan m\u00e1s de quince modelos diferentes para funcionar con o sin internet, y que\u00a0 son utilizadas en pa\u00edses como India, Turqu\u00eda, entre otros, adem\u00e1s de que el software utilizado en la aplicaci\u00f3n funciona con cualquier sistema operativo.<\/p>\n<p>Carlos Peralta, tambi\u00e9n presidente del Consejo de Administraci\u00f3n de Grupo IUSA, se\u00f1al\u00f3 que RECREO tiene como finalidad contribuir a los esfuerzos que lleva a cabo el gobierno del Estado de M\u00e9xico para mejorar la calidad educativa, y ya funciona en la Unidad Pedag\u00f3gica Alejo Peralta, donde ha logrado elevar el nivel de conocimiento de los alumnos de esa instituci\u00f3n, al pasar de un 65, a un 97 por ciento.<\/p>\n<p>\u201cEl esfuerzo compartido y el gran sentido de solidaridad que nos une con los sectores sociales m\u00e1s necesitados, nos motivan a seguir impulsando las actividades que realiza la Fundaci\u00f3n Alejo Peralta y el Grupo IUSA para hacer de nuestra entidad un estado m\u00e1s grande para bien de los mexiquenses y de los mexicanos\u201d, expres\u00f3.<\/p>\n<p>En este marco, el gobernador Eruviel \u00c1vila tambi\u00e9n dio el banderazo de salida a camiones con mobiliario y materiales de construcci\u00f3n para escuelas mexiquenses, adem\u00e1s de entregar un aula y un n\u00facleo de sanitarios prefabricados para un jard\u00edn de ni\u00f1os ubicado en el municipio de Timilpan.<\/p>\n<p>Asimismo, entreg\u00f3 al delegado de la Cruz Roja en el Estado de M\u00e9xico, Jos\u00e9 Miguel Bejos, un cheque por m\u00e1s de 14 millones de pesos, como parte de los recursos que recaud\u00f3 la Secretar\u00eda de Educaci\u00f3n estatal en la colecta anual de dicha instituci\u00f3n, los cuales ser\u00e1n invertidos en la modernizaci\u00f3n de infraestructura hospitalaria, adquisici\u00f3n de ambulancias, entre otros.<\/p>\n<p>Esta es la quinta gira con pernocta que el gobernador Eruviel \u00c1vila lleva a cabo en la entidad, pues previamente ha realizado estos recorridos de trabajo por varios d\u00edas en las regiones Oriente, Pir\u00e1mides, Ecatepec-Tec\u00e1mac y Sur, en los cuales participan todas las \u00e1reas de la administraci\u00f3n estatal. En el caso de la actual, se llevar\u00e1n a cabo de manera simult\u00e1nea 250 actividades para acercar programas, servicios y beneficios a los habitantes de 15 municipios.<b><\/b><\/p>\n<p>&nbsp;<\/p>\n","protected":false},"excerpt":{"rendered":"<p>El gobernador Eruviel \u00c1vila Villegas entreg\u00f3 4 mil tabletas electr\u00f3nicas para alumnos de primaria, como parte del programa piloto de la Red Escolar de Colaboraci\u00f3n y Reforzamiento Educativo Oportuno (RECREO), las cuales emplean tecnolog\u00eda de vanguardia, que permitir\u00e1 a los maestros monitorear y conocer d\u00eda a d\u00eda las necesidades generales e individuales de los estudiantes, por medio de una red social educativa en la que participan tambi\u00e9n directivos, autoridades del sector y padres de familia, con el objetivo de tener mexiquenses mejor preparados.<\/p>\n","protected":false},"author":3,"featured_media":145205,"comment_status":"open","ping_status":"open","sticky":false,"template":"","format":"standard","meta":{"_monsterinsights_skip_tracking":false,"_monsterinsights_sitenote_active":false,"_monsterinsights_sitenote_note":"","_monsterinsights_sitenote_category":0,"footnotes":""},"categories":[17,5],"tags":[20049,5828,43675,4973],"class_list":["post-145185","post","type-post","status-publish","format-standard","has-post-thumbnail","hentry","category-especiales","category-estado-de-mexico","tag-eav","tag-eruviel-avila-villegas","tag-estado-de-mexico","tag-jocotitlan"],"_links":{"self":[{"href":"https:\/\/www.diarioimagen.net\/index.php?rest_route=\/wp\/v2\/posts\/145185","targetHints":{"allow":["GET"]}}],"collection":[{"href":"https:\/\/www.diarioimagen.net\/index.php?rest_route=\/wp\/v2\/posts"}],"about":[{"href":"https:\/\/www.diarioimagen.net\/index.php?rest_route=\/wp\/v2\/types\/post"}],"author":[{"embeddable":true,"href":"https:\/\/www.diarioimagen.net\/index.php?rest_route=\/wp\/v2\/users\/3"}],"replies":[{"embeddable":true,"href":"https:\/\/www.diarioimagen.net\/index.php?rest_route=%2Fwp%2Fv2%2Fcomments&post=145185"}],"version-history":[{"count":0,"href":"https:\/\/www.diarioimagen.net\/index.php?rest_route=\/wp\/v2\/posts\/145185\/revisions"}],"wp:featuredmedia":[{"embeddable":true,"href":"https:\/\/www.diarioimagen.net\/index.php?rest_route=\/wp\/v2\/media\/145205"}],"wp:attachment":[{"href":"https:\/\/www.diarioimagen.net\/index.php?rest_route=%2Fwp%2Fv2%2Fmedia&parent=145185"}],"wp:term":[{"taxonomy":"category","embeddable":true,"href":"https:\/\/www.diarioimagen.net\/index.php?rest_route=%2Fwp%2Fv2%2Fcategories&post=145185"},{"taxonomy":"post_tag","embeddable":true,"href":"https:\/\/www.diarioimagen.net\/index.php?rest_route=%2Fwp%2Fv2%2Ftags&post=145185"}],"curies":[{"name":"wp","href":"https:\/\/api.w.org\/{rel}","templated":true}]}}