{"id":145200,"date":"2013-08-27T00:06:04","date_gmt":"2013-08-27T05:06:04","guid":{"rendered":"http:\/\/www.diarioimagen.net\/?p=145200"},"modified":"2013-08-28T04:10:53","modified_gmt":"2013-08-28T09:10:53","slug":"pena-nieto-urge-a-aprobar-ley-del-servicio-profesional-docente","status":"publish","type":"post","link":"https:\/\/www.diarioimagen.net\/?p=145200","title":{"rendered":"Pe\u00f1a Nieto urge a aprobar Ley del Servicio Profesional Docente"},"content":{"rendered":"<ul>\n<li><strong><em>Al agradecer el respaldo de la mayor\u00eda de los profesores, el primer mandatario se\u00f1ala que esta legislaci\u00f3n impulsar\u00e1 el desarrollo<\/em><\/strong><\/li>\n<\/ul>\n<div id=\"attachment_145237\" style=\"width: 250px\" class=\"wp-caption alignleft\"><a href=\"http:\/\/www.diarioimagen.net\/wp-content\/uploads\/2013\/08\/epn-2172.jpg\"><img loading=\"lazy\" decoding=\"async\" aria-describedby=\"caption-attachment-145237\" class=\"size-medium wp-image-145237\" alt=\"El presidente Enrique Pe\u00f1a Nieto, y el gobernador de Morelos, Graco Ram\u00edrez, entregaron ayer las primeras \u201cBecas-Salario Universal\u201d, en Xochitepec, en un acto al que asistieron diversos funcionarios.\" src=\"http:\/\/www.diarioimagen.net\/wp-content\/uploads\/2013\/08\/epn-2172-240x135.jpg\" width=\"240\" height=\"135\" srcset=\"https:\/\/www.diarioimagen.net\/wp-content\/uploads\/2013\/08\/epn-2172-240x135.jpg 240w, https:\/\/www.diarioimagen.net\/wp-content\/uploads\/2013\/08\/epn-2172-420x236.jpg 420w, https:\/\/www.diarioimagen.net\/wp-content\/uploads\/2013\/08\/epn-2172-235x132.jpg 235w, https:\/\/www.diarioimagen.net\/wp-content\/uploads\/2013\/08\/epn-2172-202x114.jpg 202w, https:\/\/www.diarioimagen.net\/wp-content\/uploads\/2013\/08\/epn-2172-350x196.jpg 350w, https:\/\/www.diarioimagen.net\/wp-content\/uploads\/2013\/08\/epn-2172-220x123.jpg 220w, https:\/\/www.diarioimagen.net\/wp-content\/uploads\/2013\/08\/epn-2172-237x132.jpg 237w, https:\/\/www.diarioimagen.net\/wp-content\/uploads\/2013\/08\/epn-2172.jpg 480w\" sizes=\"auto, (max-width: 240px) 100vw, 240px\" \/><\/a><p id=\"caption-attachment-145237\" class=\"wp-caption-text\">El presidente Enrique Pe\u00f1a Nieto, y el gobernador de Morelos, Graco Ram\u00edrez, entregaron ayer las primeras \u201cBecas-Salario Universal\u201d, en Xochitepec, en un acto al que asistieron diversos funcionarios.<\/p><\/div>\n<p><strong>Xochitepec, Morelos<\/strong>.- Al anunciar el programa \u201cBecas-Salario Universal\u201d, el presidente Enrique Pe\u00f1a Nieto destac\u00f3 que la aprobaci\u00f3n de la Ley del Servicio Profesional Docente permitir\u00e1 incrementar la calidad de la educaci\u00f3n e impulsar\u00e1 el desarrollo nacional.<\/p>\n<p>Durante el acto, agradeci\u00f3 el respaldo mayoritario de los maestros de todo el pa\u00eds a la reforma educativa, confi\u00f3 en que en breve se analizar\u00e1 la legislaci\u00f3n secundaria en el Congreso y que prosperar\u00e1, pues \u201cvale la pena hacer los planes y ajustes que el pa\u00eds necesita\u201d.<\/p>\n<p>Durante una gira de trabajo por Xochitepec, Morelos, el mandatario subray\u00f3 que \u201ceste gobierno no vino a administrar, sino a cambiar las cosas\u201d, por lo que es previsible que haya resistencia, pero llam\u00f3 a sumarse a esta transformaci\u00f3n que beneficiar\u00e1 a todos los mexicanos.<\/p>\n<p>Frente a dirigentes de partidos que integran el Pacto por M\u00e9xico, reconoci\u00f3 que invariablemente todo cambio enfrentar\u00e1 resistencias, \u201cpero somos muchos m\u00e1s, muchos m\u00e1s los que creemos que es necesario y vale la pena hacer los cambios y ajustes que el pa\u00eds necesita\u201d.<\/p>\n<p>\u201cConf\u00edo plenamente en que en el Congreso de la Uni\u00f3n, pronto y en breve, se habr\u00e1 de analizar la iniciativa y habr\u00e1 de ser sometida a votaci\u00f3n, esperando que prospere\u201d, expres\u00f3 en referencia a la Ley del Servicio Profesional Docente.<\/p>\n<p>Pe\u00f1a Nieto consider\u00f3 dicha iniciativa como \u201cun tercer pilar muy importante para materializar y cristalizar el esp\u00edritu, que inspir\u00f3 el cambio constitucional que se hizo en materia educativa, para elevar la calidad de la educaci\u00f3n de la ni\u00f1ez y los j\u00f3venes\u201d.<\/p>\n<p>Acompa\u00f1ado por los presidentes nacionales de los partidos de la Revoluci\u00f3n Democr\u00e1tica (PRD), Jes\u00fas Zambrano, y Revolucionario Institucional (PRI), C\u00e9sar Camacho Quiroz, as\u00ed como el gobernador de Morelos, Graco Ram\u00edrez, resalt\u00f3 que \u00e9ste \u201ces un pa\u00eds que quiere impulsar grandes cambios y grandes transformaciones\u201d.<\/p>\n<p>Tambi\u00e9n ante el titular de la Secretar\u00eda de Educaci\u00f3n P\u00fablica (SEP), Emilio Chuayffet Chemor, y el l\u00edder del Sindicato Nacional de Trabajadores de la Educaci\u00f3n (SNTE), Juan D\u00edaz de la Torre, el Presidente advirti\u00f3 que este gobierno no vino a administrar, sino que quiere cambiar y transformar.<\/p>\n<p>En el Centro de Congresos y Convenciones World Trade Center afirm\u00f3 que el Pacto por M\u00e9xico, donde surgi\u00f3 la reforma educativa, acredita el acuerdo \u201cen el marco de diferencias que tienen las distintas fuerzas pol\u00edticas, pero la coincidencia en que es necesario hacer e impulsar importantes transformaciones para el pa\u00eds\u201d.<\/p>\n<p>Con el Pacto por M\u00e9xico, insisti\u00f3, se dio el primer paso para impulsar la reforma constitucional en materia educativa, la cual fue debidamente aprobada por el Constituyente Permanente.<\/p>\n<p>El segundo paso, detall\u00f3, fue la aprobaci\u00f3n en el Congreso federal de dos de las leyes secundarias, a las que explic\u00f3 con el fin de evitar la desinformaci\u00f3n en algunas partes del pa\u00eds.<\/p>\n<p>Sobre la Ley General de Educaci\u00f3n asever\u00f3 que dar\u00e1 m\u00e1s autonom\u00eda de gesti\u00f3n a las escuelas, que de manera m\u00e1s sencilla \u201cpodr\u00e1n, con recursos, hacer las correcciones necesarias o allegarse de insumos o elementos para la educaci\u00f3n\u201d sin esperar todo el tr\u00e1mite burocr\u00e1tico que anteriormente se segu\u00eda.<\/p>\n<p>Adem\u00e1s habr\u00e1 m\u00e1s escuelas de tiempo completo, reglas para que haya alimentos nutritivos y se fortalecer\u00e1 la educaci\u00f3n a distancia.<\/p>\n<p>En cuanto a la Ley del Instituto Nacional para la Evaluaci\u00f3n de la Educaci\u00f3n expuso que con ese sistema \u201cse promover\u00e1 el derecho a recibir una educaci\u00f3n de calidad, porque debe ser y es un derecho de la ni\u00f1ez y la juventud de este pa\u00eds\u201d.<\/p>\n<p>\u201cLa evaluaci\u00f3n deber\u00e1 considerar el contexto social y econ\u00f3mico de las escuelas y la evaluaci\u00f3n no s\u00f3lo ser\u00e1 a los maestros, sino tambi\u00e9n a quienes ejercen funciones de direcci\u00f3n y supervisi\u00f3n de las escuelas\u201d.<\/p>\n<p>El siguiente paso ser\u00e1 aprobar la Ley General del Servicio Profesional Docente y \u201cen este caso d\u00e9jenme ser expl\u00edcito, a partir de algunos sectores que se han opuesto a esta legislaci\u00f3n, a este tercer ordenamiento legal, me parece que los beneficios son mayores\u201d.<\/p>\n<p>&nbsp;<\/p>\n","protected":false},"excerpt":{"rendered":"<p>Al anunciar el programa \u201cBecas-Salario Universal\u201d, el presidente Enrique Pe\u00f1a Nieto destac\u00f3 que la aprobaci\u00f3n de la Ley del Servicio Profesional Docente permitir\u00e1 incrementar la calidad de la educaci\u00f3n e impulsar\u00e1 el desarrollo nacional.<\/p>\n","protected":false},"author":3,"featured_media":145237,"comment_status":"open","ping_status":"open","sticky":false,"template":"","format":"standard","meta":{"_monsterinsights_skip_tracking":false,"_monsterinsights_sitenote_active":false,"_monsterinsights_sitenote_note":"","_monsterinsights_sitenote_category":0,"footnotes":""},"categories":[17,3],"tags":[18,28013,836,43673,19937],"class_list":["post-145200","post","type-post","status-publish","format-standard","has-post-thumbnail","hentry","category-especiales","category-nacional","tag-enrique-pena-nieto","tag-ley-del-servicio-profesional-docente","tag-morelos","tag-nacional","tag-xochitepec"],"_links":{"self":[{"href":"https:\/\/www.diarioimagen.net\/index.php?rest_route=\/wp\/v2\/posts\/145200","targetHints":{"allow":["GET"]}}],"collection":[{"href":"https:\/\/www.diarioimagen.net\/index.php?rest_route=\/wp\/v2\/posts"}],"about":[{"href":"https:\/\/www.diarioimagen.net\/index.php?rest_route=\/wp\/v2\/types\/post"}],"author":[{"embeddable":true,"href":"https:\/\/www.diarioimagen.net\/index.php?rest_route=\/wp\/v2\/users\/3"}],"replies":[{"embeddable":true,"href":"https:\/\/www.diarioimagen.net\/index.php?rest_route=%2Fwp%2Fv2%2Fcomments&post=145200"}],"version-history":[{"count":0,"href":"https:\/\/www.diarioimagen.net\/index.php?rest_route=\/wp\/v2\/posts\/145200\/revisions"}],"wp:featuredmedia":[{"embeddable":true,"href":"https:\/\/www.diarioimagen.net\/index.php?rest_route=\/wp\/v2\/media\/145237"}],"wp:attachment":[{"href":"https:\/\/www.diarioimagen.net\/index.php?rest_route=%2Fwp%2Fv2%2Fmedia&parent=145200"}],"wp:term":[{"taxonomy":"category","embeddable":true,"href":"https:\/\/www.diarioimagen.net\/index.php?rest_route=%2Fwp%2Fv2%2Fcategories&post=145200"},{"taxonomy":"post_tag","embeddable":true,"href":"https:\/\/www.diarioimagen.net\/index.php?rest_route=%2Fwp%2Fv2%2Ftags&post=145200"}],"curies":[{"name":"wp","href":"https:\/\/api.w.org\/{rel}","templated":true}]}}