{"id":145351,"date":"2013-08-28T00:01:18","date_gmt":"2013-08-28T05:01:18","guid":{"rendered":"http:\/\/www.diarioimagen.net\/?p=145351"},"modified":"2013-08-29T03:22:38","modified_gmt":"2013-08-29T08:22:38","slug":"el-diluvio","status":"publish","type":"post","link":"https:\/\/www.diarioimagen.net\/?p=145351","title":{"rendered":"El diluvio"},"content":{"rendered":"<h2>Pol\u00edtica Spot<\/h2>\n<h5>Juan Manuel Maga\u00f1a<\/h5>\n<p><span><br \/>\nTodos lo reconocen: \u201cEl momento es complejo y muy dif\u00edcil\u201d, ha dicho Osorio Chong. \u201cEsperan d\u00edas dif\u00edciles a la ciudad\u201d, anuncia Miguel \u00c1ngel Mancera. \u201cNos tienen que dar garant\u00edas\u201d, clama Beltrones.<\/span><\/p>\n<p>Y hay que admitirlo: viene el diluvio.<\/p>\n<p>Nada explica mejor la complejidad del momento que las dos din\u00e1micas encontradas que han expresado ya los principales protagonistas. Veamos.<\/p>\n<p>La primera de \u00e9stas es la que adopt\u00f3 la disidencia magisterial en su Asamblea Nacional Representativa; se trata de un c\u00famulo de decisiones que van afectar profundamente la vida del DF:<\/p>\n<p>Una, realizar hoy una marcha a Los Pinos; dos, participar en una movilizaci\u00f3n con el Sindicato Mexicano de Electricistas (SME); tres, participar el 31 del presente en una marcha en defensa de los energ\u00e9ticos convocada por la proclama por el rescate a la naci\u00f3n; cuatro, para el 1 de septiembre, efectuar protestas en el marco del Primer Informe de Gobierno del presidente Enrique Pe\u00f1a Nieto, por lo que har\u00e1n m\u00edtines en plazas comerciales y movilizaciones y marchas en los estados y en la capital del pa\u00eds. M\u00e1s lo que se acumule.<\/p>\n<p>La otra din\u00e1mica es la que el secretario de Gobernaci\u00f3n explic\u00f3 sin rodeos a los senadores pri\u00edstas: No hay intenci\u00f3n de dar marcha atr\u00e1s, les advirti\u00f3. \u201cLo que es cierto y es claro es que la voluntad de ir a la reforma reglamentaria de la educaci\u00f3n no tiene vuelta. Vamos por la reforma porque M\u00e9xico la necesita porque en \u00e9sta y las dem\u00e1s no podemos seguir esperando\u201d.<\/p>\n<p>Dijo m\u00e1s: que la decisi\u00f3n del presidente Enrique Pe\u00f1a Nieto \u201ces que vayamos en todos los frentes al mismo tiempo\u201d, porque \u201cpara qu\u00e9 queremos una reforma educativa si no tenemos la reorganizaci\u00f3n del sector energ\u00e9tico, financiero y telecomunicaciones. Porque entonces nada m\u00e1s jalar\u00edamos un poco en la educaci\u00f3n\u201d. Y fue as\u00ed como Osorio reconoci\u00f3 que lo que plante\u00f3 es complejo y muy dif\u00edcil.<\/p>\n<p>Y es la ciudad de M\u00e9xico la elegida -pues qu\u00e9 otra- como el escenario de la tormenta reformista y del hurac\u00e1n de la protesta. Es el escenario de \u201ctodos los frentes al mismo tiempo\u201d y todas las movilizaciones a la vez.<\/p>\n<p>Y eso que aqu\u00ed falta por mencionar lo que se viene con la \u201cdefensa del petr\u00f3leo y el rechazo al IVA\u201d.<\/p>\n<p>S\u00f3lo as\u00ed se comprende lo que el jefe de gobierno del DF quiere decir con que se esperan d\u00edas complejos para la ciudad y por el Primer Informe de Gobierno el 1 de septiembre, y cuando llama al gobierno federal a integrar una estrategia local y federal conjunta en los operativos durante las movilizaciones de \u201c25 mil, 30 mil o m\u00e1s personas\u201d.<\/p>\n<p>El pron\u00f3stico es reservado pues, ciertamente, la tormenta apenas empieza. Usted, \u00bftiene su buen paraguas?<\/p>\n<p><em><a href=\"mailto: maganapalace@yahoo.com.mx\" target=\"_blank\">maganapalace@yahoo.com.mx<\/a><\/em><\/p>\n","protected":false},"excerpt":{"rendered":"<p><span style=\"color: #005497;\"><strong>Juan Manuel Maga\u00f1a<\/strong><\/span><\/p>\n","protected":false},"author":3,"featured_media":0,"comment_status":"open","ping_status":"open","sticky":false,"template":"","format":"standard","meta":{"_monsterinsights_skip_tracking":false,"_monsterinsights_sitenote_active":false,"_monsterinsights_sitenote_note":"","_monsterinsights_sitenote_category":0,"footnotes":""},"categories":[22905],"tags":[43709,3676,43674,22904],"class_list":["post-145351","post","type-post","status-publish","format-standard","hentry","category-juan-manuel-magana","tag-juan-manuel-magana","tag-miguel-angel-osorio-chong","tag-opinion","tag-politica-spot"],"_links":{"self":[{"href":"https:\/\/www.diarioimagen.net\/index.php?rest_route=\/wp\/v2\/posts\/145351","targetHints":{"allow":["GET"]}}],"collection":[{"href":"https:\/\/www.diarioimagen.net\/index.php?rest_route=\/wp\/v2\/posts"}],"about":[{"href":"https:\/\/www.diarioimagen.net\/index.php?rest_route=\/wp\/v2\/types\/post"}],"author":[{"embeddable":true,"href":"https:\/\/www.diarioimagen.net\/index.php?rest_route=\/wp\/v2\/users\/3"}],"replies":[{"embeddable":true,"href":"https:\/\/www.diarioimagen.net\/index.php?rest_route=%2Fwp%2Fv2%2Fcomments&post=145351"}],"version-history":[{"count":0,"href":"https:\/\/www.diarioimagen.net\/index.php?rest_route=\/wp\/v2\/posts\/145351\/revisions"}],"wp:attachment":[{"href":"https:\/\/www.diarioimagen.net\/index.php?rest_route=%2Fwp%2Fv2%2Fmedia&parent=145351"}],"wp:term":[{"taxonomy":"category","embeddable":true,"href":"https:\/\/www.diarioimagen.net\/index.php?rest_route=%2Fwp%2Fv2%2Fcategories&post=145351"},{"taxonomy":"post_tag","embeddable":true,"href":"https:\/\/www.diarioimagen.net\/index.php?rest_route=%2Fwp%2Fv2%2Ftags&post=145351"}],"curies":[{"name":"wp","href":"https:\/\/api.w.org\/{rel}","templated":true}]}}