{"id":145360,"date":"2013-08-28T00:05:01","date_gmt":"2013-08-28T05:05:01","guid":{"rendered":"http:\/\/www.diarioimagen.net\/?p=145360"},"modified":"2013-08-29T04:26:13","modified_gmt":"2013-08-29T09:26:13","slug":"el-caso-heaven-proximo-a-cerrarse-dice-mancera","status":"publish","type":"post","link":"https:\/\/www.diarioimagen.net\/?p=145360","title":{"rendered":"El caso Heaven, pr\u00f3ximo a cerrarse, dice Mancera"},"content":{"rendered":"<ul>\n<li><strong><em>El jefe del GDF afirma que se han dado importantes pasos en la investigaci\u00f3n por la desaparici\u00f3n de 12 j\u00f3venes tepite\u00f1os<\/em><\/strong><\/li>\n<\/ul>\n<div id=\"attachment_145371\" style=\"width: 250px\" class=\"wp-caption alignleft\"><a href=\"http:\/\/www.diarioimagen.net\/wp-content\/uploads\/2013\/08\/Heaven-2173.jpg\"><img loading=\"lazy\" decoding=\"async\" aria-describedby=\"caption-attachment-145371\" class=\"size-medium wp-image-145371\" alt=\"El caso de los j\u00f3venes desaparecidos arranc\u00f3 lo que es el proceso penal, pues falta detener a los autores intelectuales y materiales.\" src=\"http:\/\/www.diarioimagen.net\/wp-content\/uploads\/2013\/08\/Heaven-2173-240x135.jpg\" width=\"240\" height=\"135\" srcset=\"https:\/\/www.diarioimagen.net\/wp-content\/uploads\/2013\/08\/Heaven-2173-240x135.jpg 240w, https:\/\/www.diarioimagen.net\/wp-content\/uploads\/2013\/08\/Heaven-2173-420x236.jpg 420w, https:\/\/www.diarioimagen.net\/wp-content\/uploads\/2013\/08\/Heaven-2173-235x132.jpg 235w, https:\/\/www.diarioimagen.net\/wp-content\/uploads\/2013\/08\/Heaven-2173-202x114.jpg 202w, https:\/\/www.diarioimagen.net\/wp-content\/uploads\/2013\/08\/Heaven-2173-350x196.jpg 350w, https:\/\/www.diarioimagen.net\/wp-content\/uploads\/2013\/08\/Heaven-2173-220x123.jpg 220w, https:\/\/www.diarioimagen.net\/wp-content\/uploads\/2013\/08\/Heaven-2173-237x132.jpg 237w, https:\/\/www.diarioimagen.net\/wp-content\/uploads\/2013\/08\/Heaven-2173.jpg 480w\" sizes=\"auto, (max-width: 240px) 100vw, 240px\" \/><\/a><p id=\"caption-attachment-145371\" class=\"wp-caption-text\">El caso de los j\u00f3venes desaparecidos arranc\u00f3 lo que es el proceso penal, pues falta detener a los autores intelectuales y materiales.<\/p><\/div>\n<p>Mientras el jefe de gobierno del Distrito Federal, Miguel \u00c1ngel Mancera, asegur\u00f3 que el caso Heaven est\u00e1 pronto a resolverse, el magistrado presidente del Tribunal Superior de Justicia del Distrito Federal (TSJDF), Edgar El\u00edas Azar, se\u00f1al\u00f3 que este hecho no debe marcar a la ciudad.<\/p>\n<p>Mancera explic\u00f3 que tras la localizaci\u00f3n de las v\u00edctimas en una fosa clandestina en un rancho de Tlalmanalco, Estado de M\u00e9xico, s\u00f3lo falta capturar a todos los responsables e iniciarles un proceso penal.<\/p>\n<p>En conferencia de prensa, el mandatario capitalino extern\u00f3 que hay resultados en la indagatoria y con lo que el lunes se dio a conocer se dio un \u201cpaso muy importante\u201d.<\/p>\n<p>Ese d\u00eda el procurador capitalino revel\u00f3 que el m\u00f3vil de la desaparici\u00f3n de los 12 j\u00f3venes del antro Heaven fue la venganza entre grupos de narcomenudistas por el asesinato de Horacio Vite \u201cEl Chaparro\u201d, frente al bar Black en la colonia Condesa.<\/p>\n<p>Por su parte, Edgar El\u00edas Azar, presidente del TSJDF, mencion\u00f3 que la Procuradur\u00eda capitalina realiza \u201cun trabajo impecable\u201d en todas las investigaciones del caso y en general todas sus indagatorias, es que los jueces\u00a0 han concedido todas las \u00f3rdenes de arraigo y \u00f3rdenes de aprehensi\u00f3n.<\/p>\n<p>Dijo que el caso Heaven es un asunto aislado y que la Procuradur\u00eda no escatima en nada para aclarar los hechos.<\/p>\n<p>\u201cLo que pas\u00f3 en el asunto del Heaven es muy lamentable, la desaparici\u00f3n de una de dos o de 200 personas es muy penoso, desde el punto de vista \u00e9tico, jur\u00eddico, social y pol\u00edtico, pero lo que les quiero decir que este hecho aislado no tiene por qu\u00e9 marcar a nuestra ciudad\u201d, se\u00f1al\u00f3 el magistrado.<\/p>\n<p>Adem\u00e1s que \u201ces un hecho aislado que la autoridad investigadora, la Procuradur\u00eda lo est\u00e1 enfrentando con mucha valent\u00eda, no est\u00e1 escatimando recursos en este tema. El jefe de gobierno instruy\u00f3 puntualmente para que se investigara. Todo el poder y potencialidad de la Procuradur\u00eda est\u00e1 volcada en este asunto que tiene tan preocupada a la ciudadan\u00eda.\u201d<\/p>\n<p>En tanto, el titular de la CDHDF, Luis Gonz\u00e1lez Placencia, reiter\u00f3 que contin\u00faan atendiendo a familiares de las v\u00edctimas del bar Heaven, y eval\u00faan el impacto que pudo haber tenido en los parientes la filtraci\u00f3n de informaci\u00f3n a los medios sobre el caso.<b><\/b><\/p>\n<p>&nbsp;<\/p>\n","protected":false},"excerpt":{"rendered":"<p>Mientras el jefe de gobierno del Distrito Federal, Miguel \u00c1ngel Mancera, asegur\u00f3 que el caso Heaven est\u00e1 pronto a resolverse, el magistrado presidente del Tribunal Superior de Justicia del Distrito Federal (TSJDF), Edgar El\u00edas Azar, se\u00f1al\u00f3 que este hecho no debe marcar a la ciudad.<\/p>\n","protected":false},"author":3,"featured_media":145371,"comment_status":"open","ping_status":"open","sticky":false,"template":"","format":"standard","meta":{"_monsterinsights_skip_tracking":false,"_monsterinsights_sitenote_active":false,"_monsterinsights_sitenote_note":"","_monsterinsights_sitenote_category":0,"footnotes":""},"categories":[17,7],"tags":[204,39,27177,5314,2942],"class_list":["post-145360","post","type-post","status-publish","format-standard","has-post-thumbnail","hentry","category-especiales","category-seguridad","tag-ciudad-de-mexico","tag-distrito-federal","tag-heaven","tag-miguel-angel-mancera-espinosa","tag-tribunal-superior-de-justicia-del-distrito-federal"],"_links":{"self":[{"href":"https:\/\/www.diarioimagen.net\/index.php?rest_route=\/wp\/v2\/posts\/145360","targetHints":{"allow":["GET"]}}],"collection":[{"href":"https:\/\/www.diarioimagen.net\/index.php?rest_route=\/wp\/v2\/posts"}],"about":[{"href":"https:\/\/www.diarioimagen.net\/index.php?rest_route=\/wp\/v2\/types\/post"}],"author":[{"embeddable":true,"href":"https:\/\/www.diarioimagen.net\/index.php?rest_route=\/wp\/v2\/users\/3"}],"replies":[{"embeddable":true,"href":"https:\/\/www.diarioimagen.net\/index.php?rest_route=%2Fwp%2Fv2%2Fcomments&post=145360"}],"version-history":[{"count":0,"href":"https:\/\/www.diarioimagen.net\/index.php?rest_route=\/wp\/v2\/posts\/145360\/revisions"}],"wp:featuredmedia":[{"embeddable":true,"href":"https:\/\/www.diarioimagen.net\/index.php?rest_route=\/wp\/v2\/media\/145371"}],"wp:attachment":[{"href":"https:\/\/www.diarioimagen.net\/index.php?rest_route=%2Fwp%2Fv2%2Fmedia&parent=145360"}],"wp:term":[{"taxonomy":"category","embeddable":true,"href":"https:\/\/www.diarioimagen.net\/index.php?rest_route=%2Fwp%2Fv2%2Fcategories&post=145360"},{"taxonomy":"post_tag","embeddable":true,"href":"https:\/\/www.diarioimagen.net\/index.php?rest_route=%2Fwp%2Fv2%2Ftags&post=145360"}],"curies":[{"name":"wp","href":"https:\/\/api.w.org\/{rel}","templated":true}]}}