{"id":145466,"date":"2013-08-29T00:03:13","date_gmt":"2013-08-29T05:03:13","guid":{"rendered":"http:\/\/www.diarioimagen.net\/?p=145466"},"modified":"2013-09-01T05:05:01","modified_gmt":"2013-09-01T10:05:01","slug":"ordenan-reabrir-el-caso-guarderia-abc","status":"publish","type":"post","link":"https:\/\/www.diarioimagen.net\/?p=145466","title":{"rendered":"Ordenan reabrir el caso guarder\u00eda ABC"},"content":{"rendered":"<ul>\n<li><strong><em>Juez concedi\u00f3 amparo a familiares de v\u00edctimas; PGR deber\u00e1 investigar a Bours y Juan Molinar<\/em><\/strong><\/li>\n<\/ul>\n<div id=\"attachment_145467\" style=\"width: 250px\" class=\"wp-caption alignleft\"><a href=\"http:\/\/www.diarioimagen.net\/wp-content\/uploads\/2013\/08\/ABC-PORTAL.jpg\"><img loading=\"lazy\" decoding=\"async\" aria-describedby=\"caption-attachment-145467\" class=\"size-medium wp-image-145467 \" alt=\"Ante el caso ABC, la PGR realiz\u00f3 al menos 50 diligencias y desahog\u00f3 al menos un centenar de pruebas, la mayor\u00eda de ellas periciales y testimoniales.\" src=\"http:\/\/www.diarioimagen.net\/wp-content\/uploads\/2013\/08\/ABC-PORTAL-240x135.jpg\" width=\"240\" height=\"135\" srcset=\"https:\/\/www.diarioimagen.net\/wp-content\/uploads\/2013\/08\/ABC-PORTAL-240x135.jpg 240w, https:\/\/www.diarioimagen.net\/wp-content\/uploads\/2013\/08\/ABC-PORTAL-420x236.jpg 420w, https:\/\/www.diarioimagen.net\/wp-content\/uploads\/2013\/08\/ABC-PORTAL-235x132.jpg 235w, https:\/\/www.diarioimagen.net\/wp-content\/uploads\/2013\/08\/ABC-PORTAL-202x114.jpg 202w, https:\/\/www.diarioimagen.net\/wp-content\/uploads\/2013\/08\/ABC-PORTAL-350x196.jpg 350w, https:\/\/www.diarioimagen.net\/wp-content\/uploads\/2013\/08\/ABC-PORTAL-220x123.jpg 220w, https:\/\/www.diarioimagen.net\/wp-content\/uploads\/2013\/08\/ABC-PORTAL-237x132.jpg 237w, https:\/\/www.diarioimagen.net\/wp-content\/uploads\/2013\/08\/ABC-PORTAL.jpg 480w\" sizes=\"auto, (max-width: 240px) 100vw, 240px\" \/><\/a><p id=\"caption-attachment-145467\" class=\"wp-caption-text\">La PGR orden\u00f3 investigar nuevamente al ex gobernador de Sonora, Eduardo Bours y al ex director del IMSS, Juan Molinar Horcasitas, ambos por el caso de la guarder\u00eda ABC.<\/p><\/div>\n<p>Un juzgado federal con sede en Hermosillo, Sonora, concedi\u00f3 un amparo a los familiares de las v\u00edctimas del incendio de la guarder\u00eda ABC, y orden\u00f3 a la Procuradur\u00eda General de la Rep\u00fablica reabrir la investigaci\u00f3n en contra del ex gobernador Eduardo Bours, y del ex director del IMSS Juan Molinar Horcasitas, para que se desahoguen todas las pruebas que existan en torno a esos hechos.<\/p>\n<p>Fuentes del Poder Judicial federal se\u00f1alaron que el juzgado primero de distrito con sede en Hermosillo comunic\u00f3 a los quejosos su resoluci\u00f3n as\u00ed como al ministerio p\u00fablico federal. As\u00ed, una vez que cause ejecutoria la sentencia, es decir, que se cumplan los plazos establecidos por la Ley sin que exista una impugnaci\u00f3n de la misma, la PGR reinicie las pesquisas.<\/p>\n<p>Es posible que la autoridad ministerial se inconforme con este amparo y pida a este colegiado que revise la sentencia en segunda instancia judicial.<\/p>\n<p>Fue en junio de 2012, cuando los familiares de las v\u00edctimas del incendio interpusieron una demanda de amparo en contra de la decisi\u00f3n de la PGR, un mes antes, de no ejercicio de la acci\u00f3n penal a favor de Bours y de Molinar Horcasitas. En mayo, fiscales de la PGR concluyeron que a partir de las pruebas recabadas era imposible pedir \u00f3rdenes de aprehensi\u00f3n contra ambos ex servidores p\u00fablicos y procedi\u00f3 a archivar las investigaciones del caso ABC.<\/p>\n<p>Ahora, el juzgado primero de distrito de Sonora, a cargo del juez Ra\u00fal Mart\u00ednez, consider\u00f3 que la PGR soslay\u00f3 diversas pruebas que pudieron haber modificado el curso del resultado de las pesquisas, mismas que a\u00fan no son del conocimiento de la opini\u00f3n p\u00fablica, puesto que ni los abogados de las v\u00edctimas ni la propia PGR se han pronunciado al respecto.<\/p>\n","protected":false},"excerpt":{"rendered":"<p>Un juzgado federal con sede en Hermosillo, Sonora, concedi\u00f3 un amparo a los familiares de las v\u00edctimas del incendio de la guarder\u00eda ABC, y orden\u00f3 a la Procuradur\u00eda General de la Rep\u00fablica reabrir la investigaci\u00f3n en contra del ex gobernador Eduardo Bours, y del ex director del IMSS Juan Molinar Horcasitas, para que se desahoguen todas las pruebas que existan en torno a esos hechos.<\/p>\n","protected":false},"author":5,"featured_media":145467,"comment_status":"open","ping_status":"open","sticky":false,"template":"","format":"standard","meta":{"_monsterinsights_skip_tracking":false,"_monsterinsights_sitenote_active":false,"_monsterinsights_sitenote_note":"","_monsterinsights_sitenote_category":0,"footnotes":""},"categories":[3],"tags":[8337,4515,632,232,27887,49],"class_list":["post-145466","post","type-post","status-publish","format-standard","has-post-thumbnail","hentry","category-nacional","tag-guarderia","tag-hermosillo","tag-juan-molinar-horcasitas","tag-pgr","tag-procuraduria-general-de-la-republica","tag-sonora"],"_links":{"self":[{"href":"https:\/\/www.diarioimagen.net\/index.php?rest_route=\/wp\/v2\/posts\/145466","targetHints":{"allow":["GET"]}}],"collection":[{"href":"https:\/\/www.diarioimagen.net\/index.php?rest_route=\/wp\/v2\/posts"}],"about":[{"href":"https:\/\/www.diarioimagen.net\/index.php?rest_route=\/wp\/v2\/types\/post"}],"author":[{"embeddable":true,"href":"https:\/\/www.diarioimagen.net\/index.php?rest_route=\/wp\/v2\/users\/5"}],"replies":[{"embeddable":true,"href":"https:\/\/www.diarioimagen.net\/index.php?rest_route=%2Fwp%2Fv2%2Fcomments&post=145466"}],"version-history":[{"count":0,"href":"https:\/\/www.diarioimagen.net\/index.php?rest_route=\/wp\/v2\/posts\/145466\/revisions"}],"wp:featuredmedia":[{"embeddable":true,"href":"https:\/\/www.diarioimagen.net\/index.php?rest_route=\/wp\/v2\/media\/145467"}],"wp:attachment":[{"href":"https:\/\/www.diarioimagen.net\/index.php?rest_route=%2Fwp%2Fv2%2Fmedia&parent=145466"}],"wp:term":[{"taxonomy":"category","embeddable":true,"href":"https:\/\/www.diarioimagen.net\/index.php?rest_route=%2Fwp%2Fv2%2Fcategories&post=145466"},{"taxonomy":"post_tag","embeddable":true,"href":"https:\/\/www.diarioimagen.net\/index.php?rest_route=%2Fwp%2Fv2%2Ftags&post=145466"}],"curies":[{"name":"wp","href":"https:\/\/api.w.org\/{rel}","templated":true}]}}