{"id":145471,"date":"2013-08-29T00:07:10","date_gmt":"2013-08-29T05:07:10","guid":{"rendered":"http:\/\/www.diarioimagen.net\/?p=145471"},"modified":"2013-09-01T05:03:45","modified_gmt":"2013-09-01T10:03:45","slug":"reconocimiento-del-club-primera-plana","status":"publish","type":"post","link":"https:\/\/www.diarioimagen.net\/?p=145471","title":{"rendered":"Reconocimiento del Club Primera Plana"},"content":{"rendered":"<ul>\n<li><strong><em>A la trayectoria de Jos\u00e9 Luis Monta\u00f1ez Aguilar<\/em><\/strong><\/li>\n<\/ul>\n<h6>\u00a0\u00c1ngel Soriano<\/h6>\n<div id=\"attachment_145480\" style=\"width: 250px\" class=\"wp-caption alignleft\"><a href=\"http:\/\/www.diarioimagen.net\/wp-content\/uploads\/2013\/08\/JoseLuis-2174.jpg\"><img loading=\"lazy\" decoding=\"async\" aria-describedby=\"caption-attachment-145480\" class=\"size-medium wp-image-145480\" alt=\"Por su exitosa trayectoria period\u00edstica de 40 a\u00f1os, nuestro director general de DIARIOIMAGEN, ser\u00e1 reconocido.\" src=\"http:\/\/www.diarioimagen.net\/wp-content\/uploads\/2013\/08\/JoseLuis-2174-240x135.jpg\" width=\"240\" height=\"135\" srcset=\"https:\/\/www.diarioimagen.net\/wp-content\/uploads\/2013\/08\/JoseLuis-2174-240x135.jpg 240w, https:\/\/www.diarioimagen.net\/wp-content\/uploads\/2013\/08\/JoseLuis-2174-420x236.jpg 420w, https:\/\/www.diarioimagen.net\/wp-content\/uploads\/2013\/08\/JoseLuis-2174-235x132.jpg 235w, https:\/\/www.diarioimagen.net\/wp-content\/uploads\/2013\/08\/JoseLuis-2174-202x114.jpg 202w, https:\/\/www.diarioimagen.net\/wp-content\/uploads\/2013\/08\/JoseLuis-2174-350x196.jpg 350w, https:\/\/www.diarioimagen.net\/wp-content\/uploads\/2013\/08\/JoseLuis-2174-220x123.jpg 220w, https:\/\/www.diarioimagen.net\/wp-content\/uploads\/2013\/08\/JoseLuis-2174-237x132.jpg 237w, https:\/\/www.diarioimagen.net\/wp-content\/uploads\/2013\/08\/JoseLuis-2174.jpg 480w\" sizes=\"auto, (max-width: 240px) 100vw, 240px\" \/><\/a><p id=\"caption-attachment-145480\" class=\"wp-caption-text\">Por su exitosa trayectoria period\u00edstica de 40 a\u00f1os, nuestro director general de DIARIOIMAGEN, ser\u00e1 reconocido.<\/p><\/div>\n<p>En el marco de la celebraci\u00f3n de su LIV Aniversario, el Club Primera Plana entregar\u00e1 hoy reconocimientos a la trayectoria period\u00edstica de compa\u00f1eros que cumplen 25 o m\u00e1s a\u00f1os en el ejercicio profesional, durante una ceremonia a la que acudir\u00e1n invitados especiales de la administraci\u00f3n p\u00fablica federal, estatal, municipal, del \u00e1mbito universitario y acad\u00e9mico, as\u00ed como de reconocidos artistas como la muy querida actriz Carmen Salinas.<\/p>\n<p>Se trata de un reconocimiento\u00a0 entre pares, de periodistas a periodistas, de una de las organizaciones de periodistas de mayor prestigio, fundada por antiguos jefes de redacci\u00f3n de los diarios de la ciudad de M\u00e9xico, y que a lo largo de 54 a\u00f1os se ha mantenido con una incuestionable autoridad moral al agrupar entre sus filas a los m\u00e1s destacados comunicadores de prensa, radio y televisi\u00f3n.<\/p>\n<p>Entre los galardonados se encuentra el director general del <b>DIARIOIMAGEN, <\/b>Jos\u00e9 Luis Monta\u00f1ez Aguilar, fundador de diarios y revistas, ex reportero de <i>Exc\u00e9lsior<\/i>, con una amplia trayectoria period\u00edstica, desempe\u00f1\u00e1ndose actualmente como director y columnista de <b>DIARIOIMAGEN<\/b>.<\/p>\n<p>Llegar\u00e1n periodistas de todo el pa\u00eds, asociaciones integrantes de la Federaci\u00f3n de Asociaciones de Periodistas de M\u00e9xico (FAPERMEX) as\u00ed como de organizaciones gremiales a nivel internacional. Entre los invitados se encuentra tambi\u00e9n el periodista \u00c1ngel Soriano Carrasco, presidente del Club de Periodistas de Antequera, A.C. as\u00ed como una delegaci\u00f3n de periodistas oaxaque\u00f1os.<\/p>\n<p>La entrega de una placa conmemorativa y la presencia de comunicadores del interior del pa\u00eds y de la ciudad de M\u00e9xico, mezclado con la presencia de jefes de prensa y coordinadores de comunicaci\u00f3n social de todos los niveles de gobierno, dirigentes sociales, funcionarios y pol\u00edticos, quienes cultivan una amistad profesional con los comunicadores, hace de \u00e9sta celebraci\u00f3n \u00fanica en el \u00e1mbito pol\u00edtico-period\u00edstico de este pa\u00eds.<\/p>\n<p>Entre los invitados especiales se encuentran tambi\u00e9n el Jefe de Gobierno del Distrito Federal, Miguel \u00c1ngel Mancera, as\u00ed como el gobernador del Estado de M\u00e9xico, Eruviel \u00c1vila Villegas, y mandatarios de otros estados, as\u00ed como funcionarios p\u00fablicos y dirigentes de universidades p\u00fablicas y privadas.<\/p>\n<p>&nbsp;<\/p>\n","protected":false},"excerpt":{"rendered":"<p>En el marco de la celebraci\u00f3n de su LIV Aniversario, el Club Primera Plana entregar\u00e1 hoy reconocimientos a la trayectoria period\u00edstica de compa\u00f1eros que cumplen 25 o m\u00e1s a\u00f1os en el ejercicio profesional, durante una ceremonia a la que acudir\u00e1n invitados especiales de la administraci\u00f3n p\u00fablica federal, estatal, municipal, del \u00e1mbito universitario y acad\u00e9mico, as\u00ed como de reconocidos artistas como la muy querida actriz Carmen Salinas.<\/p>\n","protected":false},"author":3,"featured_media":145480,"comment_status":"open","ping_status":"open","sticky":false,"template":"","format":"standard","meta":{"_monsterinsights_skip_tracking":false,"_monsterinsights_sitenote_active":false,"_monsterinsights_sitenote_note":"","_monsterinsights_sitenote_category":0,"footnotes":""},"categories":[3],"tags":[85,28111,65,43704,12862],"class_list":["post-145471","post","type-post","status-publish","format-standard","has-post-thumbnail","hentry","category-nacional","tag-angel-soriano","tag-club-primera-plana","tag-diario-imagen","tag-jose-luis-montanez-aguilar","tag-reconocimiento"],"_links":{"self":[{"href":"https:\/\/www.diarioimagen.net\/index.php?rest_route=\/wp\/v2\/posts\/145471","targetHints":{"allow":["GET"]}}],"collection":[{"href":"https:\/\/www.diarioimagen.net\/index.php?rest_route=\/wp\/v2\/posts"}],"about":[{"href":"https:\/\/www.diarioimagen.net\/index.php?rest_route=\/wp\/v2\/types\/post"}],"author":[{"embeddable":true,"href":"https:\/\/www.diarioimagen.net\/index.php?rest_route=\/wp\/v2\/users\/3"}],"replies":[{"embeddable":true,"href":"https:\/\/www.diarioimagen.net\/index.php?rest_route=%2Fwp%2Fv2%2Fcomments&post=145471"}],"version-history":[{"count":0,"href":"https:\/\/www.diarioimagen.net\/index.php?rest_route=\/wp\/v2\/posts\/145471\/revisions"}],"wp:featuredmedia":[{"embeddable":true,"href":"https:\/\/www.diarioimagen.net\/index.php?rest_route=\/wp\/v2\/media\/145480"}],"wp:attachment":[{"href":"https:\/\/www.diarioimagen.net\/index.php?rest_route=%2Fwp%2Fv2%2Fmedia&parent=145471"}],"wp:term":[{"taxonomy":"category","embeddable":true,"href":"https:\/\/www.diarioimagen.net\/index.php?rest_route=%2Fwp%2Fv2%2Fcategories&post=145471"},{"taxonomy":"post_tag","embeddable":true,"href":"https:\/\/www.diarioimagen.net\/index.php?rest_route=%2Fwp%2Fv2%2Ftags&post=145471"}],"curies":[{"name":"wp","href":"https:\/\/api.w.org\/{rel}","templated":true}]}}