{"id":145484,"date":"2013-08-29T00:07:25","date_gmt":"2013-08-29T05:07:25","guid":{"rendered":"http:\/\/www.diarioimagen.net\/?p=145484"},"modified":"2013-08-30T02:33:56","modified_gmt":"2013-08-30T07:33:56","slug":"el-choque-maestros-gobierno-inevitable","status":"publish","type":"post","link":"https:\/\/www.diarioimagen.net\/?p=145484","title":{"rendered":"El choque maestros-gobierno, \u00bfinevitable?"},"content":{"rendered":"<h2>Tras la puerta del poder<\/h2>\n<h5>Roberto Vizca\u00edno<\/h5>\n<p>&nbsp;<\/p>\n<ul>\n<li><strong><i>Todo est\u00e1 puesto para que el camino respecto de los docentes que agobian al DF, sea el de la fuerza<\/i><\/strong><\/li>\n<li><strong><i>Cordero se despide y dice que va al Bronx y a buscar ser el pr\u00f3ximo presidente del PAN<\/i><\/strong><\/li>\n<li><strong><i>Un informe de Pemex al Senado indica que hay una baja importante en sus ingresos<\/i><\/strong><\/li>\n<\/ul>\n<div id=\"attachment_145511\" style=\"width: 250px\" class=\"wp-caption alignleft\"><a href=\"http:\/\/www.diarioimagen.net\/wp-content\/uploads\/2013\/08\/SE-REPRODUCEN-trizas-2174.jpg\"><img loading=\"lazy\" decoding=\"async\" aria-describedby=\"caption-attachment-145511\" class=\"size-medium wp-image-145511\" alt=\"Se reproducen... | Trizas\" src=\"http:\/\/www.diarioimagen.net\/wp-content\/uploads\/2013\/08\/SE-REPRODUCEN-trizas-2174-240x197.jpg\" width=\"240\" height=\"197\" srcset=\"https:\/\/www.diarioimagen.net\/wp-content\/uploads\/2013\/08\/SE-REPRODUCEN-trizas-2174-240x197.jpg 240w, https:\/\/www.diarioimagen.net\/wp-content\/uploads\/2013\/08\/SE-REPRODUCEN-trizas-2174-420x346.jpg 420w, https:\/\/www.diarioimagen.net\/wp-content\/uploads\/2013\/08\/SE-REPRODUCEN-trizas-2174.jpg 700w\" sizes=\"auto, (max-width: 240px) 100vw, 240px\" \/><\/a><p id=\"caption-attachment-145511\" class=\"wp-caption-text\">Se reproducen&#8230; | Trizas<\/p><\/div>\n<p>El activismo, la violencia y los niveles de da\u00f1o hecho tanto al Congreso como a la ciudad de M\u00e9xico y sus muchos millones de habitantes, visitantes y otros mexicanos de la Zona Metropolitana y realizados por las dirigencias de la Coordinadora Nacional de Trabajadores de la Educaci\u00f3n han puesto y mantienen hoy contra la pared a las principales autoridades del pa\u00eds.<\/p>\n<p>Los golpes de protesta dados por los miles de maestros venidos desde Oaxaca, Guerrero, Michoac\u00e1n y Chiapas y concentrados en el DF pr\u00e1cticamente no le dejan al Estado m\u00e1s que el camino de la respuesta de fuerza.<\/p>\n<p>A cada nuevo bloqueo, crece la exigencia ciudadana de una intervenci\u00f3n ya, ahora mismo, de la autoridad.<\/p>\n<p>Y mientras las horas pasan, los d\u00edas se suceden y los maestros realizan nuevos paros y tomas de avenidas principales y perif\u00e9ricos, intentan sitiar de nuevo instalaciones legislativas o cierran el paso al aeropuerto, se acercan los d\u00edas fundamentales de septiembre.<\/p>\n<p>Junto con este acortamiento de tiempos los enterados y los ciudadanos se preguntan:<\/p>\n<p>\u00bfQu\u00e9 va a pasar el domingo 1 en que la Constituci\u00f3n se\u00f1ala que se deber\u00e1 realizar la sesi\u00f3n de Congreso General para que comiencen a operar y trabajar las c\u00e1maras de Diputados y la de Senadores?,<\/p>\n<p>\u00bfLos maestros de la coordinadora van a \u00a0sitiar y a ahogar de nuevo San L\u00e1zaro y el Senado?<\/p>\n<p>&#8211; \u00bfVa a poder el presidente Enrique Pe\u00f1a Nieto entregar su Primer Informe de Gobierno como lo establece la Carta Magna y despu\u00e9s podr\u00e1 dar su mensaje a la naci\u00f3n desde el Campo Marte como est\u00e1 previsto?<\/p>\n<p>Hay indicios claros de que a los de la Coordinadora se les agot\u00f3 el espacio de la negociaci\u00f3n y ahora viene el de la aplicaci\u00f3n de la ley.<\/p>\n<p>\u00bfSon muchos y muy aguerridos? Eso forma parte del reto principal que deber\u00e1 solucionar de la mejor manera el presidente Pe\u00f1a Nieto.<\/p>\n<p>Por lo pronto, la mesa de negociaci\u00f3n y di\u00e1logo que manten\u00eda la Coordinadora con senadores y diputados del PRI y PRD ya concluy\u00f3.<\/p>\n<p>Tanto Emilio Gamboa como Manlio Fabio Beltrones indicaron ayer que los maestros son puro rollo y cero propuesta.<\/p>\n<p>El diputado perredista Silvano Aureoles pidi\u00f3 a los pri\u00edstas no levantarse de la mesa y seguir con la negociaci\u00f3n. Pero Gamboa ha dicho que simplemente no tiene sentido, pues los de la Coordinadora no presentan ninguna propuesta. Beltrones por su parte ha explicado que los maestros son buenos para el discurso, pero malos para presentar una propuesta por escrito.<\/p>\n<p>Adem\u00e1s lo que han dicho que quieren -derogar la reforma educativa aprobada-, es algo simplemente irreal e imposible de cumplirles.<\/p>\n<p>En este escenario al parecer el choque gobierno- Coordinadora es inevitable.<\/p>\n<p>Faltan horas para ver qu\u00e9 camino siguen ambos.<\/p>\n<p align=\"center\">\u00a0<b>SALE CORDERO<\/b><\/p>\n<p>En este contexto diputados y senadores se preparan para elegir e instalar ma\u00f1ana viernes las nuevas mesas directivas en San L\u00e1zaro y en el Senado.<\/p>\n<p>Ha trascendido que la presidencia que hoy ocupa el pri\u00edsta guanajuatense Francisco Arroyo Vieyra en la C\u00e1mara de Diputados ser\u00e1 encabezada por el panista queretano Ricardo Anaya, perfectamente vinculado al l\u00edder nacional de su partido, el chihuahuense Gustavo Madero.<\/p>\n<p>En la C\u00e1mara de Senadores el panista-calderonista Ernesto Cordero finalmente deja la presidencia y su lugar ser\u00e1 ocupado por un pri\u00edsta cuyo nombre todav\u00eda no est\u00e1 definido.<\/p>\n<p>Se dice que el PRI podr\u00eda enviar a la senadora Cristina D\u00edaz Salazar, ex secretaria general y ex presidenta del CEN del PRI y reci\u00e9n nombrada dirigente de la CNOP.<\/p>\n<p>Igual se dice que podr\u00eda quedar el sonorense Ernesto G\u00e1ndara o el constitucionalista Ra\u00fal Cervantes as\u00ed como el queretano Enrique Burgos.<\/p>\n<p>Pero el m\u00e1s mencionado de todos es el propio Emilio Gamboa, coordinador de la fracci\u00f3n.<\/p>\n<p>Hay una pr\u00e1ctica entre los tricolores para que el coordinador no ocupe la presidencia de su C\u00e1mara, pero hoy los tiempos de reformas y crisis magisteriales podr\u00edan hacer cambiar eso en la bancada del PRI en el Senado y decidir que ambas posiciones las ocupe Gamboa. Cualquiera que sea la decisi\u00f3n, esa se ver\u00e1 ma\u00f1ana viernes.<\/p>\n<p align=\"center\"><b>SEGUIR\u00c1 DE SABOTEADOR<\/b><\/p>\n<p>En una comida con los reporteros de la \u201cfuente\u201d, Ernesto Cordero dijo que al salir de la presidencia del Senado, y sin tener ninguna presidencia de Comisi\u00f3n, se va a formar parte de los senadores del Bronx.<\/p>\n<p>Sabe Cordero que tradicionalmente se les califica as\u00ed a aquellos legisladores que se la pasan en el sabotaje y el conflicto. Son los que siempre est\u00e1n en contra.<\/p>\n<p>\u201cNos van a extra\u00f1ar\u201d, pronostic\u00f3. Pero a la vez revel\u00f3 que en su nueva ruta como simple senador, va a seguir \u201csiendo parte de un Senado que ha defendido la dignidad del Congreso\u201d.<\/p>\n<p>Y advirti\u00f3: \u201cigual nos vemos all\u00e1 en \u00c1ngel Urraza\u2026 todo es posible\u201d para indicar que buscar\u00e1 la presidencia de Acci\u00f3n Nacional.<\/p>\n<p>Pero no falt\u00f3 alguien que le indicara que la sede nacional del PAN ya no estaba en la calle de \u00c1ngel Urraza, sino en la esquina de Avenida Coyoac\u00e1n y el eje Jos\u00e9 Mar\u00eda Rico, a lo que r\u00e1pido recompuso:<\/p>\n<p>\u201cNo, bueno, el partido est\u00e1 en \u00c1ngel Urraza \u00bfno, o ya me perd\u00ed? \u00a1Ah!&#8230; no es cierto, est\u00e1 en Jos\u00e9 Mar\u00eda Rico\u2026 antes estaba en \u00c1ngel Urraza, tienes toda la raz\u00f3n.<\/p>\n<p>\u201c\u2026 habr\u00e1 que valorar, ver cu\u00e1les son las alternativas, a m\u00ed me entusiasma mucho dirigir al PAN, me siento muy orgulloso de ser panista. Creo que hay muchos panistas que como yo creen en un proyecto de partido distinto al que tenemos hoy, con mucho mayor dignidad y estoy seguro que podemos construir un partido.<\/p>\n<p>\u201cYo creo que ahorita hay que hablar de proyectos, yo voy\u00a0 a construir mi proyecto, ya despu\u00e9s vemos los perfiles para ver qui\u00e9n es \u00e9l o la m\u00e1s adecuada para dirigir al PAN; de que me interesa, me interesa y mucho\u2026\u201d dijo.<\/p>\n<p align=\"center\">\u00a0<b>INFORME DE DEUDA<\/b><\/p>\n<p>Y mientras Cordero deja la presidencia y llega a ocuparla un pri\u00edsta, Pemex inform\u00f3 al Senado que al 30 de junio anterior su deuda total lleg\u00f3 a 741 mil\u00a0 903.6 millones de pesos, contra los 739 mil 210.5 millones de pesos registrada al cierre de 2012. Ello signific\u00f3 que la deuda total documentada creci\u00f3 en 2 mil 693.1 millones de peso.<\/p>\n<p>En ese reporte se indica que del total, 85 mil 852.7 millones de pesos corresponden a la deuda con vencimientos menores a 12 meses, y 654 mil 051 millones de pesos a compromisos de largo plazo.<\/p>\n<p>A su vez los ingresos totales fueron de 898 mil 134.1 millones de pesos, un 10.4 por ciento menos -65 mil 316 millones de pesos en t\u00e9rminos nominales-, respecto al primer semestre de 2012, y un 8.7 por ciento superior, es decir 71 mil 905.3 millones de pesos, al programa original.<\/p>\n<p>Los ingresos propios, luego de impuestos y mercanc\u00edas para reventa, fueron 5.5 por ciento menores respecto del primer semestre de 2012 y 7.7 por ciento m\u00e1s bajos en cuanto al programa<\/p>\n<p>En t\u00e9rminos generales el patrimonio de Pemex disminuy\u00f3 25.4 miles de millones de pesos (un 11.8 por ciento), debido \u201ca la p\u00e9rdida del ejercicio por 61.4 miles de millones de pesos con respecto a diciembre de 2012, compensado con la disminuci\u00f3n de p\u00e9rdidas de ejercicios anteriores por 35.5 miles de millones de pesos y participaci\u00f3n en el capital de otras subsidiarias por 0.4 miles de millones de pesos\u201d.<\/p>\n<p>El reporte, se indic\u00f3, fue enviado a las comisiones de Energ\u00eda de las c\u00e1maras de Senadores y de Diputados.<\/p>\n<p><em><a href=\"mailto:rvizcaino@gmail.com\" target=\"_blank\">rvizcaino@gmail.com<\/a><\/em><\/p>\n","protected":false},"excerpt":{"rendered":"<p><span style=\"color: #005497;\"><strong>Roberto Vizca\u00edno<\/strong><\/span><br \/>\n<br \/>\nEl activismo, la violencia y los niveles de da\u00f1o hecho tanto al Congreso como a la ciudad de M\u00e9xico y sus muchos millones de habitantes, visitantes y otros mexicanos de la Zona Metropolitana y realizados por las dirigencias de la Coordinadora Nacional de Trabajadores de la Educaci\u00f3n han puesto y mantienen hoy contra la pared a las principales autoridades del pa\u00eds.<\/p>\n","protected":false},"author":3,"featured_media":145511,"comment_status":"open","ping_status":"open","sticky":false,"template":"","format":"standard","meta":{"_monsterinsights_skip_tracking":false,"_monsterinsights_sitenote_active":false,"_monsterinsights_sitenote_note":"","_monsterinsights_sitenote_category":0,"footnotes":""},"categories":[136],"tags":[2269,2255,3244,803,491,43674,93,94],"class_list":["post-145484","post","type-post","status-publish","format-standard","has-post-thumbnail","hentry","category-roberto-vizcaino-opinion","tag-chiapas","tag-congreso-de-la-union","tag-guerrero","tag-michoacan","tag-oaxaca","tag-opinion","tag-roberto-vizcaino","tag-tras-la-puerta-del-poder"],"_links":{"self":[{"href":"https:\/\/www.diarioimagen.net\/index.php?rest_route=\/wp\/v2\/posts\/145484","targetHints":{"allow":["GET"]}}],"collection":[{"href":"https:\/\/www.diarioimagen.net\/index.php?rest_route=\/wp\/v2\/posts"}],"about":[{"href":"https:\/\/www.diarioimagen.net\/index.php?rest_route=\/wp\/v2\/types\/post"}],"author":[{"embeddable":true,"href":"https:\/\/www.diarioimagen.net\/index.php?rest_route=\/wp\/v2\/users\/3"}],"replies":[{"embeddable":true,"href":"https:\/\/www.diarioimagen.net\/index.php?rest_route=%2Fwp%2Fv2%2Fcomments&post=145484"}],"version-history":[{"count":0,"href":"https:\/\/www.diarioimagen.net\/index.php?rest_route=\/wp\/v2\/posts\/145484\/revisions"}],"wp:featuredmedia":[{"embeddable":true,"href":"https:\/\/www.diarioimagen.net\/index.php?rest_route=\/wp\/v2\/media\/145511"}],"wp:attachment":[{"href":"https:\/\/www.diarioimagen.net\/index.php?rest_route=%2Fwp%2Fv2%2Fmedia&parent=145484"}],"wp:term":[{"taxonomy":"category","embeddable":true,"href":"https:\/\/www.diarioimagen.net\/index.php?rest_route=%2Fwp%2Fv2%2Fcategories&post=145484"},{"taxonomy":"post_tag","embeddable":true,"href":"https:\/\/www.diarioimagen.net\/index.php?rest_route=%2Fwp%2Fv2%2Ftags&post=145484"}],"curies":[{"name":"wp","href":"https:\/\/api.w.org\/{rel}","templated":true}]}}