{"id":145494,"date":"2013-08-29T00:02:10","date_gmt":"2013-08-29T05:02:10","guid":{"rendered":"http:\/\/www.diarioimagen.net\/?p=145494"},"modified":"2013-08-30T02:58:23","modified_gmt":"2013-08-30T07:58:23","slug":"maestros-y-reforma-politica-del-df","status":"publish","type":"post","link":"https:\/\/www.diarioimagen.net\/?p=145494","title":{"rendered":"Maestros y reforma pol\u00edtica del DF"},"content":{"rendered":"<h2>Acta P\u00fablica<\/h2>\n<h5>Claudia Rodr\u00edguez<\/h5>\n<p><span><br \/>\nEs cierto que para muchos capitalinos las manifestaciones de los maestros agrupados en la Coordinadora Nacional de Trabajadores de la Educaci\u00f3n (CNTE), han sido no s\u00f3lo una molestia, tambi\u00e9n han provocado p\u00e9rdidas econ\u00f3micas.<\/span><\/p>\n<p>Pero quien crea que esto es moment\u00e1neo y no tendr\u00e1 repercusiones futuras, de verdad no entiende que todo se trata del llamado timming pol\u00edtico.<\/p>\n<p>La presencia y amago de los profesores quienes ya demostraron su fuerza al modificar a\u00fan moment\u00e1neamente la agenda legislativa y provocado incluso el cambio en varios escenarios futuros en la capital del pa\u00eds, se crece frente las instituciones.<\/p>\n<p>Para Miguel \u00c1ngel Mancera, jefe de Gobierno del Distrito Federal, \u00a0los manifestantes en la capital, podr\u00edan convertirse en un problema \u00a0en su carrera pol\u00edtica y m\u00e1s cuando \u00e9l calcula llevarla incluso hasta los confines de la Presidencia.<\/p>\n<p>A Mancera en realidad no le importa la pol\u00edtica asistencialista de ayuda a corto plazo; a \u00e9l lo que le interesa es su proyecto, para lo cual cuadricula toda la asistencia con decenas de \u201cprogramas\u201d con la finalidad de cosechar. \u00a0El proyecto que lo catapultar\u00e1 a las verdaderas grandes ligas de la pol\u00edtica, es la reforma pol\u00edtica del DF.<\/p>\n<p>Sin embargo, la semana anterior Mancera demostr\u00f3 que el tener al interior de la demarcaci\u00f3n que gobierna la presencia f\u00edsica de los tres Poderes de la Uni\u00f3n frente a los grandes retos y demandas nacionales, le hacen depender enormemente del Ejecutivo.<\/p>\n<p>Las manifestaciones capitalinas de los maestros, no s\u00f3lo ponen en jaque varios proyectos al grado de que muchos nos preguntamos con qui\u00e9nes est\u00e1n los amarres pol\u00edticos.<\/p>\n<p>Es sorprendente como cada sexenio, la pol\u00edtica nacional se entorpece por cuestiones hist\u00f3ricas que nadie puede resolver, quiz\u00e1 porque piensen que se generan de un d\u00eda para otro y pueden disolverse.<\/p>\n<p>No s\u00f3lo Pe\u00f1a Nieto tiene que resolver la estad\u00eda de los maestros en la capital, Mancera es el gobernante de la misma, deber\u00e1 haber coordinaci\u00f3n.<\/p>\n<p><b><i>Acta Divina\u2026<\/i><\/b>Miguel \u00c1ngel Mancera, jefe del Gobierno del DF,\u00a0 ha pedido apoyo al Congreso\u00a0 para que lo apoyen en la reforma pol\u00edtica local.<\/p>\n<p><strong><em>Para advertir\u2026<\/em><\/strong> Por si alguien dudaba que Estados Unidos se sigue manejando como la Polic\u00eda del mundo.<\/p>\n<p><em><a href=\"mailto:actapublica@gmail.com\" target=\"_blank\">actapublica@gmail.com<\/a><\/em><\/p>\n","protected":false},"excerpt":{"rendered":"<p><span style=\"color: #005497;\"><strong>Claudia Rodr\u00edguez<\/strong><\/span><\/p>\n","protected":false},"author":3,"featured_media":0,"comment_status":"open","ping_status":"open","sticky":false,"template":"","format":"standard","meta":{"_monsterinsights_skip_tracking":false,"_monsterinsights_sitenote_active":false,"_monsterinsights_sitenote_note":"","_monsterinsights_sitenote_category":0,"footnotes":""},"categories":[1281],"tags":[7473,43674],"class_list":["post-145494","post","type-post","status-publish","format-standard","hentry","category-claudia-rodriguez","tag-cnte","tag-opinion"],"_links":{"self":[{"href":"https:\/\/www.diarioimagen.net\/index.php?rest_route=\/wp\/v2\/posts\/145494","targetHints":{"allow":["GET"]}}],"collection":[{"href":"https:\/\/www.diarioimagen.net\/index.php?rest_route=\/wp\/v2\/posts"}],"about":[{"href":"https:\/\/www.diarioimagen.net\/index.php?rest_route=\/wp\/v2\/types\/post"}],"author":[{"embeddable":true,"href":"https:\/\/www.diarioimagen.net\/index.php?rest_route=\/wp\/v2\/users\/3"}],"replies":[{"embeddable":true,"href":"https:\/\/www.diarioimagen.net\/index.php?rest_route=%2Fwp%2Fv2%2Fcomments&post=145494"}],"version-history":[{"count":0,"href":"https:\/\/www.diarioimagen.net\/index.php?rest_route=\/wp\/v2\/posts\/145494\/revisions"}],"wp:attachment":[{"href":"https:\/\/www.diarioimagen.net\/index.php?rest_route=%2Fwp%2Fv2%2Fmedia&parent=145494"}],"wp:term":[{"taxonomy":"category","embeddable":true,"href":"https:\/\/www.diarioimagen.net\/index.php?rest_route=%2Fwp%2Fv2%2Fcategories&post=145494"},{"taxonomy":"post_tag","embeddable":true,"href":"https:\/\/www.diarioimagen.net\/index.php?rest_route=%2Fwp%2Fv2%2Ftags&post=145494"}],"curies":[{"name":"wp","href":"https:\/\/api.w.org\/{rel}","templated":true}]}}