{"id":145496,"date":"2013-08-29T00:01:44","date_gmt":"2013-08-29T05:01:44","guid":{"rendered":"http:\/\/www.diarioimagen.net\/?p=145496"},"modified":"2013-08-30T03:02:56","modified_gmt":"2013-08-30T08:02:56","slug":"de-entrada-por-salida","status":"publish","type":"post","link":"https:\/\/www.diarioimagen.net\/?p=145496","title":{"rendered":"De entrada por salida"},"content":{"rendered":"<h2>Pol\u00edtica Spot<\/h2>\n<h5>Juan Manuel Maga\u00f1a<\/h5>\n<p><span><br \/>\nCon el tiempo ganado, la CNTE hace pol\u00edtica. Abarca el espacio y aprieta.<\/span><\/p>\n<p>A Los Pinos fue, entr\u00f3 y sali\u00f3. No obtuvo nada, pues su demanda era que se incorporaran a la mesa de negociaciones los secretarios de Gobernaci\u00f3n, Miguel \u00c1ngel Osorio Chong, y de Educaci\u00f3n, Emilio Chuayffet.<\/p>\n<p>Para qu\u00e9, si el foco de lo que pudieran cambiar est\u00e1 en el Congreso. Pero hicieron pol\u00edtica, una megamarcha. Aunque tambi\u00e9n Los Pinos hizo pol\u00edtica con ellos: sent\u00f3 el precedente de abrirles la puerta y o\u00edrles.<\/p>\n<p>Que no se diga que no.<\/p>\n<p>Todos hacen pol\u00edtica. Emilio Gamboa Patr\u00f3n acusa a los maestros de que insisten en no presentar por escrito y de manera concreta sus propuestas al Congreso.<\/p>\n<p>Se queja de que llegan los mentores con 20 discursos que se tienen que chutar.<\/p>\n<p>Y m\u00e1s tarde se sabe que maestros y legisladores vuelven, otra vez, a reunirse para apenas establecer una agenda de discusi\u00f3n sobre la reforma educativa.<\/p>\n<p>Una agenda de discusi\u00f3n. Punto por punto, paso por paso. \u00bfEs as\u00ed de lento el asunto? \u00bfEs as\u00ed de dif\u00edcil el di\u00e1logo y la negociaci\u00f3n en este pa\u00eds?<\/p>\n<p>\u00bfY del contenido cu\u00e1ndo van a hablar? \u00bfLuego de la cent\u00e9sima marcha?<\/p>\n<p>Otro d\u00eda vac\u00edo de resultados, pero con la presi\u00f3n al alza.<\/p>\n<p>El presidente Enrique Pe\u00f1a Nieto les advierte que est\u00e1n abiertos los espacios de di\u00e1logo y acuerdo, \u201cpero sin ceder el esp\u00edritu que alent\u00f3 a la reforma educativa\u201d. Y los maestros anuncian a quien quiera y pueda o\u00edrlos que no se retirar\u00e1n de la ciudad de M\u00e9xico y no regresar\u00e1n a las aulas a iniciar el ciclo escolar.<\/p>\n<p>Es m\u00e1s, llaman a organizaciones civiles, sindicatos, padres de familia y estudiantes a un \u201cparo c\u00edvico nacional\u201d para no aceptar las reformas educativa, energ\u00e9tica, fiscal y pol\u00edtica.<\/p>\n<p>Y volvieron a mostrar el m\u00fasculo. Cuando el frente de su marcha hacia Los Pinos lleg\u00f3 a la avenida Parque Lira, la retaguardia apenas abandonaba la Alameda Central.\u00a0 Y ya se les junt\u00f3 el SME, con14 carpas, en el plant\u00f3n del Z\u00f3calo.<\/p>\n<p>Ya hasta se pas\u00f3 al siguiente episodio, m\u00e1s all\u00e1 del s\u00e1bado cuando comience la primera marcha contra la reforma energ\u00e9tica, la otra reforma.<\/p>\n<p>Ya se anticipa la escena del d\u00eda 1 de septiembre, d\u00eda del informe de gobierno.<\/p>\n<p>Ante las movilizaciones de la CNTE, se reforz\u00f3 la seguridad en el Palacio Legislativo de San L\u00e1zaro, donde el domingo inicia el periodo ordinario de sesiones del Congreso. La Polic\u00eda Federal y los Granaderos y la Polic\u00eda Montada y los de la Polic\u00eda Bancaria e Industrial resguardan ya todos los accesos a las instalaciones.<\/p>\n<p>Y mientras el GDF tambi\u00e9n hace pol\u00edtica. El secretario de Gobierno, H\u00e9ctor Serrano advirti\u00f3 que de ser necesario actuar\u00e1n \u201ccon contundencia\u201d ante las manifestaciones de la CNTE.<\/p>\n<p>Y as\u00ed pas\u00f3 un d\u00eda m\u00e1s. No se resolvi\u00f3 nada. Pero no hubo violencia.<\/p>\n<p><em><a href=\"mailto: maganapalace@yahoo.com.mx\" target=\"_blank\">maganapalace@yahoo.com.mx<\/a><\/em><\/p>\n","protected":false},"excerpt":{"rendered":"<p><span style=\"color: #005497;\"><strong>Juan Manuel Maga\u00f1a<\/strong><\/span><\/p>\n","protected":false},"author":3,"featured_media":0,"comment_status":"open","ping_status":"open","sticky":false,"template":"","format":"standard","meta":{"_monsterinsights_skip_tracking":false,"_monsterinsights_sitenote_active":false,"_monsterinsights_sitenote_note":"","_monsterinsights_sitenote_category":0,"footnotes":""},"categories":[22905],"tags":[7473,43709,3676,22904],"class_list":["post-145496","post","type-post","status-publish","format-standard","hentry","category-juan-manuel-magana","tag-cnte","tag-juan-manuel-magana","tag-miguel-angel-osorio-chong","tag-politica-spot"],"_links":{"self":[{"href":"https:\/\/www.diarioimagen.net\/index.php?rest_route=\/wp\/v2\/posts\/145496","targetHints":{"allow":["GET"]}}],"collection":[{"href":"https:\/\/www.diarioimagen.net\/index.php?rest_route=\/wp\/v2\/posts"}],"about":[{"href":"https:\/\/www.diarioimagen.net\/index.php?rest_route=\/wp\/v2\/types\/post"}],"author":[{"embeddable":true,"href":"https:\/\/www.diarioimagen.net\/index.php?rest_route=\/wp\/v2\/users\/3"}],"replies":[{"embeddable":true,"href":"https:\/\/www.diarioimagen.net\/index.php?rest_route=%2Fwp%2Fv2%2Fcomments&post=145496"}],"version-history":[{"count":0,"href":"https:\/\/www.diarioimagen.net\/index.php?rest_route=\/wp\/v2\/posts\/145496\/revisions"}],"wp:attachment":[{"href":"https:\/\/www.diarioimagen.net\/index.php?rest_route=%2Fwp%2Fv2%2Fmedia&parent=145496"}],"wp:term":[{"taxonomy":"category","embeddable":true,"href":"https:\/\/www.diarioimagen.net\/index.php?rest_route=%2Fwp%2Fv2%2Fcategories&post=145496"},{"taxonomy":"post_tag","embeddable":true,"href":"https:\/\/www.diarioimagen.net\/index.php?rest_route=%2Fwp%2Fv2%2Ftags&post=145496"}],"curies":[{"name":"wp","href":"https:\/\/api.w.org\/{rel}","templated":true}]}}