{"id":145502,"date":"2013-08-29T00:05:21","date_gmt":"2013-08-29T05:05:21","guid":{"rendered":"http:\/\/www.diarioimagen.net\/?p=145502"},"modified":"2013-09-01T05:03:31","modified_gmt":"2013-09-01T10:03:31","slug":"comision-de-cnte-entro-y-salio-de-los-pinos","status":"publish","type":"post","link":"https:\/\/www.diarioimagen.net\/?p=145502","title":{"rendered":"Comisi\u00f3n de CNTE entr\u00f3 y sali\u00f3 de Los Pinos"},"content":{"rendered":"<ul>\n<li><strong><em>Ya resguarda la polic\u00eda el Palacio Legislativo; habr\u00e1 \u201ccontundencia\u201d de ser necesario: gobierno capitalino<\/em><\/strong><\/li>\n<\/ul>\n<div id=\"attachment_145531\" style=\"width: 250px\" class=\"wp-caption alignleft\"><a href=\"http:\/\/www.diarioimagen.net\/wp-content\/uploads\/2013\/08\/CNTE-2174.jpg\"><img loading=\"lazy\" decoding=\"async\" aria-describedby=\"caption-attachment-145531\" class=\"size-medium wp-image-145531\" alt=\"Una comisi\u00f3n de dirigentes de la Coordinadora fue recibida en la residencia oficial de Los Pinos por un funcionario.\" src=\"http:\/\/www.diarioimagen.net\/wp-content\/uploads\/2013\/08\/CNTE-2174-240x135.jpg\" width=\"240\" height=\"135\" srcset=\"https:\/\/www.diarioimagen.net\/wp-content\/uploads\/2013\/08\/CNTE-2174-240x135.jpg 240w, https:\/\/www.diarioimagen.net\/wp-content\/uploads\/2013\/08\/CNTE-2174-420x236.jpg 420w, https:\/\/www.diarioimagen.net\/wp-content\/uploads\/2013\/08\/CNTE-2174-235x132.jpg 235w, https:\/\/www.diarioimagen.net\/wp-content\/uploads\/2013\/08\/CNTE-2174-202x114.jpg 202w, https:\/\/www.diarioimagen.net\/wp-content\/uploads\/2013\/08\/CNTE-2174-350x196.jpg 350w, https:\/\/www.diarioimagen.net\/wp-content\/uploads\/2013\/08\/CNTE-2174-220x123.jpg 220w, https:\/\/www.diarioimagen.net\/wp-content\/uploads\/2013\/08\/CNTE-2174-237x132.jpg 237w, https:\/\/www.diarioimagen.net\/wp-content\/uploads\/2013\/08\/CNTE-2174.jpg 480w\" sizes=\"auto, (max-width: 240px) 100vw, 240px\" \/><\/a><p id=\"caption-attachment-145531\" class=\"wp-caption-text\">Una comisi\u00f3n de dirigentes de la Coordinadora fue recibida en la residencia oficial de Los Pinos por un funcionario.<\/p><\/div>\n<p>Al salir de Los Pinos, la comisi\u00f3n de maestros disidentes advirti\u00f3 que hubo una cerraz\u00f3n del Poder Ejecutivo a su demanda de que se incorporen a la mesa de negociaciones los secretarios de Gobernaci\u00f3n, Miguel \u00c1ngel Osorio Chong, y de Educaci\u00f3n, Emilio Chuayffet.<\/p>\n<p>Por ello,\u00a0 el dirigente de la secci\u00f3n 22 de Oaxaca, Rub\u00e9n N\u00fa\u00f1ez Gin\u00e9s, advirti\u00f3 que los maestros no se retirar\u00e1n de la Ciudad de M\u00e9xico y no regresar\u00e1n las aulas a iniciar el ciclo escolar. Incluso convoc\u00f3 a organizaciones civiles, sindicatos, padres de familia y estudiantes a un \u201cparo c\u00edvico nacional\u201d para no aceptar las reformas educativa, energ\u00e9tica, fiscal y pol\u00edtica.<\/p>\n<p>El docente oaxaque\u00f1o advirti\u00f3 que en la movilizaci\u00f3n de ayer del Z\u00f3calo hacia Los Pinos participaron \u201cm\u00e1s de 50 mil maestros\u201d, mientras que \u201cotros 80 mil\u201d se manifestaron en las distintas plazas del pa\u00eds, lo que da muestra \u201cde nuestra contundencia\u201d.<\/p>\n<p>En su turno, el l\u00edder de la secci\u00f3n 18 de Michoac\u00e1n, Juan Jos\u00e9 Ortega Madrigal, pidi\u00f3 a los habitantes del DF entender sus movilizaciones y responsabiliz\u00f3 al gobierno federal de arrebatar el derecho a la educaci\u00f3n. Manifest\u00f3 que el movimiento magisterial se articula con otras fuerzas y sectores movilizados en torno a luchas comunes como es la educaci\u00f3n p\u00fablica y la defensa de los energ\u00e9ticos.<\/p>\n<p>Tambi\u00e9n subray\u00f3 que los maestros han transitado por una ruta civil y pac\u00edfica y recalc\u00f3 que sus demandas consisten en la defensa de sus derechos laborales, de la educaci\u00f3n p\u00fablica, laica y gratuita y de la democratizaci\u00f3n del sindicato magisterial.<\/p>\n<p>Integrantes de la Coordinadora Nacional de Trabajadores de la Educaci\u00f3n (CNTE), llegaron\u00a0 del Z\u00f3calo, donde mantienen un plant\u00f3n, a las inmediaciones del Palacio de Bellas Artes, donde iniciaron su marcha hacia la Residencia Oficial de Los Pinos. Marcharon por la Avenida Ju\u00e1rez y Paseo de la Reforma hasta la Calzada Chivatito, lo que oblig\u00f3 a m\u00faltiples cortes a la circulaci\u00f3n vehicular. Cuando el frente de la marcha lleg\u00f3 a la avenida Parque Lira, la retaguardia apenas abandonaba la Alameda Central.<\/p>\n<p>Luego del arribo de miles de maestros a las inmediaciones de Los Pinos, una comisi\u00f3n fue recibida en dicha residencia, integrada por los secretarios generales de secci\u00f3n Juan Jos\u00e9 Ortega Madrigal, Rub\u00e9n N\u00fa\u00f1ez Gin\u00e9s y Francisco Bravo, y representantes de Morelos, Puebla, Chiapas, Veracruz, entre otros estados.<\/p>\n<p>Antes de ingresar, Francisco Villalobos, secretario de organizaci\u00f3n de la secci\u00f3n 22 de Oaxaca, asegur\u00f3 que la \u00fanica alternativa que le han dejado a los docentes para ser tomados en cuenta es la manifestaci\u00f3n en las calles, por lo que rechaz\u00f3 que cualquier instituci\u00f3n se pronuncie por el uso de la fuerza para \u201creprimir a los maestros\u201d. Demand\u00f3 un \u201cdi\u00e1logo verdadero no s\u00f3lo para escucharnos, sino para que nuestras propuestas tambi\u00e9n sean tomadas en cuenta\u201d.<\/p>\n<p align=\"center\"><b>Analizamos cancelar negociaciones: Gamboa<\/b><\/p>\n<p>Durante el mediod\u00eda, el coordinador de senadores del PRI, Emilio Gamboa Patr\u00f3n, advirti\u00f3 que su grupo valora la posibilidad de cancelar las negociaciones con los integrantes de la CNTE, ya que los maestros insisten en no presentar por escrito y de manera concreta sus propuestas en torno a la ley del servicio profesional docente.<\/p>\n<p>Dijo que el PRI est\u00e1 en la postura de que si el magisterio disidente no presenta a la brevedad alguna propuesta, van a aprobar a la brevedad la La ley del servicio profesional docente, tercera ley reglamentaria que falta por votar en el Congreso.<\/p>\n<p>\u201cse va a aprobar, mucho muy r\u00e1pido, m\u00e1s r\u00e1pido de lo que ustedes creen\u201d, amenaz\u00f3 al quejarse de que durante la reuni\u00f3n que se llev\u00f3 acabo la noche anterior, en un sal\u00f3n de un hotel de Polanco, los maestros no presentaron nada<\/p>\n<p>Por su parte, el coordinador de diputados del PRD, Silvano Aureoles, reconoci\u00f3 que se est\u00e1n rebasando los limites con las manifestaciones de los maestros, por lo que llam\u00f3 a las autoridades a actuar sin reprimir. Pero dijo no estar de acuerdo en que se cancele el di\u00e1logo, pues tiene que \u201cdejarse esa puerta abierta\u201d.<\/p>\n<p>Ante las movilizaciones de la CNTE, se reforz\u00f3 la seguridad en el Palacio Legislativo de San L\u00e1zaro, donde el domingo 1 de septiembre inicia el periodo ordinario de sesiones del Congreso y se entrega el Primer Informe de Gobierno del Presidente Enrique Pe\u00f1a Nieto. La Polic\u00eda Federal y polic\u00edas preventivos del DF del agrupamiento de Granaderos y de la Polic\u00eda Montada, as\u00ed como agentes de la Polic\u00eda Bancaria e Industrial (PBI) resguardan ya todos los accesos a las instalaciones.<\/p>\n<p>Sobre el tema, el secretario de Gobierno capitalino, H\u00e9ctor Serrano afirm\u00f3 que se van a dar la garant\u00edas necesarias para que los diputados y senadores puedan llevar a cabo sus actividades legislativas, por lo que de ser necesario actuar\u00e1n \u201ccon contundencia\u201d ante las manifestaciones de la CNTE.<\/p>\n<p>Un contingente del Sindicato Mexicano de Electricistas arrib\u00f3 al Z\u00f3calo capitalino, donde se sumar\u00e1n al plant\u00f3n que mantienen los integrantes de la Coordinadora Nacional de Trabajadores de la Educaci\u00f3n<\/p>\n<p>Por la tarde, integrantes del Sindicato Mexicano de Electricistas realizaron una marcha del Monumento a la Revoluci\u00f3n al Z\u00f3calo capitalino, donde el l\u00edder Mart\u00edn Esparza dijo que se sumar\u00e1n al plant\u00f3n instalado por la CNTE con al menos 14 carpas. M\u00e1s tarde, maestros y legisladores volvieron a reunirse para establecer una agenda de discusi\u00f3n sobre la reforma educativa.<b><\/b><\/p>\n<p>&nbsp;<\/p>\n","protected":false},"excerpt":{"rendered":"<p>Al salir de Los Pinos, la comisi\u00f3n de maestros disidentes advirti\u00f3 que hubo una cerraz\u00f3n del Poder Ejecutivo a su demanda de que se incorporen a la mesa de negociaciones los secretarios de Gobernaci\u00f3n, Miguel \u00c1ngel Osorio Chong, y de Educaci\u00f3n, Emilio Chuayffet.<\/p>\n","protected":false},"author":3,"featured_media":145531,"comment_status":"open","ping_status":"open","sticky":false,"template":"","format":"standard","meta":{"_monsterinsights_skip_tracking":false,"_monsterinsights_sitenote_active":false,"_monsterinsights_sitenote_note":"","_monsterinsights_sitenote_category":0,"footnotes":""},"categories":[3],"tags":[7473,3183,1546,3676,459],"class_list":["post-145502","post","type-post","status-publish","format-standard","has-post-thumbnail","hentry","category-nacional","tag-cnte","tag-emilio-chuayffet-chemor","tag-los-pinos","tag-miguel-angel-osorio-chong","tag-sep"],"_links":{"self":[{"href":"https:\/\/www.diarioimagen.net\/index.php?rest_route=\/wp\/v2\/posts\/145502","targetHints":{"allow":["GET"]}}],"collection":[{"href":"https:\/\/www.diarioimagen.net\/index.php?rest_route=\/wp\/v2\/posts"}],"about":[{"href":"https:\/\/www.diarioimagen.net\/index.php?rest_route=\/wp\/v2\/types\/post"}],"author":[{"embeddable":true,"href":"https:\/\/www.diarioimagen.net\/index.php?rest_route=\/wp\/v2\/users\/3"}],"replies":[{"embeddable":true,"href":"https:\/\/www.diarioimagen.net\/index.php?rest_route=%2Fwp%2Fv2%2Fcomments&post=145502"}],"version-history":[{"count":0,"href":"https:\/\/www.diarioimagen.net\/index.php?rest_route=\/wp\/v2\/posts\/145502\/revisions"}],"wp:featuredmedia":[{"embeddable":true,"href":"https:\/\/www.diarioimagen.net\/index.php?rest_route=\/wp\/v2\/media\/145531"}],"wp:attachment":[{"href":"https:\/\/www.diarioimagen.net\/index.php?rest_route=%2Fwp%2Fv2%2Fmedia&parent=145502"}],"wp:term":[{"taxonomy":"category","embeddable":true,"href":"https:\/\/www.diarioimagen.net\/index.php?rest_route=%2Fwp%2Fv2%2Fcategories&post=145502"},{"taxonomy":"post_tag","embeddable":true,"href":"https:\/\/www.diarioimagen.net\/index.php?rest_route=%2Fwp%2Fv2%2Ftags&post=145502"}],"curies":[{"name":"wp","href":"https:\/\/api.w.org\/{rel}","templated":true}]}}