{"id":145631,"date":"2013-08-30T00:03:08","date_gmt":"2013-08-30T05:03:08","guid":{"rendered":"http:\/\/www.diarioimagen.net\/?p=145631"},"modified":"2013-09-02T01:31:25","modified_gmt":"2013-09-02T06:31:25","slug":"el-mensaje-del-informe","status":"publish","type":"post","link":"https:\/\/www.diarioimagen.net\/?p=145631","title":{"rendered":"El mensaje del informe"},"content":{"rendered":"<h2>Detr\u00e1s del Poder<\/h2>\n<h5>Jos\u00e9 Antonio L\u00f3pez Sosa<\/h5>\n<p><span><br \/>\nLas administraciones del Partido Acci\u00f3n Nacional (PAN), terminaron con el D\u00eda del Presidente, aquel legendario 1 de septiembre donde el presidente de la Rep\u00fablica se celebraba a \u00e9l mismo a trav\u00e9s de una oficial\u00eda de partes representada por el Congreso de la Uni\u00f3n.<\/span><\/p>\n<p>Tal vez desde la administraci\u00f3n de Miguel de la Madrid Hurtado los informes presidenciales comenzaron a complicarse y a ser fuentes de verdaderos cuestionamientos.<\/p>\n<p>Las administraciones panistas terminaron con ambas cosas, el D\u00eda del Presidente y la oportunidad de que los legisladores cuestionaran al jefe del Ejecutivo.<\/p>\n<p>Cuando en medio de una crisis pol\u00edtica se le impidi\u00f3 el acceso a Vicente Fox a rendir su informe en el Palacio Legislativo de San L\u00e1zaro, decidieron cambiar la ley y desde entonces, el informe se entrega s\u00f3lo por escrito.<\/p>\n<p>De nueva cuenta revivieron el d\u00eda del presidente pero ahora en una forma m\u00e1s aberrante: a trav\u00e9s de un mensaje aplaudido entre cuates y donde ni siquiera es invitado alguien que pudiera pensar distinto.<\/p>\n<p>As\u00ed fueron los mensajes de cada informe de gobierno de Felipe Calder\u00f3n, entre aplausos incondicionales, donde los asistentes le festejaban hasta los m\u00e1s torpes errores en su presidencia.<\/p>\n<p>Con el regreso del PRI se abri\u00f3 una esperanza de volver a ver al presidente en turno a\u00f1o con a\u00f1o informando a la naci\u00f3n desde el Congreso, escuchando y respondiendo a los legisladores en un ejercicio democr\u00e1tico que tanto necesita nuestro pa\u00eds, pero no fue as\u00ed, de nueva cuenta el presidente en turno \u2014ahora Enrique Pe\u00f1a Nieto\u2014 enviar\u00e1 un mensaje a los mexicanos.<\/p>\n<p>\u00bfHacia d\u00f3nde va la democracia mexicana con estos hechos?, \u00bfcu\u00e1ndo habr\u00e1 de nuevo una sana y necesaria discusi\u00f3n entre el Ejecutivo y el Legislativo?, \u00bfcu\u00e1ndo podremos ver un ejercicio democr\u00e1tico de esas caracter\u00edsticas?<\/p>\n<p>Por ahora nos queda solo leer lo que tenga a bien el presidente Pe\u00f1a mandar al Congreso y por otro lado, escuchar su mensaje donde nadie lo cuestionar\u00e1.<\/p>\n<p><em><a href=\"mailto:lopez.sosa@mexico.com\" target=\"_blank\">lopez.sosa@mexico.com<\/a><\/em><br \/>\n<em><a href=\"http:\/\/twitter.com\/#%21\/joseantonio1977\" target=\"_blank\">@joseantonio1977<br \/>\n<\/a><\/em><em><a href=\"http:\/\/www.formulaconfidencial.com.mx\/\" target=\"_blank\">www.formulaconfidencial.com.mx<\/a><\/em><\/p>\n","protected":false},"excerpt":{"rendered":"<p><span style=\"color: #005497;\"><strong>Jos\u00e9 Antonio L\u00f3pez Sosa<\/strong><\/span><\/p>\n","protected":false},"author":3,"featured_media":0,"comment_status":"open","ping_status":"open","sticky":false,"template":"","format":"standard","meta":{"_monsterinsights_skip_tracking":false,"_monsterinsights_sitenote_active":false,"_monsterinsights_sitenote_note":"","_monsterinsights_sitenote_category":0,"footnotes":""},"categories":[637],"tags":[638,18,43690,6410,43674,91,982],"class_list":["post-145631","post","type-post","status-publish","format-standard","hentry","category-jose-antonio-lopez-sosa","tag-detras-del-poder","tag-enrique-pena-nieto","tag-jose-antonio-lopez-sosa","tag-miguel-de-la-madrid-hurtado","tag-opinion","tag-pan","tag-partido-accion-nacional"],"_links":{"self":[{"href":"https:\/\/www.diarioimagen.net\/index.php?rest_route=\/wp\/v2\/posts\/145631","targetHints":{"allow":["GET"]}}],"collection":[{"href":"https:\/\/www.diarioimagen.net\/index.php?rest_route=\/wp\/v2\/posts"}],"about":[{"href":"https:\/\/www.diarioimagen.net\/index.php?rest_route=\/wp\/v2\/types\/post"}],"author":[{"embeddable":true,"href":"https:\/\/www.diarioimagen.net\/index.php?rest_route=\/wp\/v2\/users\/3"}],"replies":[{"embeddable":true,"href":"https:\/\/www.diarioimagen.net\/index.php?rest_route=%2Fwp%2Fv2%2Fcomments&post=145631"}],"version-history":[{"count":0,"href":"https:\/\/www.diarioimagen.net\/index.php?rest_route=\/wp\/v2\/posts\/145631\/revisions"}],"wp:attachment":[{"href":"https:\/\/www.diarioimagen.net\/index.php?rest_route=%2Fwp%2Fv2%2Fmedia&parent=145631"}],"wp:term":[{"taxonomy":"category","embeddable":true,"href":"https:\/\/www.diarioimagen.net\/index.php?rest_route=%2Fwp%2Fv2%2Fcategories&post=145631"},{"taxonomy":"post_tag","embeddable":true,"href":"https:\/\/www.diarioimagen.net\/index.php?rest_route=%2Fwp%2Fv2%2Ftags&post=145631"}],"curies":[{"name":"wp","href":"https:\/\/api.w.org\/{rel}","templated":true}]}}