{"id":145656,"date":"2013-08-30T00:02:22","date_gmt":"2013-08-30T05:02:22","guid":{"rendered":"http:\/\/www.diarioimagen.net\/?p=145656"},"modified":"2013-09-01T05:04:16","modified_gmt":"2013-09-01T10:04:16","slug":"ligan-al-m10-con-al-menos-350-asesinatos","status":"publish","type":"post","link":"https:\/\/www.diarioimagen.net\/?p=145656","title":{"rendered":"Ligan al \u201cM10\u201d con al menos 350 asesinatos"},"content":{"rendered":"<ul>\n<li><strong><em>Es uno de los 122 delincuentes m\u00e1s buscados en M\u00e9xico y responsable de la violencia en Chihuahua y Durango<\/em><\/strong><\/li>\n<\/ul>\n<div id=\"attachment_145670\" style=\"width: 250px\" class=\"wp-caption alignleft\"><a href=\"http:\/\/www.diarioimagen.net\/wp-content\/uploads\/2013\/08\/M10-2175.jpg\"><img loading=\"lazy\" decoding=\"async\" aria-describedby=\"caption-attachment-145670\" class=\"size-medium wp-image-145670\" alt=\"Eduardo S\u00e1nchez Hern\u00e1ndez, vocero del Gabinete de Seguridad, anunci\u00f3 la detenci\u00f3n del peligroso delincuente.\" src=\"http:\/\/www.diarioimagen.net\/wp-content\/uploads\/2013\/08\/M10-2175-240x135.jpg\" width=\"240\" height=\"135\" srcset=\"https:\/\/www.diarioimagen.net\/wp-content\/uploads\/2013\/08\/M10-2175-240x135.jpg 240w, https:\/\/www.diarioimagen.net\/wp-content\/uploads\/2013\/08\/M10-2175-420x236.jpg 420w, https:\/\/www.diarioimagen.net\/wp-content\/uploads\/2013\/08\/M10-2175-235x132.jpg 235w, https:\/\/www.diarioimagen.net\/wp-content\/uploads\/2013\/08\/M10-2175-202x114.jpg 202w, https:\/\/www.diarioimagen.net\/wp-content\/uploads\/2013\/08\/M10-2175-350x196.jpg 350w, https:\/\/www.diarioimagen.net\/wp-content\/uploads\/2013\/08\/M10-2175-220x123.jpg 220w, https:\/\/www.diarioimagen.net\/wp-content\/uploads\/2013\/08\/M10-2175-237x132.jpg 237w, https:\/\/www.diarioimagen.net\/wp-content\/uploads\/2013\/08\/M10-2175.jpg 480w\" sizes=\"auto, (max-width: 240px) 100vw, 240px\" \/><\/a><p id=\"caption-attachment-145670\" class=\"wp-caption-text\">Eduardo S\u00e1nchez Hern\u00e1ndez, vocero del Gabinete de Seguridad, anunci\u00f3 la detenci\u00f3n del peligroso delincuente.<\/p><\/div>\n<p>Mario N\u00fa\u00f1ez Meza, conocido como el \u201cM10\u201d, es presunto responsable de por lo menos 350 asesinatos, afirm\u00f3 ayer en conferencia de prensa el vocero del Gabinete de Seguridad del gobierno federal, Eduardo S\u00e1nchez Hern\u00e1ndez.<\/p>\n<p>El funcionario confirm\u00f3 que el delincuente, muy cercano a Joaqu\u00edn \u201cEl Chapo\u201d Guzm\u00e1n, fue detenido la madrugada del mi\u00e9rcoles en Chihuahua por agentes de la Polic\u00eda \u00danica Estatal y elementos de la Procuradur\u00eda General de la Rep\u00fablica (PGR).<\/p>\n<p>N\u00fa\u00f1ez Meza, quien ya se encuentra a disposici\u00f3n de la Subprocuradur\u00eda Especializada en Investigaci\u00f3n de Delincuencia Organizada (SEIDO), es uno de los 122 sujetos m\u00e1s buscados por el gobierno de la Rep\u00fablica y responsable de buena parte de la violencia en los estados de Chihuahua y Durango.<\/p>\n<p>El tambi\u00e9n subsecretario de Normatividad y Medios de la Secretar\u00eda de Gobernaci\u00f3n detall\u00f3 que tambi\u00e9n se le considera responsable del asesinato de 23 personas, cuyos cuerpos fueron encontrados en una fosa clandestina de Durango, as\u00ed como de dos agentes del Ministerio P\u00fablico de esta entidad y tres agentes antisecuestros.<\/p>\n<p>A Mario N\u00fa\u00f1ez se le aseguraron una subametralladora calibre nueve mil\u00edmetros, un cargador, 15 cartuchos, una computadora port\u00e1til y cuatro tel\u00e9fonos m\u00f3viles.<\/p>\n<p>Por su relaci\u00f3n con al menos 30 averiguaciones previas y carpetas de investigaci\u00f3n, N\u00fa\u00f1ez Meza podr\u00eda ser condenado hasta a 40 a\u00f1os de prisi\u00f3n, agreg\u00f3 el funcionario.<\/p>\n<p>\u201cEs probable responsable de actos delictivos como secuestro, homicidio, delincuencia organizada, delitos contra la salud, lavado de dinero y otros m\u00e1s\u201d, dijo Eduardo S\u00e1nchez.<\/p>\n<p>La captura del peligroso delincuente se realiz\u00f3 gracias a una denuncia ciudadana e informaci\u00f3n de inteligencia obtenida por diversas corporaciones de seguridad federales y detall\u00f3 que la detenci\u00f3n se dio sin oposici\u00f3n por parte del asegurado y sin un solo disparo. Al \u201cM10\u201d le aseguraron una subametralladora calibre 9 mil\u00edmetros, un cargador, 15 cartuchos \u00fatiles, una computadora port\u00e1til y cuatro tel\u00e9fonos m\u00f3viles.<\/p>\n<p>&nbsp;<\/p>\n","protected":false},"excerpt":{"rendered":"<p>Mario N\u00fa\u00f1ez Meza, conocido como el \u201cM10\u201d, es presunto responsable de por lo menos 350 asesinatos, afirm\u00f3 ayer en conferencia de prensa el vocero del Gabinete de Seguridad del gobierno federal, Eduardo S\u00e1nchez Hern\u00e1ndez.<\/p>\n","protected":false},"author":3,"featured_media":145670,"comment_status":"open","ping_status":"open","sticky":false,"template":"","format":"standard","meta":{"_monsterinsights_skip_tracking":false,"_monsterinsights_sitenote_active":false,"_monsterinsights_sitenote_note":"","_monsterinsights_sitenote_category":0,"footnotes":""},"categories":[7],"tags":[575,1399,43673,232,43677],"class_list":["post-145656","post","type-post","status-publish","format-standard","has-post-thumbnail","hentry","category-seguridad","tag-asesinatos","tag-ministerio-publico","tag-nacional","tag-pgr","tag-seguridad"],"_links":{"self":[{"href":"https:\/\/www.diarioimagen.net\/index.php?rest_route=\/wp\/v2\/posts\/145656","targetHints":{"allow":["GET"]}}],"collection":[{"href":"https:\/\/www.diarioimagen.net\/index.php?rest_route=\/wp\/v2\/posts"}],"about":[{"href":"https:\/\/www.diarioimagen.net\/index.php?rest_route=\/wp\/v2\/types\/post"}],"author":[{"embeddable":true,"href":"https:\/\/www.diarioimagen.net\/index.php?rest_route=\/wp\/v2\/users\/3"}],"replies":[{"embeddable":true,"href":"https:\/\/www.diarioimagen.net\/index.php?rest_route=%2Fwp%2Fv2%2Fcomments&post=145656"}],"version-history":[{"count":0,"href":"https:\/\/www.diarioimagen.net\/index.php?rest_route=\/wp\/v2\/posts\/145656\/revisions"}],"wp:featuredmedia":[{"embeddable":true,"href":"https:\/\/www.diarioimagen.net\/index.php?rest_route=\/wp\/v2\/media\/145670"}],"wp:attachment":[{"href":"https:\/\/www.diarioimagen.net\/index.php?rest_route=%2Fwp%2Fv2%2Fmedia&parent=145656"}],"wp:term":[{"taxonomy":"category","embeddable":true,"href":"https:\/\/www.diarioimagen.net\/index.php?rest_route=%2Fwp%2Fv2%2Fcategories&post=145656"},{"taxonomy":"post_tag","embeddable":true,"href":"https:\/\/www.diarioimagen.net\/index.php?rest_route=%2Fwp%2Fv2%2Ftags&post=145656"}],"curies":[{"name":"wp","href":"https:\/\/api.w.org\/{rel}","templated":true}]}}